{"id":127464,"date":"2025-12-28T00:36:13","date_gmt":"2025-12-28T00:36:13","guid":{"rendered":"https:\/\/www.europesays.com\/fi\/127464\/"},"modified":"2025-12-28T00:36:13","modified_gmt":"2025-12-28T00:36:13","slug":"hannes-myrsky-27-12-lentoliikenne-palautuu-lapin-lentoasemilla","status":"publish","type":"post","link":"https:\/\/www.europesays.com\/fi\/127464\/","title":{"rendered":"Hannes-myrsky 27.12.: Lentoliikenne palautuu Lapin lentoasemilla"},"content":{"rendered":"<p>Finavian Ivalon, Kittil\u00e4n ja Rovaniemen lentoasemilla oli lauantaina 27.12.2025 lentoliikenteen rajoituksia ja keskeytyksi\u00e4 kello 16 ja 22.40 v\u00e4lisen\u00e4 aikana haastavien  s\u00e4\u00e4olosuhteiden vuoksi. Lentoliikenne k\u00e4ynnistyi uudelleen Kittil\u00e4n lentoasemalla noin kello 20.00, Ivalon lentoasemalla noin kello 21.00 ja Rovaniemen lentoasemalla noin kello 22.40. <\/p>\n<p>Mik\u00e4li lentokoneet eiv\u00e4t s\u00e4\u00e4olosuhteiden vuoksi voi laskeutua alkuper\u00e4iselle lentoasemalle, ne ohjataan muille lentoasemille tai ne palaavat l\u00e4ht\u00f6paikkaansa. T\u00e4m\u00e4 vaikuttaa my\u00f6s l\u00e4hteviin lentoihin, joten ne my\u00f6h\u00e4styv\u00e4t aikataulustaan.  <\/p>\n<p>Pyyd\u00e4mme matkustajia, vastaanottajia ja saattajia seuraamaan oman lentoyhti\u00f6n ohjeistusta. <\/p>\n<p>Toistaiseksi Hannes-myrskyll\u00e4 ei ole ollut vaikutuksia lentoliikenteeseen tai toimintaan Finavian muilla lentoasemilla. <\/p>\n<p>Etel\u00e4-Suomeen odotetaan y\u00f6n aikana voimakkaita tuulia, joiden vuoksi lentoliikennett\u00e4 saatetaan joutua hieman rajoittamaan Helsinki-Vantaalla. Y\u00f6aikaan lentoja on v\u00e4hemm\u00e4n, joten mahdollisilla rajoituksilla ei arvioida olevan merkitt\u00e4vi\u00e4 vaikutuksia lentoliikenteen sujuvuuteen tai matkustajiin.<\/p>\n<p>Finavian lentoasemille saapuvat ja l\u00e4htev\u00e4t lennot l\u00f6ytyv\u00e4t <a href=\"https:\/\/www.finavia.fi\/fi\" rel=\"nofollow noopener\" target=\"_blank\">Finavian verkkosivuilta<\/a>. Lentotiedot p\u00e4ivittyv\u00e4t normaalisti lentoyhti\u00f6iden ilmoittaessa muutoksista.<\/p>\n<p>P\u00e4ivit\u00e4mme t\u00e4t\u00e4 tiedotetta tarvittaessa.<\/p>\n<p>P\u00e4ivitetty klo 21.01: Ivalon lentoasema avautui lentoliikenteelle noin klo 21.00<br \/>P\u00e4ivitetty klo 20.28: Kittil\u00e4n lentoasemalla on k\u00e4ynnistetty lentoliikenne noin klo 20.00<br \/>P\u00e4ivitetty klo 23.00: Rovaniemen lentoasemalla lentoliikenne k\u00e4ynnistynyt noin klo 22.40 ja arvio myrskyn vaikutuksista Helsinki-Vantaan lentoasemalla<\/p>\n","protected":false},"excerpt":{"rendered":"Finavian Ivalon, Kittil\u00e4n ja Rovaniemen lentoasemilla oli lauantaina 27.12.2025 lentoliikenteen rajoituksia ja keskeytyksi\u00e4 kello 16 ja 22.40 v\u00e4lisen\u00e4&hellip;\n","protected":false},"author":2,"featured_media":127465,"comment_status":"","ping_status":"","sticky":false,"template":"","format":"standard","meta":{"footnotes":""},"categories":[5],"tags":[22,23,26,27,33,31,30,17,24,25,28,29,15,18,21,32,19,20,16],"class_list":{"0":"post-127464","1":"post","2":"type-post","3":"status-publish","4":"format-standard","5":"has-post-thumbnail","7":"category-otsikot","8":"tag-breaking-news","9":"tag-breakingnews","10":"tag-featured-news","11":"tag-featurednews","12":"tag-fi","13":"tag-finland","14":"tag-finnish","15":"tag-headlines","16":"tag-latest-news","17":"tag-latestnews","18":"tag-main-news","19":"tag-mainnews","20":"tag-news","21":"tag-otsikot","22":"tag-paauutiset","23":"tag-suomi","24":"tag-top-stories","25":"tag-topstories","26":"tag-uutiset"},"share_on_mastodon":{"url":"https:\/\/pubeurope.com\/@fi\/115794397282187868","error":""},"_links":{"self":[{"href":"https:\/\/www.europesays.com\/fi\/wp-json\/wp\/v2\/posts\/127464","targetHints":{"allow":["GET"]}}],"collection":[{"href":"https:\/\/www.europesays.com\/fi\/wp-json\/wp\/v2\/posts"}],"about":[{"href":"https:\/\/www.europesays.com\/fi\/wp-json\/wp\/v2\/types\/post"}],"author":[{"embeddable":true,"href":"https:\/\/www.europesays.com\/fi\/wp-json\/wp\/v2\/users\/2"}],"replies":[{"embeddable":true,"href":"https:\/\/www.europesays.com\/fi\/wp-json\/wp\/v2\/comments?post=127464"}],"version-history":[{"count":0,"href":"https:\/\/www.europesays.com\/fi\/wp-json\/wp\/v2\/posts\/127464\/revisions"}],"wp:featuredmedia":[{"embeddable":true,"href":"https:\/\/www.europesays.com\/fi\/wp-json\/wp\/v2\/media\/127465"}],"wp:attachment":[{"href":"https:\/\/www.europesays.com\/fi\/wp-json\/wp\/v2\/media?parent=127464"}],"wp:term":[{"taxonomy":"category","embeddable":true,"href":"https:\/\/www.europesays.com\/fi\/wp-json\/wp\/v2\/categories?post=127464"},{"taxonomy":"post_tag","embeddable":true,"href":"https:\/\/www.europesays.com\/fi\/wp-json\/wp\/v2\/tags?post=127464"}],"curies":[{"name":"wp","href":"https:\/\/api.w.org\/{rel}","templated":true}]}}