{"id":127466,"date":"2025-12-28T00:55:13","date_gmt":"2025-12-28T00:55:13","guid":{"rendered":"https:\/\/www.europesays.com\/fi\/127466\/"},"modified":"2025-12-28T00:55:13","modified_gmt":"2025-12-28T00:55:13","slug":"ulkomaalaiset-maalintekijat-kannattelivat-lukon-taas-voittoon-tarpovaa-pelicansia-vastaan-urheilu","status":"publish","type":"post","link":"https:\/\/www.europesays.com\/fi\/127466\/","title":{"rendered":"Ulkomaalaiset maalintekij\u00e4t kannattelivat Lukon taas voittoon tarpovaa Pelicansia vastaan | Urheilu"},"content":{"rendered":"<p>Lukon loistava joulukuu p\u00e4\u00e4ttyi Lahdessa Pelicansista irronneeseen 5\u20131-voittoon. Pelicans oli tovin v\u00e4hiten j\u00e4\u00e4kiekkoliigassa maaleja p\u00e4\u00e4st\u00e4nyt joukkue, mutta kun my\u00f6s perjantaina omiin meni viisi maalia, on Pelicans tilastossa nyt kakkosena (81) Tapparan (80) per\u00e4ss\u00e4.<\/p>\n<p>Lukko ker\u00e4si vuoden viimeisen kuukauden kahdeksasta pelist\u00e4 20 pinnaa, Lahdessa tehot 1+1 tehnyt Alex Beaucage osui kahdeksan kertaa. H\u00e4n on joulukuun ykk\u00f6stykki yhdess\u00e4 Tapparan Aapeli R\u00e4s\u00e4sen kanssa. Seuraavat uhkaajat ovat viidess\u00e4 maalissa.<\/p>\n<p>Raumalaisten viikonlopun seitsem\u00e4st\u00e4 osumasta kuusi oli ulkomaalaispelaajien tekemi\u00e4.<\/p>\n<p>\u2013\u2009Beaucage on mukava ukkeli kaukalon ulkopuolellakin. H\u00e4n heitt\u00e4\u00e4 hyv\u00e4\u00e4 huumoria, kopissa on muutenkin hyv\u00e4 meininki, Lukon Mikael Ruohomaa sanoi.<\/p>\n<p>\u2013\u2009T\u00e4m\u00e4 oli tasapainoinen esitys, kontrolloimme kiekolla peli\u00e4 60 minuutin ajan. Mukavaahan t\u00e4st\u00e4 on l\u00e4hte\u00e4 uudenvuoden viettoon<\/p>\n<p>Pelicansin Michal Jordan koki oudon illan. H\u00e4n kantoi kultakyp\u00e4r\u00e4\u00e4 (3+11=14) ja toimi kapteenina, koska ykk\u00f6stehoilija Elias Vil\u00e9n sek\u00e4 kippari Casimir J\u00fcrgens olivat sivussa.<\/p>\n","protected":false},"excerpt":{"rendered":"Lukon loistava joulukuu p\u00e4\u00e4ttyi Lahdessa Pelicansista irronneeseen 5\u20131-voittoon. Pelicans oli tovin v\u00e4hiten j\u00e4\u00e4kiekkoliigassa maaleja p\u00e4\u00e4st\u00e4nyt joukkue, mutta kun&hellip;\n","protected":false},"author":2,"featured_media":127467,"comment_status":"","ping_status":"","sticky":false,"template":"","format":"standard","meta":{"footnotes":""},"categories":[158],"tags":[33,31,30,1143,1801,1146,3642,159,4686,32,1145,10890,160],"class_list":{"0":"post-127466","1":"post","2":"type-post","3":"status-publish","4":"format-standard","5":"has-post-thumbnail","7":"category-urheilu","8":"tag-fi","9":"tag-finland","10":"tag-finnish","11":"tag-jaakiekko","12":"tag-lahti","13":"tag-miesten-jaakiekko","14":"tag-rauma","15":"tag-sports","16":"tag-suomen-jaakiekko","17":"tag-suomi","18":"tag-talviurheilu","19":"tag-tappara","20":"tag-urheilu"},"share_on_mastodon":{"url":"https:\/\/pubeurope.com\/@fi\/115794472059633353","error":""},"_links":{"self":[{"href":"https:\/\/www.europesays.com\/fi\/wp-json\/wp\/v2\/posts\/127466","targetHints":{"allow":["GET"]}}],"collection":[{"href":"https:\/\/www.europesays.com\/fi\/wp-json\/wp\/v2\/posts"}],"about":[{"href":"https:\/\/www.europesays.com\/fi\/wp-json\/wp\/v2\/types\/post"}],"author":[{"embeddable":true,"href":"https:\/\/www.europesays.com\/fi\/wp-json\/wp\/v2\/users\/2"}],"replies":[{"embeddable":true,"href":"https:\/\/www.europesays.com\/fi\/wp-json\/wp\/v2\/comments?post=127466"}],"version-history":[{"count":0,"href":"https:\/\/www.europesays.com\/fi\/wp-json\/wp\/v2\/posts\/127466\/revisions"}],"wp:featuredmedia":[{"embeddable":true,"href":"https:\/\/www.europesays.com\/fi\/wp-json\/wp\/v2\/media\/127467"}],"wp:attachment":[{"href":"https:\/\/www.europesays.com\/fi\/wp-json\/wp\/v2\/media?parent=127466"}],"wp:term":[{"taxonomy":"category","embeddable":true,"href":"https:\/\/www.europesays.com\/fi\/wp-json\/wp\/v2\/categories?post=127466"},{"taxonomy":"post_tag","embeddable":true,"href":"https:\/\/www.europesays.com\/fi\/wp-json\/wp\/v2\/tags?post=127466"}],"curies":[{"name":"wp","href":"https:\/\/api.w.org\/{rel}","templated":true}]}}