{"id":127469,"date":"2025-12-28T01:00:31","date_gmt":"2025-12-28T01:00:31","guid":{"rendered":"https:\/\/www.europesays.com\/fi\/127469\/"},"modified":"2025-12-28T01:00:31","modified_gmt":"2025-12-28T01:00:31","slug":"tutkija-marek-menkiszak-selittaa-vladimir-putinin-ajattelua-yrittaa-lahjoa-trumpin","status":"publish","type":"post","link":"https:\/\/www.europesays.com\/fi\/127469\/","title":{"rendered":"Tutkija Marek Menkiszak selitt\u00e4\u00e4 Vladimir Putinin ajattelua: \u201dYritt\u00e4\u00e4 lahjoa Trumpin\u201d"},"content":{"rendered":"<p>Vladimir Putinin tavoitteena on korruptoida Donald Trumpin hallinto ja ajaa Yhdysvallat pois Euroopasta, puolalainen tutkija Marek Menkiszak varoittaa. Ven\u00e4j\u00e4lt\u00e4 tulee silti my\u00f6s monia \u201dhyvi\u00e4 uutisia\u201d.<\/p>\n<p>Lue tiivistelm\u00e4<\/p>\n<p class=\"article-body mb-nof-24 px-nof-16 sndp-summary-bullet-point-font\">Puolalainen Ven\u00e4j\u00e4-tutkija Marek Menkiszak varoittaa, ett\u00e4 Vladimir Putinin tavoitteena on tuhota Euroopan turvallisuusj\u00e4rjestys ja ajaa Yhdysvallat pois Euroopasta.<\/p>\n<p class=\"article-body mb-nof-24 px-nof-16 sndp-summary-bullet-point-font\">Menkiszakin mukaan Ven\u00e4j\u00e4 yritt\u00e4\u00e4 korruptoida Donald Trumpin hallintoa ja saada Euroopan lopettamaan Ukrainan tukemisen.<\/p>\n<p class=\"article-body mb-nof-24 px-nof-16 sndp-summary-bullet-point-font\">Tutkija pit\u00e4\u00e4 mahdollisena, ett\u00e4 Ven\u00e4j\u00e4 testaa Naton yhten\u00e4isyytt\u00e4 aloittamalla rajoitetun sotaoperaation jotain Naton j\u00e4senmaata vastaan.<\/p>\n<p class=\"article-body mb-nof-24 px-nof-16 sndp-summary-bullet-point-font\">Menkiszakin mukaan Putin on auttanut Eurooppaa her\u00e4\u00e4m\u00e4\u00e4n todellisuuteen ja saanut muun muassa Suomen ja Ruotsin liittym\u00e4\u00e4n Natoon.<\/p>\n<p class=\"article-body mb-nof-24 px-nof-16\">Puolalainen tutkija <a class=\"article-personlink\" href=\"https:\/\/www.is.fi\/haku\/?query=Marek%20Menkiszak\" rel=\"nofollow noopener\" target=\"_blank\">Marek Menkiszak<\/a>, 54, ei ole laajalle suomalaisyleis\u00f6lle tuttu henkil\u00f6n\u00e4, mutta Suomi on maana h\u00e4nelle itselleen hyvin tuttu.<\/p>\n<p class=\"article-body mb-nof-24 px-nof-16\">\u2013 K\u00e4vin Helsingiss\u00e4 ensimm\u00e4isen kerran joulukuussa 1992. Se ei ollut erityisen mukavaa aikaa, ei Puolalle eik\u00e4 Suomelle, h\u00e4n kuvailee.<\/p>\n<p class=\"article-body mb-nof-24 px-nof-16\">Vuonna 1992 Neuvostoliitto oli juuri hajonnut, mutta silloisen maailman uudet palaset eiv\u00e4t olleet asettuneet viel\u00e4 kohdilleen.<\/p>\n<p class=\"article-body mb-nof-24 px-nof-16\">Id\u00e4nkaupan romahdus vauhditti tuolloin lamaa Suomessa. Puola tunsi puolestaan olonsa turvattomaksi, sill\u00e4 se ei luottanut uuden Ven\u00e4j\u00e4n pysyv\u00e4\u00e4n muutokseen kohti demokratiaa. Lopulta Puola hakeutuikin ensimm\u00e4isess\u00e4 mahdollisessa aallossa puolustusliitto Naton j\u00e4seneksi vuonna 1999.<\/p>\n<p class=\"article-body mb-nof-24 px-nof-16\">Sittemmin Menkiszak on k\u00e4ynyt Suomessa usein. Vuonna 2013 h\u00e4n jopa asui Helsingiss\u00e4. Tuolloin h\u00e4n vietti muutaman kuukauden Ulkopoliittisen instituutin vierailevana tutkijana ja julkaisi muun muassa <a class=\"underline underline-offset-[0.12em] [text-decoration-thickness:var(--generic-link-underline-thickness)] [text-decoration-color:var(--generic-link-underline-color)] [text-decoration-skip-ink:var(--generic-link-underline-skip-ink)] break-words\" href=\"https:\/\/fiia.fi\/sv\/publikation\/responsibility-to-protect-itself\" rel=\"nofollow noopener\" target=\"_blank\">selvityksen<\/a> Ven\u00e4j\u00e4n tavoitteista Syyriassa.<\/p>\n<p class=\"article-body mb-nof-24 px-nof-16\">Nykyisin Menkiszak ty\u00f6skentelee Varsovassa toimivassa Id\u00e4ntutkimuksen keskuksessa (O\u015brodek Studi\u00f3w Wschodnich \u2013 OSW). Ajatuspajan Ven\u00e4j\u00e4-osastoa h\u00e4n on johtanut vuodesta 2006 alkaen. Oman teht\u00e4v\u00e4ns\u00e4 h\u00e4n m\u00e4\u00e4rittelee n\u00e4in:<\/p>\n<p class=\"article-body mb-nof-24 px-nof-16\">\u2013\u2009 Koska olen ollut Ven\u00e4j\u00e4n-osaston johtaja jo 19 vuoden ajan, minun teht\u00e4v\u00e4ni on ymm\u00e4rt\u00e4\u00e4 Ven\u00e4j\u00e4n strategiaa ja taktiikkaa.<\/p>\n<p><img decoding=\"async\" src=\"https:\/\/www.europesays.com\/fi\/wp-content\/uploads\/2025\/12\/1766883624_263_978.jpg\" alt=\"Puolalainen Ven\u00e4j\u00e4-tutkija Marek Menkiszak vieraili Helsingiss\u00e4 joulukuun alkupuolella.\" class=\"_Img_1rerz_1\" style=\"aspect-ratio:1.3333333333333333\" loading=\"eager\"\/><\/p>\n<p class=\"article-picture-caption\">Puolalainen Ven\u00e4j\u00e4-tutkija Marek Menkiszak vieraili Helsingiss\u00e4 joulukuun alkupuolella. Kuva:\u00a0Arja Paananen \/ IS<\/p>\n<p class=\"article-body mb-nof-24 px-nof-16\">Menkiszakia kuunnellessa k\u00e4y pian selv\u00e4ksi, ett\u00e4 h\u00e4nen ymm\u00e4rryksens\u00e4 on j\u00e4sentynyt hyvin suoraksi viestiksi.<\/p>\n<p class=\"article-body mb-nof-24 px-nof-16\">Vaikka Menkiszak on p\u00e4\u00e4osin samaa mielt\u00e4 kuin esimerkiksi suomalaiset johtavat Ven\u00e4j\u00e4n tutkijat, puolalainen tausta tuo h\u00e4nen ilmaisuunsa viel\u00e4 tietty\u00e4 uutta kierrett\u00e4.<\/p>\n<p class=\"article-body mb-nof-24 px-nof-16\">Mik\u00e4 on siis Ven\u00e4j\u00e4n strateginen tavoite?<\/p>\n<p class=\"article-body mb-nof-24 px-nof-16\">\u2013 Ven\u00e4j\u00e4n tavoitteena on tuhota nykyinen eurooppalainen turvallisuusj\u00e4rjestys, tuhota ja purkaa Naton puolustusliitto, heikent\u00e4\u00e4 Euroopan unionia ja ajaa amerikkalaiset pois Euroopasta, Menkiszak luettelee.<\/p>\n<p class=\"article-body mb-nof-24 px-nof-16\">Ven\u00e4j\u00e4 havittelee h\u00e4nen mukaansa t\u00e4t\u00e4 kaikkea, jotta se voisi luoda itselleen \u201dpuskurivy\u00f6hykkeen\u201d Eurooppaan. Eik\u00e4 vy\u00f6hyke koskisi en\u00e4\u00e4 vain Neuvostoliiton hallitsemaa entist\u00e4 Varsovan liiton aluetta, vaan se alkaisi etel\u00e4mp\u00e4\u00e4 ja ulottuisi pohjoiseen aina Suomen ja Norjan rajoille asti.<\/p>\n<ul class=\"mb-nof-16 px-nof-16 article-unordered-list unordered-list\">\n<li class=\"unordered-list-item\">\n<p class=\"article-body\">Vladimir Putin vaati joulukuussa 2021, ett\u00e4 Naton olisi k\u00e4yt\u00e4nn\u00f6ss\u00e4 palattava vuoden 1997 rajoilleen. Sergei Lavrovin mukaan vaatimus on yh\u00e4 voimassa.<\/p>\n<\/li>\n<\/ul>\n<p><img decoding=\"async\" src=\"https:\/\/images.sanoma-sndp.fi\/c2029c59688c4b9ec5ae4718036200a6.svg\" alt=\"\" class=\"_Img_1rerz_1\" style=\"aspect-ratio:0.82\" loading=\"eager\"\/><\/p>\n<p class=\"article-body mb-nof-24 px-nof-16\">\u2013 Ven\u00e4j\u00e4 haluaa luoda puskurivy\u00f6hykkeen, jotta manner olisi avoimena Ven\u00e4j\u00e4n tulevalle tunkeutumiselle Eurooppaan, Menkiszak selvent\u00e4\u00e4.<\/p>\n<blockquote class=\"p-[var(--citation-padding)] m-[var(--citation-margin)] border-y-[length:var(--citation-border-width)] border-y-[color:var(--citation-border-color)]\">\n<p>Ven\u00e4j\u00e4 haluaa luoda puskurivy\u00f6hykkeen, jotta manner olisi avoimena Ven\u00e4j\u00e4n tulevalle tunkeutumiselle Eurooppaan.<\/p>\n<\/blockquote>\n<p class=\"article-body mb-nof-24 px-nof-16\">Useat muutkin tutkijat ja Euroopan johtajat ovat varoittaneet jo pitk\u00e4\u00e4n, ett\u00e4 Ven\u00e4j\u00e4n tavoitteet eiv\u00e4t ole pelk\u00e4st\u00e4\u00e4n Ukrainassa. Kriitikot ovat puolestaan v\u00e4itt\u00e4neet, ett\u00e4 varoittelu on turhaa pelottelua sen vuoksi, ett\u00e4 Ven\u00e4j\u00e4 ei koskaan hy\u00f6kk\u00e4isi itse\u00e4\u00e4n vahvempaa vastaan eli Natoa vastaan.<\/p>\n<p class=\"article-body mb-nof-24 px-nof-16\">Menkiszakin mukaan Putinin hallinto laskee kuitenkin nyt sen varaan, ett\u00e4 sen ei v\u00e4ltt\u00e4m\u00e4tt\u00e4 edes tarvitse k\u00e4ytt\u00e4\u00e4 sotilaallista voimaa tavoitteidensa saavuttamiseen.<\/p>\n<p class=\"article-body mb-nof-24 px-nof-16\">T\u00e4m\u00e4 ajattelu on taustalla, kun Ven\u00e4j\u00e4 teeskentelee nyt rauhanprosessia, pelottelee Euroopan johtajia ja tarjoaa houkuttelevia kauppadiilej\u00e4 Yhdysvaltain johtajalle <a class=\"article-personlink\" href=\"https:\/\/www.is.fi\/haku\/?query=Donald%20Trumpille\" rel=\"nofollow noopener\" target=\"_blank\">Donald Trumpille<\/a>.<\/p>\n<p class=\"article-body mb-nof-24 px-nof-16\">\u2013\u2009He haluavat saada ennen kaikkea eurooppalaiset lopettamaan Ukrainan tukemisen, sill\u00e4 heid\u00e4n mielest\u00e4\u00e4n Eurooppa on ainoa merkitt\u00e4v\u00e4 este heid\u00e4n tiell\u00e4\u00e4n voittoon.<\/p>\n<p><img decoding=\"async\" src=\"https:\/\/www.europesays.com\/fi\/wp-content\/uploads\/2025\/12\/1766883626_944_978.jpg\" alt=\"Taiteilija Kaya Mar toi joulukuun alussa satiirisen taulunsa n\u00e4ytille Britannian p\u00e4\u00e4ministerin virka-asunnon edustalle. Yhdysvaltain presidentti Donald Trump tarjoilee taulussa Volodymyr Zelenskyin sy\u00f6t\u00e4v\u00e4ksi Vladimir Putinille.\" class=\"_Img_1rerz_1\" style=\"aspect-ratio:1.5\" loading=\"eager\"\/><\/p>\n<p class=\"article-picture-caption\">Taiteilija Kaya Mar toi joulukuun alussa satiirisen taulunsa n\u00e4ytille Britannian p\u00e4\u00e4ministerin virka-asunnon edustalle. Yhdysvaltain presidentti Donald Trump tarjoilee taulussa Volodymyr Zelenskyin sy\u00f6t\u00e4v\u00e4ksi Vladimir Putinille. Kuva:\u00a0TOLGA AKMEN<\/p>\n<p class=\"article-body mb-nof-24 px-nof-16\">Menkiszakin mukaan Ven\u00e4j\u00e4n Yhdysvalloille tarjoama uusi yst\u00e4vyyspolitiikka ei ole my\u00f6sk\u00e4\u00e4n aitoa, vaan tarkkaan laskelmoitua Trumpin ja h\u00e4nen hallintonsa hyv\u00e4ksik\u00e4ytt\u00f6\u00e4.<\/p>\n<p class=\"article-body mb-nof-24 px-nof-16\">\u2013 He eiv\u00e4t pid\u00e4 Yhdysvaltoja potentiaalisena kumppanina todellisessa mieless\u00e4. He pit\u00e4v\u00e4t Yhdysvaltoja aina p\u00e4\u00e4vihollisenaan ja olemassaolonsa uhkana.<\/p>\n<p class=\"article-body mb-nof-24 px-nof-16\">Miksi Ven\u00e4j\u00e4 silti liehittelee Trumpia?<\/p>\n<p class=\"article-body mb-nof-24 px-nof-16\">\u2013 Pohjimmiltaan he yritt\u00e4v\u00e4t lahjoa ja korruptoida Trumpin koko l\u00e4hipiirin, Menkiszak selitt\u00e4\u00e4.<\/p>\n<p class=\"article-body mb-nof-24 px-nof-16\">\u2013 He haluavat luoda Trumpin l\u00e4hell\u00e4 oleville yksityishenkil\u00f6ille illuusion yhteisty\u00f6n eduista ja taloudellisista eduista, joita tarjotaan nimenoman henkil\u00f6kohtaisesti heille \u2013 ei Yhdysvalloille maana eik\u00e4 edes suurille yrityksille.<\/p>\n<p><img decoding=\"async\" src=\"https:\/\/www.europesays.com\/fi\/wp-content\/uploads\/2025\/12\/1766883627_409_978.jpg\" alt=\"Ukrainan kohtalosta k\u00e4yd\u00e4\u00e4n kauppaa Ven\u00e4j\u00e4n ja Yhdysvaltain v\u00e4lill\u00e4. Kuvassa vasemmalta Vladimir Putinin ulkopoliittinen avustaja Juri Ushakov, Donald Trumpin v\u00e4vy Jared Kushner, Putinin erityisl\u00e4hettil\u00e4s Kirill Dmitrijev ja Trumpin erityisl\u00e4hettil\u00e4s Steve Witkoff.\" class=\"_Img_1rerz_1\" style=\"aspect-ratio:1.4906832298136645\" loading=\"eager\"\/><\/p>\n<p class=\"article-picture-caption\">Ukrainan kohtalosta k\u00e4yd\u00e4\u00e4n kauppaa Ven\u00e4j\u00e4n ja Yhdysvaltain v\u00e4lill\u00e4. Kuvassa vasemmalta Vladimir Putinin ulkopoliittinen avustaja Juri Ushakov, Donald Trumpin v\u00e4vy Jared Kushner, Putinin erityisl\u00e4hettil\u00e4s Kirill Dmitrijev ja Trumpin erityisl\u00e4hettil\u00e4s Steve Witkoff. Kuva:\u00a0Kristina Kormilitsyna<\/p>\n<p class=\"article-body mb-nof-24 px-nof-16\">Menkiszakin mukaan Kremlin tavoitteena on, ett\u00e4 Trumpin hallinto aloittaisi Ven\u00e4j\u00e4n kanssa yhteisty\u00f6n, jota ei sidottaisi mill\u00e4\u00e4n tavoin Ukrainan rauhaan.<\/p>\n<p class=\"article-body mb-nof-24 px-nof-16\">\u2013 Yhdysvaltain Ven\u00e4j\u00e4n vastaiset sanktiot poistettaisiin sen j\u00e4lkeen v\u00e4ist\u00e4m\u00e4tt\u00e4, ja se tekisi puolestaan Euroopalle eritt\u00e4in vaikeaksi jatkaa yhten\u00e4ist\u00e4 omaa politiikkaansa Ven\u00e4j\u00e4-pakotteiden suhteen.<\/p>\n<p class=\"article-body mb-nof-24 px-nof-16\">Menkiszakin mukaan Putin ja h\u00e4nen hallintonsa eiv\u00e4t my\u00f6sk\u00e4\u00e4n arvosta Trumpia aidosti, vaikka antavatkin niin ymm\u00e4rt\u00e4\u00e4. Ven\u00e4j\u00e4 pit\u00e4\u00e4 Trumpia pikemminkin v\u00e4lineen\u00e4, jonka avulla voi vahvistaa l\u00e4nnen sis\u00e4ist\u00e4 sekasortoa ja ristiriitoja.<\/p>\n<p class=\"article-body mb-nof-24 px-nof-16\">\u2013 He pit\u00e4v\u00e4t Trumpia oireena Yhdysvaltojen kriisist\u00e4 ja laajemmastakin l\u00e4nnen kriisist\u00e4.<\/p>\n<p class=\"article-body mb-nof-24 px-nof-16\">Ven\u00e4j\u00e4 pyrkii k\u00e4ytt\u00e4m\u00e4\u00e4n manipuloinnille altista Trumpia hyv\u00e4kseen siten, ett\u00e4 h\u00e4nen avullaan he voisivat pakottaa Ukrainan antautumaan. Toinen vaihtoehto on py\u00f6ritell\u00e4 ja v\u00e4sytt\u00e4\u00e4 Trumpia niin, ett\u00e4 h\u00e4nen mielenkiintonsa siirtyy jonnekin aivan muualle.<\/p>\n<p class=\"article-body mb-nof-24 px-nof-16\">\u2013 He haluavat saada Trumpin kyll\u00e4stym\u00e4\u00e4n Ukrainaan ja vet\u00e4m\u00e4\u00e4n pois kaiken tukensa Ukrainalta.<\/p>\n<p><img decoding=\"async\" src=\"https:\/\/www.europesays.com\/fi\/wp-content\/uploads\/2025\/12\/1766883627_258_978.jpg\" alt=\"Ukrainalaiset joukot tulittivat haupitsilla Ven\u00e4j\u00e4n joukkoja Pokrovskin l\u00e4hell\u00e4 Donetskin alueella.\" class=\"_Img_1rerz_1\" style=\"aspect-ratio:1.443609022556391\" loading=\"eager\"\/><\/p>\n<p class=\"article-picture-caption\">Ukrainalaiset joukot tulittivat haupitsilla Ven\u00e4j\u00e4n joukkoja Pokrovskin l\u00e4hell\u00e4 Donetskin alueella. Kuva:\u00a0REUTERS<\/p>\n<p class=\"article-body mb-nof-24 px-nof-16\">Menkiszak kutsuu t\u00e4m\u00e4nhetkist\u00e4 olotilaa Ven\u00e4j\u00e4n ja l\u00e4nnen v\u00e4lill\u00e4 \u201dtodelliseksi sodaksi\u201d, ei pelk\u00e4st\u00e4\u00e4n hybridisodaksi.<\/p>\n<p class=\"article-body mb-nof-24 px-nof-16\">\u2013\u2009Ven\u00e4l\u00e4iset itse n\u00e4kev\u00e4t asian niin. He eiv\u00e4t usko taistelevansa ukrainalaisia vastaan, vaan he uskovat taistelevansa Natoa vastaan Ukrainan alueella.<\/p>\n<p class=\"article-body mb-nof-24 px-nof-16\">\u2013 T\u00e4m\u00e4 on sen vuoksi jo sotaa. T\u00e4m\u00e4 on sotaa, koska Ven\u00e4j\u00e4 k\u00e4ytt\u00e4\u00e4 meit\u00e4 vastaan kaikkia mahdollisia keinoja lukuun ottamatta kineettist\u00e4 sodank\u00e4ynti\u00e4, Menkiszak sanoo.<\/p>\n<p class=\"article-body mb-nof-24 px-nof-16\">Kineettisell\u00e4 sodank\u00e4ynnill\u00e4 tarkoitetaan suoraa aseellista voimank\u00e4ytt\u00f6\u00e4.<\/p>\n<p><img decoding=\"async\" src=\"https:\/\/www.europesays.com\/fi\/wp-content\/uploads\/2025\/12\/1766883628_544_978.jpg\" alt=\"Ukrainalaiset sotilaat harjoittelevat ampumista maaleihin, joissa on Vladimir Putinin kuva.\" class=\"_Img_1rerz_1\" style=\"aspect-ratio:1.4055636896046853\" loading=\"eager\"\/><\/p>\n<p class=\"article-picture-caption\">Ukrainalaiset sotilaat harjoittelevat ampumista maaleihin, joissa on Vladimir Putinin kuva. Kuva:\u00a0Sofia Gatilova \/ REUTERS<\/p>\n<p class=\"article-body mb-nof-24 px-nof-16\">Menkiszak pit\u00e4\u00e4 mahdollisena my\u00f6s sit\u00e4, ett\u00e4 Ven\u00e4j\u00e4 testaa l\u00e4hitulevaisuudessa Naton yhten\u00e4isyytt\u00e4 aloittamalla rajoitetun sotaoperaation jotain Naton j\u00e4senmaata vastaan. H\u00e4nen mukaansa kyse ei olisi tuolloin niink\u00e4\u00e4n jonkin alueen valtaamisesta, vaan uhkavaatimuksen esitt\u00e4misest\u00e4. Ven\u00e4j\u00e4n tavoitteena olisi saada Naton j\u00e4senmaat empim\u00e4\u00e4n keskin\u00e4ist\u00e4 puolustustaan eli 5. artiklan aktivoimista.<\/p>\n<p class=\"article-body mb-nof-24 px-nof-16\">Tavallisesti sotilaallisen uhan todenn\u00e4k\u00f6isyytt\u00e4 arvioidaan pohtimalla, onko jollain taholla sotilaallista kyvykkyytt\u00e4 ja tahtoa tai aikomusta k\u00e4ytt\u00e4\u00e4 sit\u00e4 omia p\u00e4\u00e4m\u00e4\u00e4ri\u00e4\u00e4n varten.<\/p>\n<p class=\"article-body mb-nof-24 px-nof-16\">Menkiszakin mukaan Naton tulisi ymm\u00e4rt\u00e4\u00e4, ett\u00e4 Ven\u00e4j\u00e4n strategisessa kulttuurissa n\u00e4m\u00e4 elementit saavat aivan erilaisen painoarvon kuin l\u00e4ntisess\u00e4 ajattelussa.<\/p>\n<p class=\"article-body mb-nof-24 px-nof-16\">\u2013 Ven\u00e4j\u00e4n strategisessa kulttuurissa omat voimavarat eiv\u00e4t ole niin t\u00e4rkeit\u00e4 kuin poliittinen tahto k\u00e4ytt\u00e4\u00e4 niit\u00e4. He uskovat puolestaan, ett\u00e4 meill\u00e4 l\u00e4nness\u00e4 on heikko poliittinen tahto k\u00e4ytt\u00e4\u00e4 meid\u00e4n omia sotilaallisia voimavarojamme.<\/p>\n<p class=\"article-body mb-nof-24 px-nof-16\">\u2013\u2009T\u00e4m\u00e4 voi johtaa tilanteeseen, jossa he ovat hyvin alttiita hy\u00f6kk\u00e4\u00e4m\u00e4\u00e4n, vaikka voimatasapaino ei ole heid\u00e4n edukseen. Riitt\u00e4isi, ett\u00e4 he uskovat meid\u00e4n pelk\u00e4\u00e4v\u00e4n k\u00e4ytt\u00e4\u00e4 omia kykyj\u00e4mme heit\u00e4 vastaan.<\/p>\n<p class=\"article-body mb-nof-24 px-nof-16\">Mielikuva heikosta ja hajanaisesta l\u00e4nnest\u00e4 on Menkiszakin mukaan kuin houkutteleva kutsu Ven\u00e4j\u00e4lle.<\/p>\n<p class=\"article-body mb-nof-24 px-nof-16\">\u2013 Jos annamme kuvan, ett\u00e4 olemme jakautuneita, pelokkaita ja vailla p\u00e4\u00e4tt\u00e4v\u00e4isyytt\u00e4, me suorastaan kutsumme heid\u00e4t testaamaan meit\u00e4 ja aiheuttamaan meille todellista vahinkoa.<\/p>\n<p class=\"article-body mb-nof-24 px-nof-16\">\u2013 He tekev\u00e4t sen silloin, kun he n\u00e4kev\u00e4t tilaisuuden koittaneen. Eiv\u00e4tk\u00e4 he nojaa niink\u00e4\u00e4n omaan vahvuuteensa, vaan he panostavat meid\u00e4n heikkouksiimme.<\/p>\n<blockquote class=\"p-[var(--citation-padding)] m-[var(--citation-margin)] border-y-[length:var(--citation-border-width)] border-y-[color:var(--citation-border-color)]\">\n<p>Eiv\u00e4tk\u00e4 he nojaa niink\u00e4\u00e4n omaan vahvuuteensa, vaan he panostavat meid\u00e4n heikkouksiimme.<\/p>\n<\/blockquote>\n<p><img decoding=\"async\" src=\"https:\/\/www.europesays.com\/fi\/wp-content\/uploads\/2025\/12\/1766883629_509_978.jpg\" alt=\"Ven\u00e4j\u00e4n iskuissa vaurioituneet rakennukset ja rauniot n\u00e4kyv\u00e4t droonilla otetussa kuvassa etulinjan l\u00e4hell\u00e4 Donetskin alueella.\" class=\"_Img_1rerz_1\" style=\"aspect-ratio:1.5\" loading=\"eager\"\/><\/p>\n<p class=\"article-picture-caption\">Ven\u00e4j\u00e4n iskuissa vaurioituneet rakennukset ja rauniot n\u00e4kyv\u00e4t droonilla otetussa kuvassa etulinjan l\u00e4hell\u00e4 Donetskin alueella. Kuva:\u00a0UKRAINIAN ARMED FORCES, Oleg Petrasiuk \/ Ukrainian Armed Forces \/ REUTERS<\/p>\n<p class=\"article-body mb-nof-24 px-nof-16\">Ent\u00e4s ne hyv\u00e4t uutiset?<\/p>\n<p class=\"article-body mb-nof-24 px-nof-16\">Menkiszakin mukaan Ven\u00e4j\u00e4 ei pysty voittamaan Ukrainaa sotilaallisesti ainakaan l\u00e4hivuosina, mik\u00e4li Ukrainan saama tuki jatkuu nykyisell\u00e4 tasollaan. Donbasin alueen valtaaminen kokonaan veisi Ven\u00e4j\u00e4lt\u00e4 arviolta viel\u00e4 kolme vuotta.<\/p>\n<p class=\"article-body mb-nof-24 px-nof-16\">Toinen \u201dhyv\u00e4 uutinen\u201d on, ett\u00e4 Ven\u00e4j\u00e4n taloudellinen tilanne heikkenee nopeasti. Pakotteiden vaikutus n\u00e4kyy yh\u00e4 kovemmin, ja ven\u00e4l\u00e4iset ymm\u00e4rt\u00e4v\u00e4t sen.<\/p>\n<p class=\"article-body mb-nof-24 px-nof-16\">Kaikki pitk\u00e4n t\u00e4ht\u00e4imen trendit ovat my\u00f6s Ven\u00e4j\u00e4n kannalta negatiivisia. Ongelmia tuovat riippuvuus fossiilisista polttoaineista, ilmastonmuutos ja aleneva syntyvyys.<\/p>\n<p class=\"article-body mb-nof-24 px-nof-16\">\u2013\u2009Ven\u00e4j\u00e4ll\u00e4 ei ole valoisa tulevaisuus seuraavina vuosikymmenin\u00e4. Siksi he ovat nyt niin kiireisi\u00e4 yritt\u00e4ess\u00e4\u00e4n varmistaa itselleen parhaan mahdollisen lopputuleman.<\/p>\n<p><img decoding=\"async\" src=\"https:\/\/www.europesays.com\/fi\/wp-content\/uploads\/2025\/12\/1766883630_15_978.jpg\" alt=\"Vladimir Putin on tullut auttaneeksi Eurooppaa jo monella tavalla, Marek Menkiszak sanoo.\" class=\"_Img_1rerz_1\" style=\"aspect-ratio:1\" loading=\"eager\"\/><\/p>\n<p class=\"article-picture-caption\">Vladimir Putin on tullut auttaneeksi Eurooppaa jo monella tavalla, Marek Menkiszak sanoo. Kuva:\u00a0Vladimir Smirnov<\/p>\n<p class=\"article-body mb-nof-24 px-nof-16\">Menkiszakin mukaan hyv\u00e4\u00e4 on sekin, ett\u00e4 Ven\u00e4j\u00e4n nykyinen k\u00e4yt\u00f6s on niin r\u00e4ike\u00e4\u00e4 ja aggressiivista, ett\u00e4 Eurooppa her\u00e4\u00e4 vihdoinkin todellisuuteen.<\/p>\n<p class=\"article-body mb-nof-24 px-nof-16\">\u2013 Sanon t\u00e4m\u00e4n puoliksi vitsin\u00e4, mutta ven\u00e4l\u00e4iset ovat aina auttaneet meit\u00e4, joten uskon heihin nytkin. Putinhan on kuin meid\u00e4n paras liittolaisemme, Menkiszak ironisoi.<\/p>\n<p class=\"article-body mb-nof-24 px-nof-16\">Ajatuskulku liittyy siihen vanhaan v\u00e4\u00e4j\u00e4\u00e4m\u00e4tt\u00f6myyteen, jonka Ven\u00e4j\u00e4n entinen p\u00e4\u00e4ministeri <a class=\"article-personlink\" href=\"https:\/\/www.is.fi\/haku\/?query=Viktor%20Tshernomyrdin\" rel=\"nofollow noopener\" target=\"_blank\">Viktor Tshernomyrdin<\/a> puki muotoon: \u201dParasta yritettiin, mutta k\u00e4vi kuten aina k\u00e4y.\u201d Ukrainan sodankaan kohdalla kaikki ei ole mennyt niin kuin Putin alkujaan kuvitteli.<\/p>\n<p class=\"article-body mb-nof-24 px-nof-16\">\u2013 Putin on todellakin tehnyt ihmeit\u00e4, kun h\u00e4n sai esimerkiksi Suomen ja Ruotsin liittym\u00e4\u00e4n Natoon. Ilman h\u00e4nt\u00e4, ilman h\u00e4nen aggressiivista politiikkaansa, sit\u00e4 ei olisi tapahtunut, Menkiszak muistuttaa.<\/p>\n<p class=\"article-body mb-nof-24 px-nof-16\">\u2013 Uskon siis, ett\u00e4 ven\u00e4l\u00e4iset todella pit\u00e4v\u00e4t meid\u00e4t hereill\u00e4. He panevat meid\u00e4t liikkeelle aggressiivisuudellaan ja karkeudellaan. Positiivisesti ajatellen he siis pakottavat meid\u00e4t tekem\u00e4\u00e4n sen, mit\u00e4 meid\u00e4n pit\u00e4\u00e4 tehd\u00e4 oman puolustuksemme eteen.<\/p>\n<p>Putinin mukaan Puola \u201dpakotti\u201d Hitlerin hy\u00f6kk\u00e4\u00e4m\u00e4\u00e4n ensin<img decoding=\"async\" src=\"https:\/\/www.europesays.com\/fi\/wp-content\/uploads\/2025\/12\/1766883631_56_978.jpg\" alt=\"Saksalainen taistelulaiva SMS Schleswig-Holstein tulitti puolalaista ammusvarastoa 1. syyskuuta 1939 Westerplatten niemimaalla.\" class=\"_Img_1rerz_1\" style=\"aspect-ratio:1.4201183431952662\" loading=\"eager\"\/><\/p>\n<p class=\"article-picture-caption\">Saksalainen taistelulaiva SMS Schleswig-Holstein tulitti puolalaista ammusvarastoa 1. syyskuuta 1939 Westerplatten niemimaalla. Kuva:\u00a0Ullstein Bild \/ All Over Press<\/p>\n<p class=\"article-body mb-nof-24 px-nof-16\">Suomen tavoin my\u00f6s Puola on nykyisin Ven\u00e4j\u00e4n aggressiivisen historiapolitiikan kohteena. <a class=\"article-personlink\" href=\"https:\/\/www.is.fi\/haku\/?query=Vladimir%20Putin\" rel=\"nofollow noopener\" target=\"_blank\">Vladimir Putin<\/a> hakee aina n\u00e4enn\u00e4isen oikeutuksen toiminnalleen historiasta, jota v\u00e4\u00e4ristell\u00e4\u00e4n Kremlin tarpeiden mukaiseksi.<\/p>\n<p class=\"article-body mb-nof-24 px-nof-16\">Putin luo mielikuvaa, jonka mukaan h\u00e4nen nykyinen sotansa Ukrainassa on ik\u00e4\u00e4n kuin suoraa jatkumoa toisesta maailmansodasta, jossa Neuvostoliitto oli \u201dpuhtoinen uhri\u201d. Ven\u00e4j\u00e4n uhrikertomus alkaa kes\u00e4kuusta 1941, jolloin <a class=\"article-personlink\" href=\"https:\/\/www.is.fi\/haku\/?query=Adolf%20Hitlerin\" rel=\"nofollow noopener\" target=\"_blank\">Adolf Hitlerin<\/a> Saksa hy\u00f6kk\u00e4si Neuvostoliittoon.<\/p>\n<p class=\"article-body mb-nof-24 px-nof-16\"><a class=\"article-personlink\" href=\"https:\/\/www.is.fi\/haku\/?query=Marek%20Menkiszakin\" rel=\"nofollow noopener\" target=\"_blank\">Marek Menkiszakin<\/a> mukaan Putin on v\u00e4\u00e4ristellyt Puolan historiaa niin paljon, ett\u00e4 siit\u00e4 voisi puhua kokonaisen p\u00e4iv\u00e4n. Mutta asian havainnollistamiseksi riitt\u00e4\u00e4, kun ottaa yhden esimerkin:<\/p>\n<p class=\"article-body mb-nof-24 px-nof-16\">\u2013 Kuulemma se olikin Puola, joka aloitti toisen maailmansodan, Menkiszak lausuu ironisesti.<\/p>\n<p class=\"article-body mb-nof-24 px-nof-16\">T\u00e4llaista v\u00e4\u00e4ristelty\u00e4 tulkintaa Putin tarjosi esimerkiksi <a class=\"article-personlink\" href=\"https:\/\/www.is.fi\/haku\/?query=Tucker%20Carlsonin\" rel=\"nofollow noopener\" target=\"_blank\">Tucker Carlsonin<\/a> haastattelussa. Putinin sekava selitys kulki niin, ett\u00e4 Puola veljeili ennen toisen maailmansodan alkua natsi-Saksan kanssa, muttei kuitenkaan suostunut Saksan esitt\u00e4m\u00e4\u00e4n alueluovutukseen Danzigin k\u00e4yt\u00e4v\u00e4ss\u00e4, joten Puola oli itse yhteisty\u00f6haluton ja syyllinen siihen, ett\u00e4 \u201dHitler oli pakotettu\u201d hy\u00f6kk\u00e4\u00e4m\u00e4\u00e4n Puolaan.<\/p>\n<p class=\"article-body mb-nof-24 px-nof-16\">Tosiasiassa <a class=\"article-personlink\" href=\"https:\/\/www.is.fi\/haku\/?query=Josif%20Stalin\" rel=\"nofollow noopener\" target=\"_blank\">Josif Stalin<\/a> ja Hitler olivat sopineet Molotovin-Ribbentropin sopimuksen salaisessa lis\u00e4p\u00f6yt\u00e4kirjassa, ett\u00e4 he jakavat kesken\u00e4\u00e4n Puolan. Hitler aloitti Puolan l\u00e4nsiosista 1. syyskuuta 1939, ja Stalin hy\u00f6kk\u00e4si Puolan it\u00e4osiin 17. syyskuuta 1939.<\/p>\n<p class=\"article-body mb-nof-24 px-nof-16\">Talvisodan Stalin aloitti niin ik\u00e4\u00e4n salaisen lis\u00e4p\u00f6yt\u00e4kirjan turvin. Suomi oli sovittu siin\u00e4 kuuluvaksi Neuvostoliiton etupiiriin.<\/p>\n","protected":false},"excerpt":{"rendered":"Vladimir Putinin tavoitteena on korruptoida Donald Trumpin hallinto ja ajaa Yhdysvallat pois Euroopasta, puolalainen tutkija Marek Menkiszak varoittaa.&hellip;\n","protected":false},"author":2,"featured_media":127470,"comment_status":"","ping_status":"","sticky":false,"template":"","format":"standard","meta":{"footnotes":""},"categories":[14],"tags":[22,23,26,27,33,31,30,17,34,24,25,28,29,15,18,21,32,19,20,56,16,59,60,61],"class_list":{"0":"post-127469","1":"post","2":"type-post","3":"status-publish","4":"format-standard","5":"has-post-thumbnail","7":"category-ulkomaat","8":"tag-breaking-news","9":"tag-breakingnews","10":"tag-featured-news","11":"tag-featurednews","12":"tag-fi","13":"tag-finland","14":"tag-finnish","15":"tag-headlines","16":"tag-ilta-sanomat","17":"tag-latest-news","18":"tag-latestnews","19":"tag-main-news","20":"tag-mainnews","21":"tag-news","22":"tag-otsikot","23":"tag-paauutiset","24":"tag-suomi","25":"tag-top-stories","26":"tag-topstories","27":"tag-ulkomaat","28":"tag-uutiset","29":"tag-world","30":"tag-world-news","31":"tag-worldnews"},"share_on_mastodon":{"url":"https:\/\/pubeurope.com\/@fi\/115794492801755220","error":""},"_links":{"self":[{"href":"https:\/\/www.europesays.com\/fi\/wp-json\/wp\/v2\/posts\/127469","targetHints":{"allow":["GET"]}}],"collection":[{"href":"https:\/\/www.europesays.com\/fi\/wp-json\/wp\/v2\/posts"}],"about":[{"href":"https:\/\/www.europesays.com\/fi\/wp-json\/wp\/v2\/types\/post"}],"author":[{"embeddable":true,"href":"https:\/\/www.europesays.com\/fi\/wp-json\/wp\/v2\/users\/2"}],"replies":[{"embeddable":true,"href":"https:\/\/www.europesays.com\/fi\/wp-json\/wp\/v2\/comments?post=127469"}],"version-history":[{"count":0,"href":"https:\/\/www.europesays.com\/fi\/wp-json\/wp\/v2\/posts\/127469\/revisions"}],"wp:featuredmedia":[{"embeddable":true,"href":"https:\/\/www.europesays.com\/fi\/wp-json\/wp\/v2\/media\/127470"}],"wp:attachment":[{"href":"https:\/\/www.europesays.com\/fi\/wp-json\/wp\/v2\/media?parent=127469"}],"wp:term":[{"taxonomy":"category","embeddable":true,"href":"https:\/\/www.europesays.com\/fi\/wp-json\/wp\/v2\/categories?post=127469"},{"taxonomy":"post_tag","embeddable":true,"href":"https:\/\/www.europesays.com\/fi\/wp-json\/wp\/v2\/tags?post=127469"}],"curies":[{"name":"wp","href":"https:\/\/api.w.org\/{rel}","templated":true}]}}