{"id":127471,"date":"2025-12-28T01:01:17","date_gmt":"2025-12-28T01:01:17","guid":{"rendered":"https:\/\/www.europesays.com\/fi\/127471\/"},"modified":"2025-12-28T01:01:17","modified_gmt":"2025-12-28T01:01:17","slug":"harri-ja-heidi-korhonen-pyorittavat-hotelliravintola-tiilikkaa-rautavaarassa","status":"publish","type":"post","link":"https:\/\/www.europesays.com\/fi\/127471\/","title":{"rendered":"Harri ja Heidi Korhonen py\u00f6ritt\u00e4v\u00e4t hotelliravintola Tiilikkaa Rautavaarassa"},"content":{"rendered":"<p>\u201dYhdess\u00e4 on t\u00e4h\u00e4n l\u00e4hetty ja yhdess\u00e4 pit\u00e4\u00e4 t\u00e4st\u00e4 selvit\u00e4\u201d, sanoo rautavaaralainen yritt\u00e4j\u00e4.<\/p>\n<p>Rautavaaralaiset kertovat mit\u00e4 mielt\u00e4 ovat kotipaikastaan.<\/p>\n<p>27.12. 15:00<\/p>\n<p class=\"article-body mb-nof-24 px-nof-16\">Lounasaika iltap\u00e4iv\u00e4n puolella alkaa hiljet\u00e4 hotelliravintola Tiilikassa Rautavaaran keskustassa. Salaattip\u00f6yt\u00e4 on tuore, ja kaalilaatikossa on tuhdisti makua, mik\u00e4 kertoo ett\u00e4 sit\u00e4 on valmistettu l\u00e4mm\u00f6ll\u00e4.<\/p>\n<p class=\"article-body mb-nof-24 px-nof-16\">T\u00e4nne eiv\u00e4t ravintolasisustamisen tai -reseptiikan uudet muotituulet ole eksyneet. Sen sijaan omistajayritt\u00e4j\u00e4 <a class=\"article-personlink\" href=\"https:\/\/www.is.fi\/haku\/?query=Harri%20Korhonen\" rel=\"nofollow noopener\" target=\"_blank\">Harri Korhonen<\/a> esittelee ylpe\u00e4n\u00e4 uutta hankintaansa, jukeboxia.<\/p>\n<p class=\"article-body mb-nof-24 px-nof-16\">Juhannuksesta lokakuun puoliv\u00e4liin viikoittain hotelli oli jopa niin t\u00e4ynn\u00e4, ettei varauksia voinut ottaa vastaan, mutta nyt marraskuussa on hiljaista.<\/p>\n<p><img decoding=\"async\" src=\"https:\/\/www.europesays.com\/fi\/wp-content\/uploads\/2025\/12\/1766883677_827_468.jpg\" alt=\"Harri Korhonen esittelee jukeboxia.\" class=\"_Img_1rerz_1\" style=\"aspect-ratio:1.5\" loading=\"eager\"\/><\/p>\n<p class=\"article-picture-caption\">Harri Korhonen esittelee jukeboxia. Kuva:\u00a0Akseli Muraja<\/p>\n<p class=\"article-body mb-nof-24 px-nof-16\">Korhonen <a class=\"article-personlink\" href=\"https:\/\/www.is.fi\/haku\/?query=Heidi\" rel=\"nofollow noopener\" target=\"_blank\">Heidi<\/a>-puolisonsa kanssa on tehnyt palveluksenkin kunnalle, kun hankki Tiilikan liiketoiminnan omistukseensa 1,5 vuotta sitten. Pohjois-Savon koilliskulmassa pikkukunnassa sijaitseva Tiilikka ei ole kultakaivos. Sen houkuttimena on l\u00e4heinen Tiilikkaj\u00e4rven kansallispuisto ja muu luontomatkailu, mutta asiakkaita pit\u00e4isi saada tasaisemmin koko vuoden. Saman ongelman kanssa painitaan kaikkialla maassa.<\/p>\n<p class=\"article-body mb-nof-24 px-nof-16\">\u2013\u2009Ensiarvoisen t\u00e4rke\u00e4\u00e4 on se, ett\u00e4 saamme yrityksen pidetty\u00e4 py\u00f6rim\u00e4ss\u00e4 l\u00e4pi vuoden eik\u00e4 siit\u00e4 tulisi \u201dkausihotellia\u201d, mutta totta kai se vaatii my\u00f6s uudistumista, Heidi Korhonen sanoo.<\/p>\n<p class=\"article-body mb-nof-24 px-nof-16\">Tiilikassa on jo uusittukin paljon kalusteita, buffetlinjastoa, \u00e4\u00e4nentoistoa ja majoituspuolella huoneissa on nyt \u00e4lytelevisiot, uudet tyynyt ja peitot ja osa s\u00e4ngyist\u00e4. Lis\u00e4remontteja on suunnitteilla.<\/p>\n<p class=\"article-body mb-nof-24 px-nof-16\">Korhonen kursailee sankariviitan kanssa, mutta ei se t\u00e4ysin liioittelua ole.<\/p>\n<p class=\"article-body mb-nof-24 px-nof-16\">\u2013\u2009Fakta on, ett\u00e4 jos n\u00e4in pienelt\u00e4 kyl\u00e4lt\u00e4 h\u00e4vi\u00e4\u00e4 ainoa majoitusliike, niin minnek\u00e4 ne ihmiset menee, jos haluavat tulla luontomatkailemaan. Olen joskus verrannut, ett\u00e4 t\u00e4m\u00e4 on kunnan kannalta l\u00e4hes yht\u00e4 t\u00e4rke\u00e4 kuin ruokakauppa.<\/p>\n<p class=\"article-body mb-nof-24 px-nof-16\">Hieman muutakin majoitustarjontaa on, mutta pienemp\u00e4\u00e4. Mets\u00e4kartano nuorisokeskuksessa, el\u00e4mysmajoitusta teltoissa Tiilikan kansallispuistossa ja monenlaista m\u00f6kkimajoitusta.<\/p>\n<p>Erikoinen episodi<\/p>\n<p class=\"article-body mb-nof-24 px-nof-16\">Korhosten taustalta paljastuu erikoinen rajaepisodi kymmenen vuoden takaa. Sit\u00e4 seurattiin valtakunnan <a class=\"underline underline-offset-[0.12em] [text-decoration-thickness:var(--generic-link-underline-thickness)] [text-decoration-color:var(--generic-link-underline-color)] [text-decoration-skip-ink:var(--generic-link-underline-skip-ink)] break-words\" href=\"https:\/\/yle.fi\/a\/3-8179017\" rel=\"nofollow noopener\" target=\"_blank\">uutisissakin<\/a> tiiviisti. Vuonna 2012 Nilsi\u00e4n kunta p\u00e4\u00e4tti liitty\u00e4 Kuopioon. Harri Korhosen vanha kotitila, josta oli aina k\u00e4yty koulua Rautavaaralla, j\u00e4i Kuopion puolelle. Palvelut olisivat siirtyneet huomattavasti pidemm\u00e4lle.<\/p>\n<p class=\"article-body mb-nof-24 px-nof-16\">\u2013\u2009Vanhin lapsi oli juuri aloittanut koulun, kun sielt\u00e4 soitettiin ja kerrottiin, ett\u00e4 lapsen on v\u00e4litt\u00f6m\u00e4sti siirrytt\u00e4v\u00e4 Nilsi\u00e4\u00e4n, Korhonen kertoo.<\/p>\n<p class=\"article-body mb-nof-24 px-nof-16\">\u2013\u2009Totesin, ett\u00e4 t\u00e4ss\u00e4 ei ole mit\u00e4\u00e4n j\u00e4rke\u00e4, kun koulubussi tulisi 10 kilometrin p\u00e4\u00e4st\u00e4, kun se nyt koukkaa parisataa metri\u00e4. Ja kaverit Rautavaaran koulussa.<\/p>\n<p class=\"article-body mb-nof-24 px-nof-16\">Korhoset valmistelivat huolella vetoomuksen, ensin Nilsi\u00e4n kaupunginhallitukselle, sielt\u00e4 Kuopioon ja lopulta valtioneuvostoon. Kaksi ja puoli vuotta my\u00f6hemmin vuonna 2015 valtioneuvosto teki p\u00e4\u00e4t\u00f6ksen jossa todettiin, ett\u00e4 muutoksen vaikutus on Kuopiolle pieni, mutta suuri Rautavaaralle.<\/p>\n<p class=\"article-body mb-nof-24 px-nof-16\">Ja tapahtui pieni ihme, yksitt\u00e4inen kuntalainen sai siirretty\u00e4 2,5 hehtaaria eli raja tekee hassun mutkan Korhosten tontin ymp\u00e4ri.<\/p>\n<p class=\"article-body mb-nof-24 px-nof-16\">Heidi Korhonen on rautavaaralaisia, Harri Korhonen Nilsi\u00e4n puolelta. H\u00e4n ty\u00f6skenteli aiemmin autovaraosien tukkumyynniss\u00e4, sit\u00e4 ennen ravintolassa. Heidi Korhonen on alkuper\u00e4iselt\u00e4 ammatiltaan kokki, mutta siirtyi yritt\u00e4j\u00e4ksi toimittuaan yhdeks\u00e4n viime vuoden ajan sijaishuollossa t\u00f6iss\u00e4.<\/p>\n<p class=\"article-body mb-nof-24 px-nof-16\">\u2013\u2009Harkitsimme Tiilikkaa jo silloin, kun se oli ensimm\u00e4isen kerran myynniss\u00e4, mutta lapset olivat siihen liian pieni\u00e4 silloin. Mahdoton yht\u00e4l\u00f6, Harri Korhonen kertoo.<\/p>\n<p class=\"article-body mb-nof-24 px-nof-16\">Lapset ovat nyt muuttaneet pois kotoa.<\/p>\n<p class=\"article-body mb-nof-24 px-nof-16\">\u2013\u2009Tammikuussa 2024 huomasimme myynti-ilmoituksen, jossa sanottiin, ett\u00e4 kaupat voidaan tehd\u00e4 my\u00f6s niin, ett\u00e4 ostetaan pelkk\u00e4 liiketoiminta. Kiinteist\u00f6n lainanhoitoerien kanssa t\u00e4m\u00e4 ei olisikaan ollut mill\u00e4\u00e4n tavalla kannattavaa.<\/p>\n<p class=\"article-body mb-nof-24 px-nof-16\">Lue lis\u00e4\u00e4: <a class=\"underline underline-offset-[0.12em] [text-decoration-thickness:var(--generic-link-underline-thickness)] [text-decoration-color:var(--generic-link-underline-color)] [text-decoration-skip-ink:var(--generic-link-underline-skip-ink)] break-words\" href=\"https:\/\/www.is.fi\/taloussanomat\/art-2000011695693.html\" rel=\"nofollow noopener\" target=\"_blank\">Myrkyllinen johtaminen mursi Monan itse\u00adtunnon \u2013 n\u00e4in h\u00e4n l\u00f6ysi onnen Pohjois-Savosta<\/a><\/p>\n<p class=\"article-body mb-nof-24 px-nof-16\">Vakity\u00f6t ja isommat palkat vaihtuivat molemmilla yritt\u00e4j\u00e4n ep\u00e4varmuuteen. Ensimm\u00e4inen tilivuosi p\u00e4\u00e4tyi niukin naukin plussalle.<\/p>\n<p class=\"article-body mb-nof-24 px-nof-16\">\u2013\u2009T\u00f6it\u00e4 sen eteen on jouduttu tekem\u00e4\u00e4n ihan valtavasti. Oli tiedossa, ett\u00e4 helppoa ei ole, mutta toiveissa oli, ett\u00e4 leiv\u00e4n t\u00e4st\u00e4 saa. Viime ajat on menty niin, ett\u00e4 juuri ja juuri omat laskut saa maksettua.<\/p>\n<p class=\"article-body mb-nof-24 px-nof-16\">Normip\u00e4iv\u00e4 on 10\u201311 tuntia. Jos on tapahtumia tai tilanteet eskaloituvat, ty\u00f6 vie p\u00e4iv\u00e4st\u00e4 14\u201315 tuntia.<\/p>\n<p class=\"article-body mb-nof-24 px-nof-16\">Korhonen on itsekin ihmetellyt, miten p\u00e4\u00e4 pysyy kasassa. Yht\u00e4l\u00f6, jossa t\u00f6it\u00e4 tehd\u00e4\u00e4n yhdess\u00e4, kannetaan yritt\u00e4j\u00e4riski\u00e4 ja stressi\u00e4 ja v\u00e4symyst\u00e4 kotiin on alalla toimiville yritt\u00e4j\u00e4pareille hyvin tuttu.<\/p>\n<p class=\"article-body mb-nof-24 px-nof-16\">\u2013\u2009Yhdess\u00e4 on t\u00e4h\u00e4n l\u00e4hetty ja yhdess\u00e4 pit\u00e4\u00e4 t\u00e4st\u00e4 selvit\u00e4.<\/p>\n<blockquote class=\"p-[var(--citation-padding)] m-[var(--citation-margin)] border-y-[length:var(--citation-border-width)] border-y-[color:var(--citation-border-color)]\">\n<p>Er\u00e4s rouva k\u00e4vi hakemassa pizzaa ja pahoitteli, ettei ole kahteen kuukauteen k\u00e4ynyt. Sanoin, ett\u00e4 en min\u00e4 laske p\u00e4ivi\u00e4. P\u00e4\u00e4asia, ett\u00e4 olet nyt siin\u00e4.<\/p>\n<\/blockquote>\n<p class=\"article-body mb-nof-24 px-nof-16\">Tulevaisuudessa ajatuksena on saada majoittumis- ja ruokapuolta kasvatettua entisest\u00e4\u00e4n, vaikkakin se jo nyt muodostaa yrityksen liikevaihdosta noin 80 prosenttia.<\/p>\n<p class=\"article-body mb-nof-24 px-nof-16\">Heidi Korhonen kiittelee asiakkaita ja ty\u00f6yhteis\u00f6\u00e4, jotka auttavat jaksamaan pitkien ja rankkojen ty\u00f6p\u00e4ivien l\u00e4pi.<\/p>\n<p class=\"article-body mb-nof-24 px-nof-16\">Juuri se asiakkaiden tuki, sadat tsemppiviestit ja kohtaamiset ovat saaneet jaksamaan, ja yhdess\u00e4 koettu on my\u00f6s yhdess\u00e4 jaettu.<\/p>\n<p class=\"article-body mb-nof-24 px-nof-16\">Tiilikassa k\u00e4y paljon paikallisia vakiasiakkaita.<\/p>\n<p class=\"article-body mb-nof-24 px-nof-16\">\u2013\u2009Er\u00e4s rouva k\u00e4vi tuossa hakemassa pizzaa ja pahoitteli, ettei ole kahteen kuukauteen k\u00e4ynyt. Sanoin, ett\u00e4 voi kuule, en min\u00e4 laske p\u00e4ivi\u00e4. P\u00e4\u00e4asia, ett\u00e4 olet nyt siin\u00e4.<\/p>\n<p class=\"article-body mb-nof-24 px-nof-16\">Korhonen katsoo, ett\u00e4 asiakkaiden pit\u00e4isi tulla palvelun ja ruuan takia.<\/p>\n<p class=\"article-body mb-nof-24 px-nof-16\">\u2013\u2009Toisaalta ihan yleisestikin koko Suomen tasolla on se niinkin, ett\u00e4 palvelut saa pysym\u00e4\u00e4n vain niit\u00e4 k\u00e4ytt\u00e4m\u00e4ll\u00e4. Se koskee kaikkia palveluita ja kivijalkakauppoja.<\/p>\n","protected":false},"excerpt":{"rendered":"\u201dYhdess\u00e4 on t\u00e4h\u00e4n l\u00e4hetty ja yhdess\u00e4 pit\u00e4\u00e4 t\u00e4st\u00e4 selvit\u00e4\u201d, sanoo rautavaaralainen yritt\u00e4j\u00e4. Rautavaaralaiset kertovat mit\u00e4 mielt\u00e4 ovat kotipaikastaan.&hellip;\n","protected":false},"author":2,"featured_media":127472,"comment_status":"","ping_status":"","sticky":false,"template":"","format":"standard","meta":{"footnotes":""},"categories":[12],"tags":[22,23,26,27,33,31,30,17,34,24,25,28,29,15,18,21,32,19,20,16],"class_list":{"0":"post-127471","1":"post","2":"type-post","3":"status-publish","4":"format-standard","5":"has-post-thumbnail","7":"category-suomi","8":"tag-breaking-news","9":"tag-breakingnews","10":"tag-featured-news","11":"tag-featurednews","12":"tag-fi","13":"tag-finland","14":"tag-finnish","15":"tag-headlines","16":"tag-ilta-sanomat","17":"tag-latest-news","18":"tag-latestnews","19":"tag-main-news","20":"tag-mainnews","21":"tag-news","22":"tag-otsikot","23":"tag-paauutiset","24":"tag-suomi","25":"tag-top-stories","26":"tag-topstories","27":"tag-uutiset"},"share_on_mastodon":{"url":"https:\/\/pubeurope.com\/@fi\/115794495720158397","error":""},"_links":{"self":[{"href":"https:\/\/www.europesays.com\/fi\/wp-json\/wp\/v2\/posts\/127471","targetHints":{"allow":["GET"]}}],"collection":[{"href":"https:\/\/www.europesays.com\/fi\/wp-json\/wp\/v2\/posts"}],"about":[{"href":"https:\/\/www.europesays.com\/fi\/wp-json\/wp\/v2\/types\/post"}],"author":[{"embeddable":true,"href":"https:\/\/www.europesays.com\/fi\/wp-json\/wp\/v2\/users\/2"}],"replies":[{"embeddable":true,"href":"https:\/\/www.europesays.com\/fi\/wp-json\/wp\/v2\/comments?post=127471"}],"version-history":[{"count":0,"href":"https:\/\/www.europesays.com\/fi\/wp-json\/wp\/v2\/posts\/127471\/revisions"}],"wp:featuredmedia":[{"embeddable":true,"href":"https:\/\/www.europesays.com\/fi\/wp-json\/wp\/v2\/media\/127472"}],"wp:attachment":[{"href":"https:\/\/www.europesays.com\/fi\/wp-json\/wp\/v2\/media?parent=127471"}],"wp:term":[{"taxonomy":"category","embeddable":true,"href":"https:\/\/www.europesays.com\/fi\/wp-json\/wp\/v2\/categories?post=127471"},{"taxonomy":"post_tag","embeddable":true,"href":"https:\/\/www.europesays.com\/fi\/wp-json\/wp\/v2\/tags?post=127471"}],"curies":[{"name":"wp","href":"https:\/\/api.w.org\/{rel}","templated":true}]}}