{"id":127473,"date":"2025-12-28T01:02:20","date_gmt":"2025-12-28T01:02:20","guid":{"rendered":"https:\/\/www.europesays.com\/fi\/127473\/"},"modified":"2025-12-28T01:02:20","modified_gmt":"2025-12-28T01:02:20","slug":"sampo-kaulasta-odotti-pahaenteinen-naky-kittilan-lentoasemalla-kylla-se-saikaytti","status":"publish","type":"post","link":"https:\/\/www.europesays.com\/fi\/127473\/","title":{"rendered":"Sampo Kaulasta odotti pahaenteinen n\u00e4ky Kittil\u00e4n lentoasemalla: \u201dKyll\u00e4 se s\u00e4ik\u00e4ytti\u201d"},"content":{"rendered":"<p>Yritt\u00e4j\u00e4 Sampo Kaulanen sattui paikan p\u00e4\u00e4lle, kun Kittil\u00e4n lentoasemalla oli h\u00e4lytystilanne k\u00e4ynniss\u00e4.<\/p>\n<p><img decoding=\"async\" class=\"image image-show image-preview\" src=\"https:\/\/www.europesays.com\/fi\/wp-content\/uploads\/2025\/12\/84891363dbf23328c7033b6d2c01b5dd679f7358a4ff535116c6416be3b431f6.jpg\" alt=\"\"\/><img decoding=\"async\" class=\"image image-show\" src=\"https:\/\/www.europesays.com\/fi\/wp-content\/uploads\/2025\/12\/1766883740_22_84891363dbf23328c7033b6d2c01b5dd679f7358a4ff535116c6416be3b431f6.jpg\" alt=\"\"\/><\/p>\n<p>Sampo Kaulanen on tunnettu yritt\u00e4j\u00e4. Elle Laitila<\/p>\n<p class=\"paragraph\">Matkailuyritt\u00e4j\u00e4 <a href=\"https:\/\/www.iltalehti.fi\/henkilot\/Sampo Kaulanen\" class=\"article-link-person-page\" rel=\"nofollow noopener\" target=\"_blank\">Sampo Kaulanen<\/a> oli kuljettamassa asiakkaitaan Kittil\u00e4n lentoasemalle lauantaina, kun h\u00e4n havaitsi paikan p\u00e4\u00e4ll\u00e4 useita h\u00e4lytysajoneuvoja.<\/p>\n<p class=\"paragraph\">\u2013 Kyll\u00e4 se s\u00e4ik\u00e4ytti, ett\u00e4 onko siell\u00e4 pahemmin k\u00e4ynyt.<\/p>\n<p class=\"paragraph\">Lopulta k\u00e4vi ilmi, ett\u00e4 matkustajakone ja pienkone ajautuivat kovan tuulen vuoksi lumipenkkaan. Lapin pelastuslaitoksen mukaan kukaan ei loukkaantunut tilanteessa.<\/p>\n<p class=\"paragraph\">Matkustajakoneen kyydiss\u00e4 oli noin 150 henkil\u00f6\u00e4, kun taas pienkoneen kyydiss\u00e4 matkustajia oli alle 10.<\/p>\n<p class=\"paragraph\">S\u00e4\u00e4olosuhteet Kittil\u00e4ss\u00e4 olivat eritt\u00e4in haastavat yritt\u00e4j\u00e4n mukaan. Eritt\u00e4in kova tuuli vaikeutti kulkemista.<\/p>\n<p class=\"paragraph\">\u2013 Jo pelkk\u00e4 ajomatka lentokent\u00e4lle oli rankka. Piti ajaa todella varovasti, Kaulanen kertoo.<\/p>\n<p class=\"paragraph\">Yritt\u00e4j\u00e4 kertoo olevansa edelleen Kittil\u00e4ss\u00e4, koska h\u00e4n odottaa seuraavia asiakkaitaan.<\/p>\n<p class=\"paragraph\">\u2013 Kone on tulossa Lontoosta, mutta se k\u00e4\u00e4ntyi Tukholmaan. Nyt odotamme, mit\u00e4 heille tapahtuu.<\/p>\n","protected":false},"excerpt":{"rendered":"Yritt\u00e4j\u00e4 Sampo Kaulanen sattui paikan p\u00e4\u00e4lle, kun Kittil\u00e4n lentoasemalla oli h\u00e4lytystilanne k\u00e4ynniss\u00e4. Sampo Kaulanen on tunnettu yritt\u00e4j\u00e4. Elle&hellip;\n","protected":false},"author":2,"featured_media":127474,"comment_status":"","ping_status":"","sticky":false,"template":"","format":"standard","meta":{"footnotes":""},"categories":[5],"tags":[35,22,23,26,27,33,31,30,17,24,25,2910,121,28,29,923,15,837,120,18,21,32,19,20,16],"class_list":{"0":"post-127473","1":"post","2":"type-post","3":"status-publish","4":"format-standard","5":"has-post-thumbnail","7":"category-otsikot","8":"tag-24h","9":"tag-breaking-news","10":"tag-breakingnews","11":"tag-featured-news","12":"tag-featurednews","13":"tag-fi","14":"tag-finland","15":"tag-finnish","16":"tag-headlines","17":"tag-latest-news","18":"tag-latestnews","19":"tag-lentoliikenne-ilmaliikenne","20":"tag-liikenne-ja-kuljetus","21":"tag-main-news","22":"tag-mainnews","23":"tag-matkustaminen","24":"tag-news","25":"tag-onnettomuudet","26":"tag-onnettomuustapaus","27":"tag-otsikot","28":"tag-paauutiset","29":"tag-suomi","30":"tag-top-stories","31":"tag-topstories","32":"tag-uutiset"},"share_on_mastodon":{"url":"https:\/\/pubeurope.com\/@fi\/115794499524877890","error":""},"_links":{"self":[{"href":"https:\/\/www.europesays.com\/fi\/wp-json\/wp\/v2\/posts\/127473","targetHints":{"allow":["GET"]}}],"collection":[{"href":"https:\/\/www.europesays.com\/fi\/wp-json\/wp\/v2\/posts"}],"about":[{"href":"https:\/\/www.europesays.com\/fi\/wp-json\/wp\/v2\/types\/post"}],"author":[{"embeddable":true,"href":"https:\/\/www.europesays.com\/fi\/wp-json\/wp\/v2\/users\/2"}],"replies":[{"embeddable":true,"href":"https:\/\/www.europesays.com\/fi\/wp-json\/wp\/v2\/comments?post=127473"}],"version-history":[{"count":0,"href":"https:\/\/www.europesays.com\/fi\/wp-json\/wp\/v2\/posts\/127473\/revisions"}],"wp:featuredmedia":[{"embeddable":true,"href":"https:\/\/www.europesays.com\/fi\/wp-json\/wp\/v2\/media\/127474"}],"wp:attachment":[{"href":"https:\/\/www.europesays.com\/fi\/wp-json\/wp\/v2\/media?parent=127473"}],"wp:term":[{"taxonomy":"category","embeddable":true,"href":"https:\/\/www.europesays.com\/fi\/wp-json\/wp\/v2\/categories?post=127473"},{"taxonomy":"post_tag","embeddable":true,"href":"https:\/\/www.europesays.com\/fi\/wp-json\/wp\/v2\/tags?post=127473"}],"curies":[{"name":"wp","href":"https:\/\/api.w.org\/{rel}","templated":true}]}}