{"id":127480,"date":"2025-12-28T01:26:09","date_gmt":"2025-12-28T01:26:09","guid":{"rendered":"https:\/\/www.europesays.com\/fi\/127480\/"},"modified":"2025-12-28T01:26:09","modified_gmt":"2025-12-28T01:26:09","slug":"tekoalyn-kaytto-sosiaaliturvan-valvonnassa-voi-johtaa-rakenteelliseen-syrjintaan","status":"publish","type":"post","link":"https:\/\/www.europesays.com\/fi\/127480\/","title":{"rendered":"Teko\u00e4lyn k\u00e4ytt\u00f6 sosiaaliturvan valvonnassa voi johtaa rakenteelliseen syrjint\u00e4\u00e4n"},"content":{"rendered":"<p>Lukijan mielipide|Jos teko\u00e4ly\u00e4 k\u00e4ytet\u00e4\u00e4n sosiaaliturvan valvonnassa, jokaisella kansalaiselle on tultava automaattisesti raportti siit\u00e4, mit\u00e4 tietoa h\u00e4nest\u00e4 on ker\u00e4tty.<\/p>\n<p class=\"article-body nof-ui-body-medium mb-nof-24 px-nof-16\">Kirjoitus on Helsingin Sanomien lukijan mielipide.<\/p>\n<p class=\"article-body nof-ui-body-medium mb-nof-24 px-nof-16\">Kirjoitus on Helsingin Sanomien lukijan mielipide.<\/p>\n<p class=\"article-body mb-nof-24 px-nof-16\">Teko\u00e4lyn k\u00e4ytt\u00f6 sosiaaliturvan valvonnassa on eettisesti haastavaa ja voi vaarantaa perusoikeuksia, kuten Amnesty Internationalin <a class=\"article-personlink\" href=\"https:\/\/www.hs.fi\/haku\/?query=Likhita%20Banerji\" rel=\"nofollow noopener\" target=\"_blank\">Likhita Banerji<\/a> ja <a class=\"article-personlink\" href=\"https:\/\/www.hs.fi\/haku\/?query=Mariko%20Sato\" rel=\"nofollow noopener\" target=\"_blank\">Mariko Sato<\/a> <a class=\"underline underline-offset-[0.12em] [text-decoration-thickness:var(--generic-link-underline-thickness)] [text-decoration-color:var(--generic-link-underline-color)] [text-decoration-skip-ink:var(--generic-link-underline-skip-ink)] break-words\" href=\"https:\/\/www.hs.fi\/paakirjoitukset\/art-2000011623186.html\" rel=\"nofollow noopener\" target=\"_blank\">(HS 18.12.) <\/a>nostivat ansiokkaasti esille. Teko\u00e4lylukutaito tarkoittaa esimerkiksi kyky\u00e4 ymm\u00e4rt\u00e4\u00e4, miten teko\u00e4lyj\u00e4rjestelm\u00e4t tuottavat tietoa, miten niit\u00e4 k\u00e4ytet\u00e4\u00e4n ja millaisia eettisi\u00e4 valintoja niihin sis\u00e4ltyy. Teko\u00e4lyn kriittinen ja vastuullinen k\u00e4ytt\u00f6 on edellytys toimivalle demokratialle.<\/p>\n<p class=\"article-body mb-nof-24 px-nof-16\">Suunnitellun kaltainen teko\u00e4lypohjainen valvontaj\u00e4rjestelm\u00e4 k\u00e4sittelisi eritt\u00e4in arkaluonteista dataa, kuten terveys- ja taloustietoja. Vaikka lains\u00e4\u00e4d\u00e4nt\u00f6, mukaan lukien EU:n AI-s\u00e4\u00e4ntely, asettaa reunaehtoja, kansalaisten on voitava valvoa omia tietojaan ja saada tiet\u00e4\u00e4, miten heid\u00e4n dataansa ker\u00e4t\u00e4\u00e4n, yhdistell\u00e4\u00e4n ja k\u00e4ytet\u00e4\u00e4n p\u00e4\u00e4t\u00f6ksenteossa. Ilman l\u00e4pin\u00e4kyvyytt\u00e4 ja oikeutta korjata virheit\u00e4 j\u00e4rjestelm\u00e4t heikent\u00e4v\u00e4t luottamusta ja oikeusturvaa.<\/p>\n<p class=\"article-body mb-nof-24 px-nof-16\">Oppiva teko\u00e4ly ei vain k\u00e4sittele tietoa vaan muodostaa uusia merkityksi\u00e4. Tiedonmuodostusprosessiin voi synty\u00e4 vinoumia sek\u00e4 aineistosta ett\u00e4 oppimisvaiheista, eik\u00e4 n\u00e4it\u00e4 prosesseja useinkaan dokumentoida tai avata riitt\u00e4v\u00e4sti. Virheet ja varhaiset yleistykset voivat j\u00e4\u00e4d\u00e4 piiloon ja vaikuttaa p\u00e4\u00e4t\u00f6ksiin pitk\u00e4\u00e4n.<\/p>\n<p class=\"article-body mb-nof-24 px-nof-16\">Sosiaaliturvan valvonnassa t\u00e4m\u00e4 voi johtaa ihmisten profilointiin ja rakenteelliseen syrjint\u00e4\u00e4n, jossa moninaiset el\u00e4m\u00e4ntilanteet voidaan tulkita ep\u00e4ilytt\u00e4viksi. Esit\u00e4n my\u00f6s eettisen kysymyksen: Olisiko vastaava j\u00e4rjestelm\u00e4 eettisesti kest\u00e4v\u00e4 esimerkiksi yritysten taikka verovelvollisten seurantaan? Jos ei olisi, miksi se sallittaisiin kaikista k\u00f6yhimpien kohdalla?<\/p>\n<p class=\"article-body mb-nof-24 px-nof-16\">Ohjelmoijilla, j\u00e4rjestelmien suunnittelijoilla ja tilaajilla on henkil\u00f6kohtainen eettinen vastuu ymm\u00e4rt\u00e4\u00e4 teko\u00e4lyn tiedontuotantoa ja arvioida riskej\u00e4 jokaisessa kehitysvaiheessa. Jos teko\u00e4ly\u00e4 k\u00e4ytet\u00e4\u00e4n sosiaaliturvan valvonnassa, jokaiselle kansalaiselle on tultava automaattisesti raportti siit\u00e4, mit\u00e4 h\u00e4nest\u00e4 on ker\u00e4tty, miten tietoa on yhdistetty ja miten p\u00e4\u00e4telmi\u00e4 on tehty. Kansalaisilla on oikeus korjata virheelliset tiedot. Viranomaisen tulee varmistaa, ettei teko\u00e4lyst\u00e4 tule n\u00e4kym\u00e4t\u00f6n valvontakoneisto, joka kohdistuu erityisesti kaikkein heikoimmassa asemassa oleviin.<\/p>\n<p class=\"article-body mb-nof-24 px-nof-16\">Saija Salonen<\/p>\n<p class=\"article-body mb-nof-24 px-nof-16\">v\u00e4it\u00f6skirjatutkija,<\/p>\n<p class=\"article-body mb-nof-24 px-nof-16\">teko\u00e4lylukutaidot, Helsinki <\/p>\n<p class=\"article-body nof-ui-body-medium mb-nof-24 px-nof-16\">HS:n toimitus valitsee ja toimittaa mielipidekirjoitukset. Voit j\u00e4tt\u00e4\u00e4 mielipidekirjoituksen tai tutustua kirjoitusten periaatteisiin osoitteessa <a class=\"underline underline-offset-[0.12em] [text-decoration-thickness:var(--generic-link-underline-thickness)] [text-decoration-color:var(--generic-link-underline-color)] [text-decoration-skip-ink:var(--generic-link-underline-skip-ink)] break-words article-endnote\" href=\"http:\/\/www.hs.fi\/kirjoitamielipidekirjoitus\/\" rel=\"nofollow noopener\" target=\"_blank\">http:\/\/www.hs.fi\/kirjoitamielipidekirjoitus\/<\/a>.<\/p>\n","protected":false},"excerpt":{"rendered":"Lukijan mielipide|Jos teko\u00e4ly\u00e4 k\u00e4ytet\u00e4\u00e4n sosiaaliturvan valvonnassa, jokaisella kansalaiselle on tultava automaattisesti raportti siit\u00e4, mit\u00e4 tietoa h\u00e4nest\u00e4 on ker\u00e4tty.&hellip;\n","protected":false},"author":2,"featured_media":96697,"comment_status":"","ping_status":"","sticky":false,"template":"","format":"standard","meta":{"footnotes":""},"categories":[14],"tags":[22,23,26,27,33,31,30,17,46,24,25,28,29,15,18,21,32,19,20,56,16,59,60,61],"class_list":{"0":"post-127480","1":"post","2":"type-post","3":"status-publish","4":"format-standard","5":"has-post-thumbnail","7":"category-ulkomaat","8":"tag-breaking-news","9":"tag-breakingnews","10":"tag-featured-news","11":"tag-featurednews","12":"tag-fi","13":"tag-finland","14":"tag-finnish","15":"tag-headlines","16":"tag-helsingin-sanomat","17":"tag-latest-news","18":"tag-latestnews","19":"tag-main-news","20":"tag-mainnews","21":"tag-news","22":"tag-otsikot","23":"tag-paauutiset","24":"tag-suomi","25":"tag-top-stories","26":"tag-topstories","27":"tag-ulkomaat","28":"tag-uutiset","29":"tag-world","30":"tag-world-news","31":"tag-worldnews"},"share_on_mastodon":{"url":"https:\/\/pubeurope.com\/@fi\/115794593898565079","error":""},"_links":{"self":[{"href":"https:\/\/www.europesays.com\/fi\/wp-json\/wp\/v2\/posts\/127480","targetHints":{"allow":["GET"]}}],"collection":[{"href":"https:\/\/www.europesays.com\/fi\/wp-json\/wp\/v2\/posts"}],"about":[{"href":"https:\/\/www.europesays.com\/fi\/wp-json\/wp\/v2\/types\/post"}],"author":[{"embeddable":true,"href":"https:\/\/www.europesays.com\/fi\/wp-json\/wp\/v2\/users\/2"}],"replies":[{"embeddable":true,"href":"https:\/\/www.europesays.com\/fi\/wp-json\/wp\/v2\/comments?post=127480"}],"version-history":[{"count":0,"href":"https:\/\/www.europesays.com\/fi\/wp-json\/wp\/v2\/posts\/127480\/revisions"}],"wp:featuredmedia":[{"embeddable":true,"href":"https:\/\/www.europesays.com\/fi\/wp-json\/wp\/v2\/media\/96697"}],"wp:attachment":[{"href":"https:\/\/www.europesays.com\/fi\/wp-json\/wp\/v2\/media?parent=127480"}],"wp:term":[{"taxonomy":"category","embeddable":true,"href":"https:\/\/www.europesays.com\/fi\/wp-json\/wp\/v2\/categories?post=127480"},{"taxonomy":"post_tag","embeddable":true,"href":"https:\/\/www.europesays.com\/fi\/wp-json\/wp\/v2\/tags?post=127480"}],"curies":[{"name":"wp","href":"https:\/\/api.w.org\/{rel}","templated":true}]}}