{"id":127498,"date":"2025-12-28T02:18:12","date_gmt":"2025-12-28T02:18:12","guid":{"rendered":"https:\/\/www.europesays.com\/fi\/127498\/"},"modified":"2025-12-28T02:18:12","modified_gmt":"2025-12-28T02:18:12","slug":"kreetalle-on-pyrkinyt-tana-vuonna-17-000-pakolaista","status":"publish","type":"post","link":"https:\/\/www.europesays.com\/fi\/127498\/","title":{"rendered":"Kreetalle on pyrkinyt t\u00e4n\u00e4 vuonna 17\u00a0000 pakolaista"},"content":{"rendered":"<p><strong class=\"typography-bold\">Kreetalle on t\u00e4n\u00e4 vuonna saapunut enemm\u00e4n Eurooppaan pyrkivi\u00e4 ihmisi\u00e4 Pohjois-Afrikasta kuin millek\u00e4\u00e4n muulle Kreikan saarista.<\/strong><\/p>\n<p>Kreikassa rannikkovartiosto pelasti j\u00e4lleen lauantaina yli 130 ihmist\u00e4 merelt\u00e4 Kreetan edustalta. Poliisin edustajan mukaan viiden viime p\u00e4iv\u00e4n aikana alueelta on pelastettu yli 800 ihmist\u00e4.<\/p>\n<p>Lauantaiaamuna pelastetut ihmiset olivat kalastusveneess\u00e4 Kreetan saariin kuuluvan Gavdosin etel\u00e4puolella. Viranomaiset eiv\u00e4t ole kertoneet, mink\u00e4 maiden kansalaisia veneen kyydiss\u00e4 oli.<\/p>\n<p>Monet Libyasta Kreetalle pyrkiv\u00e4t ihmiset hukkuvat vaarallisella merimatkalla.<\/p>\n<p>Joulukuun alussa miltei parikymment\u00e4 ihmist\u00e4 l\u00f6ytyi kuolleena, kun heid\u00e4n veneens\u00e4 oli uponnut Kreetan rannikon edustalla. Suurin osa oli sudanilaisia ja egyptil\u00e4isi\u00e4. 15 ihmist\u00e4 ilmoitettiin kadonneiksi, ja vain kaksi selvisi hengiss\u00e4.<\/p>\n<p>YK:n pakolaisj\u00e4rjest\u00f6n mukaan l\u00e4hes 17\u2009000 Eurooppaan pyrkiv\u00e4\u00e4 ihmist\u00e4 on saapunut Kreetalle kuluvan vuoden aikana. M\u00e4\u00e4r\u00e4 on suurempi kuin mill\u00e4\u00e4n muulla Kreikan saarella.<\/p>\n<p>Hein\u00e4kuussa Kreikan hallitus ilmoitti Pohjois-Afrikasta tulevien ihmisten turvapaikkahakemusten k\u00e4sittelyn keskeytt\u00e4misest\u00e4 muutamaksi kuukaudeksi. Hallituksen mukaan p\u00e4\u00e4t\u00f6s oli v\u00e4ltt\u00e4m\u00e4t\u00f6n tulijoiden suuren m\u00e4\u00e4r\u00e4n vuoksi, mutta monet ihmisoikeusj\u00e4rjest\u00f6t kritisoivat sit\u00e4.<\/p>\n","protected":false},"excerpt":{"rendered":"Kreetalle on t\u00e4n\u00e4 vuonna saapunut enemm\u00e4n Eurooppaan pyrkivi\u00e4 ihmisi\u00e4 Pohjois-Afrikasta kuin millek\u00e4\u00e4n muulle Kreikan saarista. Kreikassa rannikkovartiosto pelasti&hellip;\n","protected":false},"author":2,"featured_media":127499,"comment_status":"","ping_status":"","sticky":false,"template":"","format":"standard","meta":{"footnotes":""},"categories":[14],"tags":[22,23,26,27,33,31,30,17,24,25,28,29,15,18,21,32,19,20,56,16,59,60,61],"class_list":{"0":"post-127498","1":"post","2":"type-post","3":"status-publish","4":"format-standard","5":"has-post-thumbnail","7":"category-ulkomaat","8":"tag-breaking-news","9":"tag-breakingnews","10":"tag-featured-news","11":"tag-featurednews","12":"tag-fi","13":"tag-finland","14":"tag-finnish","15":"tag-headlines","16":"tag-latest-news","17":"tag-latestnews","18":"tag-main-news","19":"tag-mainnews","20":"tag-news","21":"tag-otsikot","22":"tag-paauutiset","23":"tag-suomi","24":"tag-top-stories","25":"tag-topstories","26":"tag-ulkomaat","27":"tag-uutiset","28":"tag-world","29":"tag-world-news","30":"tag-worldnews"},"share_on_mastodon":{"url":"https:\/\/pubeurope.com\/@fi\/115794798478013749","error":""},"_links":{"self":[{"href":"https:\/\/www.europesays.com\/fi\/wp-json\/wp\/v2\/posts\/127498","targetHints":{"allow":["GET"]}}],"collection":[{"href":"https:\/\/www.europesays.com\/fi\/wp-json\/wp\/v2\/posts"}],"about":[{"href":"https:\/\/www.europesays.com\/fi\/wp-json\/wp\/v2\/types\/post"}],"author":[{"embeddable":true,"href":"https:\/\/www.europesays.com\/fi\/wp-json\/wp\/v2\/users\/2"}],"replies":[{"embeddable":true,"href":"https:\/\/www.europesays.com\/fi\/wp-json\/wp\/v2\/comments?post=127498"}],"version-history":[{"count":0,"href":"https:\/\/www.europesays.com\/fi\/wp-json\/wp\/v2\/posts\/127498\/revisions"}],"wp:featuredmedia":[{"embeddable":true,"href":"https:\/\/www.europesays.com\/fi\/wp-json\/wp\/v2\/media\/127499"}],"wp:attachment":[{"href":"https:\/\/www.europesays.com\/fi\/wp-json\/wp\/v2\/media?parent=127498"}],"wp:term":[{"taxonomy":"category","embeddable":true,"href":"https:\/\/www.europesays.com\/fi\/wp-json\/wp\/v2\/categories?post=127498"},{"taxonomy":"post_tag","embeddable":true,"href":"https:\/\/www.europesays.com\/fi\/wp-json\/wp\/v2\/tags?post=127498"}],"curies":[{"name":"wp","href":"https:\/\/api.w.org\/{rel}","templated":true}]}}