{"id":127500,"date":"2025-12-28T02:19:15","date_gmt":"2025-12-28T02:19:15","guid":{"rendered":"https:\/\/www.europesays.com\/fi\/127500\/"},"modified":"2025-12-28T02:19:15","modified_gmt":"2025-12-28T02:19:15","slug":"rovaniemen-lentoliikenne-kaynnistyi-uudelleen-peruttujen-lentojen-matkustajat-etsivat-majapaikkoja-2","status":"publish","type":"post","link":"https:\/\/www.europesays.com\/fi\/127500\/","title":{"rendered":"Rovaniemen lentoliikenne k\u00e4ynnistyi uudelleen \u2013 peruttujen lentojen matkustajat etsiv\u00e4t majapaikkoja"},"content":{"rendered":"<p>    <img decoding=\"async\" class=\"responsive-image article__image-image lozad\"   src=\"https:\/\/www.europesays.com\/fi\/wp-content\/uploads\/2025\/12\/1766888353_516_KX2K4gH5667KhlIp3d9xC4H6LbyeOfQe7LJH8lzt84XKabxNm-HL50Pzs9zHRCRYSGuu2gz5yqtC8peApNdNtzN92e9Vwb4MC-sQ.jpeg\" alt=\"Genevest\u00e4 Kittil\u00e4\u00e4n saapuneessa matkustajakoneessa oli kyydiss\u00e4 noin 150 matkustajaa. Kone kuvattuna juuri ennen sen liikkeelle saamista.\"\/><\/p>\n<p>\n                Genevest\u00e4 Kittil\u00e4\u00e4n saapuneessa matkustajakoneessa oli kyydiss\u00e4 noin 150 matkustajaa. Kone kuvattuna juuri ennen sen liikkeelle saamista.\n              <\/p>\n<p>\n                Kuva: Lukijan kuva \/ Veikka Hiltunen\n              <\/p>\n<p class=\"article__paragraph\">\n      Lauantaina Suomessa riehuvan Hannes-myrskyn seurauksena Kittil\u00e4n, Ivalon ja Rovaniemen lentokenttien liikenne keskeytettiin.\n    <\/p>\n<p class=\"article__paragraph\">\n      Rovaniemen lentoaseman liikenne k\u00e4ynnistyi viimeisimp\u00e4n\u00e4 kello 22.40 aikaan lauantai-iltana.\n    <\/p>\n<p class=\"article__paragraph\">\n      \u2013 Odotimme tuulen laantumista. On mahdollista, ett\u00e4 y\u00f6n aikana Rovaniemen lentoliikenne voidaan k\u00e4ynnist\u00e4\u00e4 uudelleen, arvioi Pia Fast Finavian viestinn\u00e4st\u00e4 kello 22 aikoihin.\n    <\/p>\n<p class=\"article__paragraph\">\n      Lentoliikenne Kittil\u00e4n lentokent\u00e4ll\u00e4 k\u00e4ynnistyi kello 20 aikoihin ja palautuu v\u00e4hitellen. Ivalon lentoasemalla liikenn\u00f6inti jatkui kello 21 aikaan.\n    <\/p>\n<p class=\"article__paragraph\">\n      Kittil\u00e4n lentoasemalla sattui onnettomuus, kun matkustajakone ja pienkone ajautuivat lumipenkkaan kovan tuulen vuoksi kello 16 aikaan lauantaina. Kukaan ei loukkaantunut tilanteessa.\n    <\/p>\n<p>      &#8221;Eritt\u00e4in haastavat olosuhteet&#8221;<\/p>\n<p class=\"article__paragraph\">\n      Lentoyhti\u00f6t vastaavat my\u00f6h\u00e4styneiden tai peruuntuneiden lentojen matkustajille aiheutuvista lis\u00e4j\u00e4rjestelyist\u00e4.\n    <\/p>\n<p class=\"article__paragraph\">\n      Toimituksen tietojen mukaan Kittil\u00e4n lentoasemalla on pyydetty joidenkin lentoyhti\u00f6iden tai matkatoimistojen asiakkaita kokoontumaan tiettyyn paikkaan selvitt\u00e4m\u00e4\u00e4n majoitusta. Samalla on kerrottu, ett\u00e4 Kittil\u00e4ss\u00e4 ja Levill\u00e4 ei juuri ole vapaita majoituksia.\n    <\/p>\n<p class=\"article__paragraph\">\n      Kahden Finnairin perutun lennon matkustajia on kehotettu Kittil\u00e4ss\u00e4 hakemaan matkatavaransa hihnalta ja etsim\u00e4\u00e4n majoitusta y\u00f6ksi.\n    <\/p>\n<p class=\"article__paragraph\">\n      My\u00f6s Rovaniemell\u00e4 useat matkustajat ovat etsineet esimerkiksi Facebookista y\u00f6sijaa.\n    <\/p>\n<p class=\"article__paragraph\">\n      Rovaniemen lentoaseman lennoissa on ollut lauantaina <a href=\"https:\/\/www.finavia.fi\/fi\/lentoasemat\/rovaniemi\/lennot?tab=arr\" rel=\"nofollow noopener\" target=\"_blank\">useiden tuntien my\u00f6h\u00e4stymisi\u00e4<\/a>, ja lentoja on my\u00f6s peruttu.\n    <\/p>\n<p class=\"article__paragraph\">\n      \u2013 Pohjoisen lentokentill\u00e4 on eritt\u00e4in haastavat olosuhteet. Voimakkaan tuulen takia on tehty p\u00e4\u00e4t\u00f6s lentoliikenteen keskeytt\u00e4misest\u00e4, Fast kertoi aiemmin lauantaina.\n    <\/p>\n<p class=\"article__paragraph\">\n      Lapin lentoasemilta on ohjattu lentoja Oulun, Kemi-Tornion, Kuusamon ja Helsinki-Vantaan lentokentille. Joitain lentoja on k\u00e4\u00e4nnytetty Tukholmaan Arlandan lentoasemalle.\n    <\/p>\n<p class=\"article__paragraph\">\n      Fastilla ei ole tarkempia tietoja esimerkiksi Oulun lentokent\u00e4lle s\u00e4\u00e4olosuhteiden vuoksi ohjattujen lentojen m\u00e4\u00e4r\u00e4st\u00e4. H\u00e4n arvioi lentoja olevan muutamia.\n    <\/p>\n<p class=\"article__paragraph\">\n      Finnairin viestint\u00e4johtaja P\u00e4ivyt Tallqvist kertoi alkuillasta, ett\u00e4 yksi Finnairin Rovaniemelle matkalla ollut lentokone on ohjattu laskeutumaan Ouluun. T\u00e4ll\u00e4 lennolla olleet matkustajat kuljetettiin linja-autolla Rovaniemelle.\n    <\/p>\n<p>    <img decoding=\"async\" class=\"responsive-image article__image-image lozad\"   src=\"https:\/\/www.europesays.com\/fi\/wp-content\/uploads\/2025\/12\/1766888354_935_DWBQd8ndWjM-3GYPjCxr0KNu5LGQBjlw7iMuvl28w5cvI2rAzqWn7vUIxP_4OhiEZWZ6hnfIkiZXiBsgVHbl95R6eux0nDCv2kL1.jpeg\" alt=\"Kittil\u00e4n lentokentt\u00e4 oli kiinni kovan tuulen vuoksi. Ihmiset ottivat tiedon rauhallisesti.\"\/><\/p>\n<p>\n                Kittil\u00e4n lentokentt\u00e4 oli kiinni kovan tuulen vuoksi. Ihmiset ottivat tiedon rauhallisesti.\n              <\/p>\n<p>\n                Kuva: MIIA TIKKUNEN\n              <\/p>\n<p>      Tuuli suisti koneet lumipenkkaan<\/p>\n<p class=\"article__paragraph\">\n      Kittil\u00e4n onnettomuudessa koneet ajautuivat lumipenkkaan lentokent\u00e4n rullaustiell\u00e4 kovan tuulen vaikutuksesta, kerrotaan pelastuslaitokselta.\n    <\/p>\n<p class=\"article__paragraph\">\n      \u2013 Tietojemme mukaan kukaan ei ole loukkaantunut tilanteessa.\n    <\/p>\n<p class=\"article__paragraph\">\n      Matkustajakoneessa on noin 150 matkustajaa ja pienkoneessa alle 10 matkustajaa.\n    <\/p>\n<p class=\"article__paragraph\">\n      \u2013\u202fKoneet eiv\u00e4t t\u00f6rm\u00e4nneet toisiinsa miss\u00e4\u00e4n vaiheessa.\n    <\/p>\n<p class=\"article__paragraph\">\n      Pelastustoimen yksik\u00f6t varmistivat tilannetta Kittil\u00e4n lentoasemalla yhdess\u00e4 Finavian henkil\u00f6kunnan kanssa. Paikalle h\u00e4lytettiin yhdeks\u00e4n pelastuslaitoksen yksikk\u00f6\u00e4.\n    <\/p>\n<p class=\"article__paragraph\">\n      H\u00e4lytys suuresta lento-onnettomuudesta tuli 16 j\u00e4lkeen lauantaina.\n    <\/p>\n<p class=\"article__paragraph\">\n      Tavoitimme Kittil\u00e4n lentokent\u00e4lt\u00e4 Miia Tikkusen, joka oli l\u00e4hd\u00f6ss\u00e4 Helsinkiin kello 18 j\u00e4lkeen l\u00e4htev\u00e4ll\u00e4 lennolla tytt\u00e4rens\u00e4 kanssa.\n    <\/p>\n<p class=\"article__paragraph\">\n      \u2013 T\u00e4ll\u00e4 tietoa emme ole l\u00e4hd\u00f6ss\u00e4. Juuri tuli uusi kuulutus, ett\u00e4 kentt\u00e4 pysyy edelleen suljettuna.\n    <\/p>\n<p>    <img decoding=\"async\" class=\"responsive-image article__image-image lozad\"   src=\"https:\/\/www.europesays.com\/fi\/wp-content\/uploads\/2025\/12\/1766888354_951_a3KjIN6PRe6Q-U_xlK0VB0KWrM-YpnOFmf7v-c8rY6jM4HxH5Kzl1J1P--qFS4hC1u4dQZ08OoJxqOgsYwMVktdgq84HtO6zYMAD.jpeg\" alt=\"-\"\/><\/p>\n<p class=\"article__paragraph\">\n      Tikkunen sanoo, ettei h\u00e4nell\u00e4 ole viel\u00e4 tarkempaa tietoa omasta lennosta.\n    <\/p>\n<p class=\"article__paragraph\">\n      \u2013\u202fFlight radarin mukaan koneet kiert\u00e4v\u00e4t kent\u00e4n p\u00e4\u00e4ll\u00e4 eli antaisi osviittaa siit\u00e4, ett\u00e4 kentt\u00e4 aukeaa pian, h\u00e4n pohtii.\n    <\/p>\n<p class=\"article__paragraph\">\n      Terminaalissa ei Tikkusen mukaan n\u00e4kynyt h\u00e4lytyksen j\u00e4lkeen mit\u00e4\u00e4n ihmeellist\u00e4, eik\u00e4 ulkopuolellakaan n\u00e4kynyt h\u00e4lytysajoneuvoja.\n    <\/p>\n<p class=\"article__paragraph\">\n      \u2013\u202fKent\u00e4n sulkeminen ei n\u00e4yt\u00e4 haittaavan tai huolestuttavan ihmisi\u00e4. Kaikki vaan hengaavat rauhallisesti, h\u00e4n kertoo.\n    <\/p>\n<p class=\"article__paragraph\">\n      Kittil\u00e4st\u00e4<a href=\"https:\/\/www.finavia.fi\/fi\/lentoasemat\/kittila\/lennot\" rel=\"nofollow noopener\" target=\"_blank\"> olisi l\u00e4hd\u00f6ss\u00e4 <\/a>illan aikana viel\u00e4 toistakymment\u00e4 lentoa, saapuvia lentoja olisi pit\u00e4nyt olla yhdeks\u00e4n.\n    <\/p>\n<p>\n              Kittil\u00e4n myrsky\n            <\/p>\n<p>\n              Video: Lukijan video\n            <\/p>\n<p>\n              Video: LUKIJAN VIDEO\/SAANA TIKKUNEN\n            <\/p>\n<p>    <img decoding=\"async\" class=\"responsive-image article__image-image lozad\"   src=\"https:\/\/www.europesays.com\/fi\/wp-content\/uploads\/2025\/12\/1766888355_375_SsFhcTdrdt15BX1XJ3Wn2OsosqP7fMd8GxZBT09n6Wy_ZDqP8pe86ejTzcqWVuUVJjG3V_SxLy_IPhRWAxXHbn9y8b1wfFcB9hQo.jpeg\" alt=\"Kittil\u00e4n lentoasemalla tiedotetaan kent\u00e4n olevan suljettu eritt\u00e4in vaikeiden s\u00e4\u00e4olosuhteiden vuoksi.\"\/><\/p>\n<p>\n                Kittil\u00e4n lentoasemalla tiedotetaan kent\u00e4n olevan suljettu eritt\u00e4in vaikeiden s\u00e4\u00e4olosuhteiden vuoksi.\n              <\/p>\n<p>\n                Kuva: Miia Tikkunen\n              <\/p>\n<p class=\"article__paragraph\">\n      Uutista p\u00e4ivitetty kauttaaltaan.\n    <\/p>\n","protected":false},"excerpt":{"rendered":"Genevest\u00e4 Kittil\u00e4\u00e4n saapuneessa matkustajakoneessa oli kyydiss\u00e4 noin 150 matkustajaa. Kone kuvattuna juuri ennen sen liikkeelle saamista. Kuva: Lukijan&hellip;\n","protected":false},"author":2,"featured_media":127501,"comment_status":"","ping_status":"","sticky":false,"template":"","format":"standard","meta":{"footnotes":""},"categories":[12],"tags":[22,23,26,27,33,31,30,17,24,25,28,29,15,18,21,32,19,20,16],"class_list":{"0":"post-127500","1":"post","2":"type-post","3":"status-publish","4":"format-standard","5":"has-post-thumbnail","7":"category-suomi","8":"tag-breaking-news","9":"tag-breakingnews","10":"tag-featured-news","11":"tag-featurednews","12":"tag-fi","13":"tag-finland","14":"tag-finnish","15":"tag-headlines","16":"tag-latest-news","17":"tag-latestnews","18":"tag-main-news","19":"tag-mainnews","20":"tag-news","21":"tag-otsikot","22":"tag-paauutiset","23":"tag-suomi","24":"tag-top-stories","25":"tag-topstories","26":"tag-uutiset"},"share_on_mastodon":{"url":"https:\/\/pubeurope.com\/@fi\/115794803313802184","error":""},"_links":{"self":[{"href":"https:\/\/www.europesays.com\/fi\/wp-json\/wp\/v2\/posts\/127500","targetHints":{"allow":["GET"]}}],"collection":[{"href":"https:\/\/www.europesays.com\/fi\/wp-json\/wp\/v2\/posts"}],"about":[{"href":"https:\/\/www.europesays.com\/fi\/wp-json\/wp\/v2\/types\/post"}],"author":[{"embeddable":true,"href":"https:\/\/www.europesays.com\/fi\/wp-json\/wp\/v2\/users\/2"}],"replies":[{"embeddable":true,"href":"https:\/\/www.europesays.com\/fi\/wp-json\/wp\/v2\/comments?post=127500"}],"version-history":[{"count":0,"href":"https:\/\/www.europesays.com\/fi\/wp-json\/wp\/v2\/posts\/127500\/revisions"}],"wp:featuredmedia":[{"embeddable":true,"href":"https:\/\/www.europesays.com\/fi\/wp-json\/wp\/v2\/media\/127501"}],"wp:attachment":[{"href":"https:\/\/www.europesays.com\/fi\/wp-json\/wp\/v2\/media?parent=127500"}],"wp:term":[{"taxonomy":"category","embeddable":true,"href":"https:\/\/www.europesays.com\/fi\/wp-json\/wp\/v2\/categories?post=127500"},{"taxonomy":"post_tag","embeddable":true,"href":"https:\/\/www.europesays.com\/fi\/wp-json\/wp\/v2\/tags?post=127500"}],"curies":[{"name":"wp","href":"https:\/\/api.w.org\/{rel}","templated":true}]}}