{"id":127502,"date":"2025-12-28T02:20:14","date_gmt":"2025-12-28T02:20:14","guid":{"rendered":"https:\/\/www.europesays.com\/fi\/127502\/"},"modified":"2025-12-28T02:20:14","modified_gmt":"2025-12-28T02:20:14","slug":"lenni-kalle-taipale-jattaa-elamani-biisin","status":"publish","type":"post","link":"https:\/\/www.europesays.com\/fi\/127502\/","title":{"rendered":"Lenni-Kalle Taipale j\u00e4tt\u00e4\u00e4 El\u00e4m\u00e4ni biisin"},"content":{"rendered":"<p><strong class=\"typography-bold\">El\u00e4m\u00e4ni biisi -ohjelmasta l\u00e4htee j\u00e4lleen yksi t\u00e4hti.<\/strong><\/p>\n<p>Yksi Ylen\u00a0suositun El\u00e4m\u00e4ni biisi -ohjelman vakioesiintyjist\u00e4, pianovirtuoosi<strong class=\"typography-bold\"> Lenni-Kalle Taipale<\/strong>, j\u00e4tt\u00e4\u00e4 ohjelman.<\/p>\n<p><a class=\"underline\" data-testid=\"external-link\" href=\"https:\/\/www.instagram.com\/p\/DSxgWABitBT\/?hl=fi\" rel=\"noopener noreferrer nofollow\" target=\"_blank\" data-sentry-component=\"ExternalLink\" data-sentry-source-file=\"ExternalLink.tsx\">Ohjelman Instagram-p\u00e4ivityksen mukaan <\/a>h\u00e4n keskittyy ensi vuonna muihin juttuihin eik\u00e4 palaa El\u00e4m\u00e4ni biisin uudelle kaudelle.\u00a0<\/p>\n<p>\u2013 Satoja biisej\u00e4 El\u00e4m\u00e4ni Biisin lavalla esitt\u00e4nytt\u00e4 Lenni-Kallea j\u00e4\u00e4 kyll\u00e4 ik\u00e4v\u00e4, mutta onneksi t\u00e4ss\u00e4 on viel\u00e4 tiedossa talven ja kev\u00e4\u00e4n aikana pari erikoisjaksoa, joissa Lennin upeaa musisointia p\u00e4\u00e4see kuulemaan, p\u00e4ivityksess\u00e4 todetaan.\u00a0<\/p>\n<p>\u2013 Kiitos n\u00e4ist\u00e4 vuosista Lenni-Kalle! Nyt vaan j\u00e4\u00e4 mietitytt\u00e4m\u00e4\u00e4n se, ett\u00e4 kuka meille jatkossa l\u00e4hett\u00e4\u00e4 lentosuukkoja alkutunnarin aikana.<\/p>\n<p>Lenni\u2011Kalle Taipale, 47, on soittanut monipuolisesti oman jazztrionsa lis\u00e4ksi muun muassa Espoo Big Bandissa sek\u00e4 The Voice of Finlandissa, Tanssii t\u00e4htien kanssa -ohjelmassa ja muissa television ja elokuvien tuotannoissa.<\/p>\n<p>El\u00e4m\u00e4ni biisi -ohjelmasta ovat t\u00e4t\u00e4 ennen viimeksi l\u00e4hteneet muun muassa <strong class=\"typography-bold\">Arja Saijonmaa<\/strong>, <strong class=\"typography-bold\">Tero Vesterinen<\/strong> ja <strong class=\"typography-bold\">Jore Marjaranta<\/strong>.<\/p>\n<p>Juontaja <a class=\"cursor-pointer underline\" data-testid=\"internal-link\" role=\"link\" data-sentry-element=\"Link\" data-sentry-component=\"InternalLink\" data-sentry-source-file=\"InternalLink.tsx\" href=\"https:\/\/www.mtvuutiset.fi\/aihe\/katja-stahl\/8617676\" rel=\"nofollow noopener\" target=\"_blank\"><strong class=\"typography-bold\">Katja St\u00e5hl<\/strong><\/a><strong class=\"typography-bold\"> <\/strong>joutui j\u00e4tt\u00e4m\u00e4\u00e4n sairastumisen takia yhden El\u00e4m\u00e4ni biisi -ohjelman suoran l\u00e4hetyksen sek\u00e4 etuk\u00e4teen kuvattavan erikoisjakson nauhoitukset v\u00e4liin. H\u00e4nen tilalleen kahden jakson juontajiksi astuivat <a class=\"cursor-pointer underline\" data-testid=\"internal-link\" role=\"link\" data-sentry-element=\"Link\" data-sentry-component=\"InternalLink\" data-sentry-source-file=\"InternalLink.tsx\" href=\"https:\/\/www.mtvuutiset.fi\/aihe\/mikko-kuustonen\/3409312\" rel=\"nofollow noopener\" target=\"_blank\"><strong class=\"typography-bold\">Mikko Kuustonen<\/strong><\/a><strong class=\"typography-bold\"> <\/strong>ja <a class=\"cursor-pointer underline\" data-testid=\"internal-link\" role=\"link\" data-sentry-element=\"Link\" data-sentry-component=\"InternalLink\" data-sentry-source-file=\"InternalLink.tsx\" href=\"https:\/\/www.mtvuutiset.fi\/aihe\/mikko-silvennoinen\/9150638\" rel=\"nofollow noopener\" target=\"_blank\"><strong class=\"typography-bold\">Mikko Silvennoinen<\/strong><\/a>.\u00a0<\/p>\n<p><strong class=\"typography-bold\">Lue my\u00f6s:\u00a0<\/strong><a class=\"cursor-pointer underline\" data-testid=\"internal-link\" role=\"link\" data-sentry-element=\"Link\" data-sentry-component=\"InternalLink\" data-sentry-source-file=\"InternalLink.tsx\" href=\"https:\/\/www.mtvuutiset.fi\/artikkeli\/jannan-ja-lenni-kalle-taipaleen-finlandia-herkisti-huomenta-suomessa\/9266060\" rel=\"nofollow noopener\" target=\"_blank\"><strong class=\"typography-bold\">Jannan ja Lenni-Kalle Taipaleen Finlandia herkisti Huomenta Suomessa<\/strong><\/a><a class=\"cursor-pointer underline\" data-testid=\"internal-link\" role=\"link\" data-sentry-element=\"Link\" data-sentry-component=\"InternalLink\" data-sentry-source-file=\"InternalLink.tsx\" href=\"https:\/\/www.mtvuutiset.fi\/artikkeli\/katja-stahlin-sijaiseksi-astuminen-jannittaa-mikko-silvennoista-nain-han-valmistautuu-yllattavaan-pestiin\/9245954\" rel=\"nofollow noopener\" target=\"_blank\">Katja St\u00e5hlia tuuraava Mikko Silvennoinen: &#8221;En aio yritt\u00e4\u00e4 olla Katja&#8221;<\/a><script async src=\"\/\/www.instagram.com\/embed.js\"><\/script><\/p>\n","protected":false},"excerpt":{"rendered":"El\u00e4m\u00e4ni biisi -ohjelmasta l\u00e4htee j\u00e4lleen yksi t\u00e4hti. Yksi Ylen\u00a0suositun El\u00e4m\u00e4ni biisi -ohjelman vakioesiintyjist\u00e4, pianovirtuoosi Lenni-Kalle Taipale, j\u00e4tt\u00e4\u00e4 ohjelman.&hellip;\n","protected":false},"author":2,"featured_media":127503,"comment_status":"","ping_status":"","sticky":false,"template":"","format":"standard","meta":{"footnotes":""},"categories":[5],"tags":[22,23,26,27,33,31,30,17,24,25,28,29,15,18,21,32,19,20,16],"class_list":{"0":"post-127502","1":"post","2":"type-post","3":"status-publish","4":"format-standard","5":"has-post-thumbnail","7":"category-otsikot","8":"tag-breaking-news","9":"tag-breakingnews","10":"tag-featured-news","11":"tag-featurednews","12":"tag-fi","13":"tag-finland","14":"tag-finnish","15":"tag-headlines","16":"tag-latest-news","17":"tag-latestnews","18":"tag-main-news","19":"tag-mainnews","20":"tag-news","21":"tag-otsikot","22":"tag-paauutiset","23":"tag-suomi","24":"tag-top-stories","25":"tag-topstories","26":"tag-uutiset"},"share_on_mastodon":{"url":"https:\/\/pubeurope.com\/@fi\/115794806277098587","error":""},"_links":{"self":[{"href":"https:\/\/www.europesays.com\/fi\/wp-json\/wp\/v2\/posts\/127502","targetHints":{"allow":["GET"]}}],"collection":[{"href":"https:\/\/www.europesays.com\/fi\/wp-json\/wp\/v2\/posts"}],"about":[{"href":"https:\/\/www.europesays.com\/fi\/wp-json\/wp\/v2\/types\/post"}],"author":[{"embeddable":true,"href":"https:\/\/www.europesays.com\/fi\/wp-json\/wp\/v2\/users\/2"}],"replies":[{"embeddable":true,"href":"https:\/\/www.europesays.com\/fi\/wp-json\/wp\/v2\/comments?post=127502"}],"version-history":[{"count":0,"href":"https:\/\/www.europesays.com\/fi\/wp-json\/wp\/v2\/posts\/127502\/revisions"}],"wp:featuredmedia":[{"embeddable":true,"href":"https:\/\/www.europesays.com\/fi\/wp-json\/wp\/v2\/media\/127503"}],"wp:attachment":[{"href":"https:\/\/www.europesays.com\/fi\/wp-json\/wp\/v2\/media?parent=127502"}],"wp:term":[{"taxonomy":"category","embeddable":true,"href":"https:\/\/www.europesays.com\/fi\/wp-json\/wp\/v2\/categories?post=127502"},{"taxonomy":"post_tag","embeddable":true,"href":"https:\/\/www.europesays.com\/fi\/wp-json\/wp\/v2\/tags?post=127502"}],"curies":[{"name":"wp","href":"https:\/\/api.w.org\/{rel}","templated":true}]}}