{"id":127508,"date":"2025-12-28T02:45:13","date_gmt":"2025-12-28T02:45:13","guid":{"rendered":"https:\/\/www.europesays.com\/fi\/127508\/"},"modified":"2025-12-28T02:45:13","modified_gmt":"2025-12-28T02:45:13","slug":"jokerit-kiittaa-hyvantekevaisyyskampanjaan-osallistuneita-jokerit","status":"publish","type":"post","link":"https:\/\/www.europesays.com\/fi\/127508\/","title":{"rendered":"Jokerit kiitt\u00e4\u00e4 hyv\u00e4ntekev\u00e4isyyskampanjaan osallistuneita \u2014 JOKERIT"},"content":{"rendered":"<p class=\"\" style=\"white-space:pre-wrap;\">Jokerit toteutti joulukuussa hyv\u00e4ntekev\u00e4isyyskampanjan yhteisty\u00f6ss\u00e4 Kehitysvammaliitto ry:n, OmaKamu ry:n ja Mannerheimin Lastensuojeluliiton kanssa. Lahjoituslippujen ostajat saivat valita lahjoituskohteensa ja iloksemme liput jakautuivat lahjoittajien valintojen my\u00f6t\u00e4 tasaisesti kaikkien t\u00e4rkeiden kohteiden kesken.<\/p>\n<p class=\"\" style=\"white-space:pre-wrap;\">Hyv\u00e4ntekev\u00e4isyyskampanjamme saavutti upean tuloksen teid\u00e4n ansiostanne ja lahjoitettujen lippujen m\u00e4\u00e4r\u00e4 kasvoi huomattavasti viime kaudesta: ker\u00e4simme yli 1500 lippua lahjoituskohteille, joille j\u00e4\u00e4kiekkoel\u00e4mys tuo paljon iloa ja merkityksellisi\u00e4 hetki\u00e4.<\/p>\n<p class=\"\" style=\"white-space:pre-wrap;\">L\u00e4mmin kiitos jokaiselle lahjoittajalle, teid\u00e4n avullamme saimme levitetty\u00e4 yhteis\u00f6llisyytt\u00e4 ja mahdollistamme unohtumattomia kokemuksia niit\u00e4 kaipaaville.<\/p>\n<p class=\"\" style=\"white-space:pre-wrap;\">L\u00e4mpimin terveisin,<br \/>Helsingin Jokerit<\/p>\n","protected":false},"excerpt":{"rendered":"Jokerit toteutti joulukuussa hyv\u00e4ntekev\u00e4isyyskampanjan yhteisty\u00f6ss\u00e4 Kehitysvammaliitto ry:n, OmaKamu ry:n ja Mannerheimin Lastensuojeluliiton kanssa. Lahjoituslippujen ostajat saivat valita lahjoituskohteensa&hellip;\n","protected":false},"author":2,"featured_media":105845,"comment_status":"","ping_status":"","sticky":false,"template":"","format":"standard","meta":{"footnotes":""},"categories":[12],"tags":[22,23,26,27,33,31,30,17,24,25,28,29,15,18,21,32,19,20,16],"class_list":{"0":"post-127508","1":"post","2":"type-post","3":"status-publish","4":"format-standard","5":"has-post-thumbnail","7":"category-suomi","8":"tag-breaking-news","9":"tag-breakingnews","10":"tag-featured-news","11":"tag-featurednews","12":"tag-fi","13":"tag-finland","14":"tag-finnish","15":"tag-headlines","16":"tag-latest-news","17":"tag-latestnews","18":"tag-main-news","19":"tag-mainnews","20":"tag-news","21":"tag-otsikot","22":"tag-paauutiset","23":"tag-suomi","24":"tag-top-stories","25":"tag-topstories","26":"tag-uutiset"},"share_on_mastodon":{"url":"https:\/\/pubeurope.com\/@fi\/115794904645034910","error":""},"_links":{"self":[{"href":"https:\/\/www.europesays.com\/fi\/wp-json\/wp\/v2\/posts\/127508","targetHints":{"allow":["GET"]}}],"collection":[{"href":"https:\/\/www.europesays.com\/fi\/wp-json\/wp\/v2\/posts"}],"about":[{"href":"https:\/\/www.europesays.com\/fi\/wp-json\/wp\/v2\/types\/post"}],"author":[{"embeddable":true,"href":"https:\/\/www.europesays.com\/fi\/wp-json\/wp\/v2\/users\/2"}],"replies":[{"embeddable":true,"href":"https:\/\/www.europesays.com\/fi\/wp-json\/wp\/v2\/comments?post=127508"}],"version-history":[{"count":0,"href":"https:\/\/www.europesays.com\/fi\/wp-json\/wp\/v2\/posts\/127508\/revisions"}],"wp:featuredmedia":[{"embeddable":true,"href":"https:\/\/www.europesays.com\/fi\/wp-json\/wp\/v2\/media\/105845"}],"wp:attachment":[{"href":"https:\/\/www.europesays.com\/fi\/wp-json\/wp\/v2\/media?parent=127508"}],"wp:term":[{"taxonomy":"category","embeddable":true,"href":"https:\/\/www.europesays.com\/fi\/wp-json\/wp\/v2\/categories?post=127508"},{"taxonomy":"post_tag","embeddable":true,"href":"https:\/\/www.europesays.com\/fi\/wp-json\/wp\/v2\/tags?post=127508"}],"curies":[{"name":"wp","href":"https:\/\/api.w.org\/{rel}","templated":true}]}}