{"id":127509,"date":"2025-12-28T02:46:17","date_gmt":"2025-12-28T02:46:17","guid":{"rendered":"https:\/\/www.europesays.com\/fi\/127509\/"},"modified":"2025-12-28T02:46:17","modified_gmt":"2025-12-28T02:46:17","slug":"huolehdi-koirastasi-uutenavuotena-suomen-kennelliitto-ry","status":"publish","type":"post","link":"https:\/\/www.europesays.com\/fi\/127509\/","title":{"rendered":"Huolehdi koirastasi uutenavuotena | Suomen Kennelliitto ry"},"content":{"rendered":"<p><strong><\/p>\n<p>Koiran turvallisuuden tunteen tarve korostuu uutenavuotena, sill\u00e4 rakettien kovat \u00e4\u00e4net ja v\u00e4rikk\u00e4\u00e4t valot voivat pelottaa monia koiria.<\/p>\n<p><\/strong><\/p>\n<p>Kotioloissa on hyv\u00e4 el\u00e4\u00e4 mahdollisimman normaalisti ja tarjota koiralle tuttu ja turvallinen tila oleskeluun. Tuttu kotoinen taustah\u00e4ly, kuten televisio tai musiikki voi auttaa pelokasta koiraa. Illalla ikkunoiden eteen voi vet\u00e4\u00e4 verhot, jotta rakettien v\u00e4lkkyv\u00e4t valot n\u00e4kyv\u00e4t sis\u00e4lle mahdollisimman v\u00e4h\u00e4n. Huolehdi my\u00f6s, ett\u00e4 koira p\u00e4\u00e4see halutessaan piiloutumaan omaan turvalliseen tilaansa.<\/p>\n<p>Ulkoillessa koiran kanssa on t\u00e4rke\u00e4\u00e4, ett\u00e4 keskittyy t\u00e4ysin koiraan. Jos koira pel\u00e4styy, se voi pahimmassa tapauksessa p\u00e4\u00e4st\u00e4 karkaamaan. Lenkeill\u00e4 voit k\u00e4ytt\u00e4\u00e4 mahdollisuuksien mukaan sek\u00e4 kaulapantaa ett\u00e4 valjaita mahdollisen karkaamisen est\u00e4miseksi. Koiran kaulapantaan tai valjaisiin voi my\u00f6s kiinnitt\u00e4\u00e4 laatan, josta l\u00f6ytyy omistajan yhteystiedot. \u00c4l\u00e4 ota koiraa mukaan katsomaan ilotulitusta, vaikka se ei vaikuttaisi pelk\u00e4\u00e4v\u00e4n raketteja ja niiden pauketta.<\/p>\n<p>Jos koirasi p\u00e4\u00e4see karkaamaan, apua ja neuvoja tarjoavat esimerkiksi <a href=\"https:\/\/www.etsijakoiraliitto.fi\/\" target=\"_blank\" rel=\"noopener nofollow\">Etsij\u00e4koiraliitto<\/a>, <a href=\"https:\/\/elainetsijakoirat.fi\/\" target=\"_blank\" rel=\"noopener nofollow\">Vainu El\u00e4inetsij\u00e4koirat<\/a> ja <a href=\"https:\/\/suomenetsijakoirat.fi\/toimintaohjeet\/\" rel=\"nofollow noopener\" target=\"_blank\">Suomen etsij\u00e4koirat<\/a>. Tutustu ohjeisiin karkaamistilanteissa ja tarkista omalla alueellasi toimivat j\u00e4rjest\u00f6t jo etuk\u00e4teen.<\/p>\n<p>Jos koiran pelko on voimakasta, kannattaa keskustella etuk\u00e4teen el\u00e4inl\u00e4\u00e4k\u00e4rin kanssa, miten voit parhaiten auttaa koiraasi. El\u00e4inl\u00e4\u00e4k\u00e4ri voi tarvittaessa m\u00e4\u00e4r\u00e4t\u00e4 koirallesi rauhoittavaa, ahdistuksen ja pelkoreaktion lievent\u00e4miseen tarkoitettua l\u00e4\u00e4kett\u00e4.<\/p>\n","protected":false},"excerpt":{"rendered":"Koiran turvallisuuden tunteen tarve korostuu uutenavuotena, sill\u00e4 rakettien kovat \u00e4\u00e4net ja v\u00e4rikk\u00e4\u00e4t valot voivat pelottaa monia koiria. Kotioloissa&hellip;\n","protected":false},"author":2,"featured_media":127510,"comment_status":"","ping_status":"","sticky":false,"template":"","format":"standard","meta":{"footnotes":""},"categories":[5],"tags":[22,23,26,27,33,31,30,17,24,25,28,29,15,18,21,32,19,20,16],"class_list":{"0":"post-127509","1":"post","2":"type-post","3":"status-publish","4":"format-standard","5":"has-post-thumbnail","7":"category-otsikot","8":"tag-breaking-news","9":"tag-breakingnews","10":"tag-featured-news","11":"tag-featurednews","12":"tag-fi","13":"tag-finland","14":"tag-finnish","15":"tag-headlines","16":"tag-latest-news","17":"tag-latestnews","18":"tag-main-news","19":"tag-mainnews","20":"tag-news","21":"tag-otsikot","22":"tag-paauutiset","23":"tag-suomi","24":"tag-top-stories","25":"tag-topstories","26":"tag-uutiset"},"share_on_mastodon":{"url":"https:\/\/pubeurope.com\/@fi\/115794908523456380","error":""},"_links":{"self":[{"href":"https:\/\/www.europesays.com\/fi\/wp-json\/wp\/v2\/posts\/127509","targetHints":{"allow":["GET"]}}],"collection":[{"href":"https:\/\/www.europesays.com\/fi\/wp-json\/wp\/v2\/posts"}],"about":[{"href":"https:\/\/www.europesays.com\/fi\/wp-json\/wp\/v2\/types\/post"}],"author":[{"embeddable":true,"href":"https:\/\/www.europesays.com\/fi\/wp-json\/wp\/v2\/users\/2"}],"replies":[{"embeddable":true,"href":"https:\/\/www.europesays.com\/fi\/wp-json\/wp\/v2\/comments?post=127509"}],"version-history":[{"count":0,"href":"https:\/\/www.europesays.com\/fi\/wp-json\/wp\/v2\/posts\/127509\/revisions"}],"wp:featuredmedia":[{"embeddable":true,"href":"https:\/\/www.europesays.com\/fi\/wp-json\/wp\/v2\/media\/127510"}],"wp:attachment":[{"href":"https:\/\/www.europesays.com\/fi\/wp-json\/wp\/v2\/media?parent=127509"}],"wp:term":[{"taxonomy":"category","embeddable":true,"href":"https:\/\/www.europesays.com\/fi\/wp-json\/wp\/v2\/categories?post=127509"},{"taxonomy":"post_tag","embeddable":true,"href":"https:\/\/www.europesays.com\/fi\/wp-json\/wp\/v2\/tags?post=127509"}],"curies":[{"name":"wp","href":"https:\/\/api.w.org\/{rel}","templated":true}]}}