{"id":127512,"date":"2025-12-28T03:05:13","date_gmt":"2025-12-28T03:05:13","guid":{"rendered":"https:\/\/www.europesays.com\/fi\/127512\/"},"modified":"2025-12-28T03:05:13","modified_gmt":"2025-12-28T03:05:13","slug":"hiihtotahti-oli-lahistolla-kun-sivert-bakken-kuoli-murtui-kyyneliin-median-edessa","status":"publish","type":"post","link":"https:\/\/www.europesays.com\/fi\/127512\/","title":{"rendered":"Hiihtot\u00e4hti oli l\u00e4hist\u00f6ll\u00e4, kun Sivert Bakken kuoli \u2013 murtui kyyneliin median edess\u00e4"},"content":{"rendered":"<p>Norjalaishiiht\u00e4j\u00e4 kertoo surustaan.<\/p>\n<p>27.12. 19:37<\/p>\n<p class=\"article-body mb-nof-24 px-nof-16\">Tiistaina 23. joulukuuta <a class=\"underline underline-offset-[0.12em] [text-decoration-thickness:var(--generic-link-underline-thickness)] [text-decoration-color:var(--generic-link-underline-color)] [text-decoration-skip-ink:var(--generic-link-underline-skip-ink)] break-words\" href=\"https:\/\/www.is.fi\/ampumahiihto\/art-2000011713522.html\" rel=\"nofollow noopener\" target=\"_blank\">uutisoitiin<\/a> norjalaisen ampumahiiht\u00e4j\u00e4 <a class=\"article-personlink\" href=\"https:\/\/www.is.fi\/haku\/?query=Sivert%20Bakkenin\" rel=\"nofollow noopener\" target=\"_blank\">Sivert Bakkenin<\/a> traagisesta kuolemasta.<\/p>\n<p class=\"article-body mb-nof-24 px-nof-16\">Italian Lavaz\u00e8ssa hotellihuoneesta kuolleena l\u00f6ytynyt Bakken oli 27-vuotias.<\/p>\n<p class=\"article-body mb-nof-24 px-nof-16\">Norjan yleisradioyhti\u00f6n <a class=\"underline underline-offset-[0.12em] [text-decoration-thickness:var(--generic-link-underline-thickness)] [text-decoration-color:var(--generic-link-underline-color)] [text-decoration-skip-ink:var(--generic-link-underline-skip-ink)] break-words\" href=\"https:\/\/www.nrk.no\/sport\/langrenn_-reaksjoner-pa-sivert-bakkens-bortgang-1.17706105\" rel=\"nofollow noopener\" target=\"_blank\">NRK:n<\/a> mukaan maan hiihtomaajoukkueeseen kuuluva <a class=\"article-personlink\" href=\"https:\/\/www.is.fi\/haku\/?query=Karoline%20Simpson-Larsen\" rel=\"nofollow noopener\" target=\"_blank\">Karoline Simpson-Larsen<\/a>, 28, oli Lavaz\u00e8ssa samoihin aikoihin, kun Bakken kuoli.<\/p>\n<p class=\"article-body mb-nof-24 px-nof-16\">NRK:n mukaan Simpson-Larsen kyynelehti, kun h\u00e4n tuli lauantaina mediav\u00e4en eteen Italian Toblachissa.<\/p>\n<p class=\"article-body mb-nof-24 px-nof-16\">\u2013 Jouluaatto oli eritt\u00e4in vaikea. Ei ole ollut lainkaan miellytt\u00e4v\u00e4\u00e4. Mutta olemme pysytelleet yhdess\u00e4 niiden urheilijoiden kanssa, jotka olivat Lavaz\u00e8ssa \u2013 se on hyv\u00e4, Simpson-Larsen sanoi.<\/p>\n<p class=\"article-body mb-nof-24 px-nof-16\">Simpson-Larsen osallistuu maastohiihdon Tour de Ski -kiertueelle, joka alkaa sunnuntaina Toblachissa.<\/p>\n<p class=\"article-body mb-nof-24 px-nof-16\">\u2013 Yrit\u00e4n palata normaaliin kisafiilikseen.<\/p>\n<p><img decoding=\"async\" src=\"https:\/\/www.europesays.com\/fi\/wp-content\/uploads\/2025\/12\/1766891113_986_468.jpg\" alt=\"Karoline Simpson-Larsen, 28, on norjalainen latusankari.\" class=\"_Img_1rerz_1\" style=\"aspect-ratio:1.5011727912431587\" loading=\"eager\"\/><\/p>\n<p class=\"article-picture-caption\">Karoline Simpson-Larsen, 28, on norjalainen latusankari. Kuva:\u00a0Antti H\u00e4m\u00e4l\u00e4inen\/IS<\/p>\n<p class=\"article-body mb-nof-24 px-nof-16\">Mediatietojen mukaan kuolleena l\u00f6ydetyll\u00e4 Bakkenilla oli ollut kasvoillaan harjoittelumaski, joka rajoittaa hapenottokyky\u00e4. Maskilla simuloidaan korkean paikan harjoittelua.<\/p>\n<p class=\"article-body mb-nof-24 px-nof-16\">Bakkenin kuoleman tutkinta on yh\u00e4 kesken.<\/p>\n","protected":false},"excerpt":{"rendered":"Norjalaishiiht\u00e4j\u00e4 kertoo surustaan. 27.12. 19:37 Tiistaina 23. joulukuuta uutisoitiin norjalaisen ampumahiiht\u00e4j\u00e4 Sivert Bakkenin traagisesta kuolemasta. Italian Lavaz\u00e8ssa hotellihuoneesta&hellip;\n","protected":false},"author":2,"featured_media":127513,"comment_status":"","ping_status":"","sticky":false,"template":"","format":"standard","meta":{"footnotes":""},"categories":[158],"tags":[33,31,30,34,159,32,160],"class_list":{"0":"post-127512","1":"post","2":"type-post","3":"status-publish","4":"format-standard","5":"has-post-thumbnail","7":"category-urheilu","8":"tag-fi","9":"tag-finland","10":"tag-finnish","11":"tag-ilta-sanomat","12":"tag-sports","13":"tag-suomi","14":"tag-urheilu"},"share_on_mastodon":{"url":"https:\/\/pubeurope.com\/@fi\/115794983353033575","error":""},"_links":{"self":[{"href":"https:\/\/www.europesays.com\/fi\/wp-json\/wp\/v2\/posts\/127512","targetHints":{"allow":["GET"]}}],"collection":[{"href":"https:\/\/www.europesays.com\/fi\/wp-json\/wp\/v2\/posts"}],"about":[{"href":"https:\/\/www.europesays.com\/fi\/wp-json\/wp\/v2\/types\/post"}],"author":[{"embeddable":true,"href":"https:\/\/www.europesays.com\/fi\/wp-json\/wp\/v2\/users\/2"}],"replies":[{"embeddable":true,"href":"https:\/\/www.europesays.com\/fi\/wp-json\/wp\/v2\/comments?post=127512"}],"version-history":[{"count":0,"href":"https:\/\/www.europesays.com\/fi\/wp-json\/wp\/v2\/posts\/127512\/revisions"}],"wp:featuredmedia":[{"embeddable":true,"href":"https:\/\/www.europesays.com\/fi\/wp-json\/wp\/v2\/media\/127513"}],"wp:attachment":[{"href":"https:\/\/www.europesays.com\/fi\/wp-json\/wp\/v2\/media?parent=127512"}],"wp:term":[{"taxonomy":"category","embeddable":true,"href":"https:\/\/www.europesays.com\/fi\/wp-json\/wp\/v2\/categories?post=127512"},{"taxonomy":"post_tag","embeddable":true,"href":"https:\/\/www.europesays.com\/fi\/wp-json\/wp\/v2\/tags?post=127512"}],"curies":[{"name":"wp","href":"https:\/\/api.w.org\/{rel}","templated":true}]}}