{"id":127514,"date":"2025-12-28T03:09:09","date_gmt":"2025-12-28T03:09:09","guid":{"rendered":"https:\/\/www.europesays.com\/fi\/127514\/"},"modified":"2025-12-28T03:09:09","modified_gmt":"2025-12-28T03:09:09","slug":"katso-kuvat-mcdonalds-saapui-lappeenrantaan-30-vuotta-sitten-autokaista-nousi-heti-suureen-suosioon-paikalliset","status":"publish","type":"post","link":"https:\/\/www.europesays.com\/fi\/127514\/","title":{"rendered":"Katso kuvat | McDonald&#8217;s saapui Lappeenrantaan 30 vuotta sitten \u2013\u2009Autokaista nousi heti suureen suosioon | Paikalliset"},"content":{"rendered":"<p>Vuonna 1995 Lappeenrannassa juhlittiin n\u00e4ytt\u00e4v\u00e4sti yhdysvaltalaisen pikaruokaketjun saapumista kaupunkiin.<\/p>\n<p>Muistatteko sen ajan, kun Lappeenrannassa oli viel\u00e4 kaksi eri McDonald\u2019sia? Ratakadulla sijaitsevaa ravintolaa kutsuttiin Ala-M\u00e4kiksi. Oleksilla sijainnutta ravintolaa sen sijaan saatettiin kutsua teinihelvetiksi.<\/p>\n<p>Rakastettu pikaruokaketju saapui Lappeenrantaan 29. syyskuuta vuonna 1995. McDonald\u2019s on siis ruokkinut lappeenrantalaisia jo 30 vuoden ajan.<\/p>\n<p>Kun Lappeenrannan aika vihdoin koitti, suuri pikaruokaravintolaketju otettiin ilolla vastaan. Ensimm\u00e4inen McDonald\u2019s avautui Ratakadulle, jossa ravintola seisoo edelleen uljaasti pystyss\u00e4.<\/p>\n<p>\t\t<a class=\"diks-gallery__link\" href=\"https:\/\/i.media.fi\/incoming\/5pvauf\/11211202.jpg\/alternates\/FREE_1440\/11211202.jpg\" data-thumbnail=\"\" data-sub-html=\"Avajaiset kiinnostivat my\u00f6s Etel\u00e4-Saimaata. Etel\u00e4-Saimaan arkisto\" aria-label=\"Katso isompi kuva\" rel=\"nofollow noopener\" target=\"_blank\"><br \/>\n\t\t\t\t<img class=\"diks-figure__image\" src=\"https:\/\/www.europesays.com\/fi\/wp-content\/uploads\/2025\/12\/11211202.jpg\" loading=\"lazy\" decoding=\"sync\" alt=\"\"\/><\/p>\n<p>\t\t\t<\/a><br \/>\n\t\t\t\t\tAvajaiset kiinnostivat my\u00f6s Etel\u00e4-Saimaata. Etel\u00e4-Saimaan arkisto<\/p>\n","protected":false},"excerpt":{"rendered":"Vuonna 1995 Lappeenrannassa juhlittiin n\u00e4ytt\u00e4v\u00e4sti yhdysvaltalaisen pikaruokaketjun saapumista kaupunkiin. Muistatteko sen ajan, kun Lappeenrannassa oli viel\u00e4 kaksi eri&hellip;\n","protected":false},"author":2,"featured_media":127515,"comment_status":"","ping_status":"","sticky":false,"template":"","format":"standard","meta":{"footnotes":""},"categories":[76],"tags":[79,77,22584,33,31,30,736,7462,4026,402,3723,3722,32,78],"class_list":{"0":"post-127514","1":"post","2":"type-post","3":"status-publish","4":"format-standard","5":"has-post-thumbnail","7":"category-talous","8":"tag-business","9":"tag-economy","10":"tag-es-elama-ja-ihmiset","11":"tag-fi","12":"tag-finland","13":"tag-finnish","14":"tag-imatra","15":"tag-juva","16":"tag-juvan-seutukunta","17":"tag-rakentaminen-kiinteistot","18":"tag-ravintolat","19":"tag-ravitsemusala","20":"tag-suomi","21":"tag-talous"},"share_on_mastodon":{"url":"https:\/\/pubeurope.com\/@fi\/115794999240046941","error":""},"_links":{"self":[{"href":"https:\/\/www.europesays.com\/fi\/wp-json\/wp\/v2\/posts\/127514","targetHints":{"allow":["GET"]}}],"collection":[{"href":"https:\/\/www.europesays.com\/fi\/wp-json\/wp\/v2\/posts"}],"about":[{"href":"https:\/\/www.europesays.com\/fi\/wp-json\/wp\/v2\/types\/post"}],"author":[{"embeddable":true,"href":"https:\/\/www.europesays.com\/fi\/wp-json\/wp\/v2\/users\/2"}],"replies":[{"embeddable":true,"href":"https:\/\/www.europesays.com\/fi\/wp-json\/wp\/v2\/comments?post=127514"}],"version-history":[{"count":0,"href":"https:\/\/www.europesays.com\/fi\/wp-json\/wp\/v2\/posts\/127514\/revisions"}],"wp:featuredmedia":[{"embeddable":true,"href":"https:\/\/www.europesays.com\/fi\/wp-json\/wp\/v2\/media\/127515"}],"wp:attachment":[{"href":"https:\/\/www.europesays.com\/fi\/wp-json\/wp\/v2\/media?parent=127514"}],"wp:term":[{"taxonomy":"category","embeddable":true,"href":"https:\/\/www.europesays.com\/fi\/wp-json\/wp\/v2\/categories?post=127514"},{"taxonomy":"post_tag","embeddable":true,"href":"https:\/\/www.europesays.com\/fi\/wp-json\/wp\/v2\/tags?post=127514"}],"curies":[{"name":"wp","href":"https:\/\/api.w.org\/{rel}","templated":true}]}}