{"id":127520,"date":"2025-12-28T03:17:08","date_gmt":"2025-12-28T03:17:08","guid":{"rendered":"https:\/\/www.europesays.com\/fi\/127520\/"},"modified":"2025-12-28T03:17:08","modified_gmt":"2025-12-28T03:17:08","slug":"vesiensuojelu-meribiologi-johanna-mattilasta-luvyn-uusi-toiminnanjohtaja-kokemusta-ja-vahvaa-osaamista-toimialasta-paikalliset","status":"publish","type":"post","link":"https:\/\/www.europesays.com\/fi\/127520\/","title":{"rendered":"Vesiensuojelu | Meribiologi Johanna Mattilasta LUVYn uusi toiminnanjohtaja \u2013 kokemusta ja vahvaa osaamista toimialasta | Paikalliset"},"content":{"rendered":"<p>L\u00e4nsi-Uudenmaan vesi ja ymp\u00e4rist\u00f6 ry:n (LUVY) uudeksi toiminnanjohtajaksi on valittu meribiologi <strong>Johanna Mattila<\/strong>. Mattila aloittaa LUVYn johdossa alkuvuodesta 2026.<\/p>\n<p><strong class=\"diks-storyline__impact\">Koulutukseltaan<\/strong> Johanna Mattila on filosofian tohtori ymp\u00e4rist\u00f6- ja meribiologian alalta. LUVYn hallitus p\u00e4\u00e4tti yhdistyksen tiedotteen mukaan valita Mattilan toiminnanjohtajaksi, koska h\u00e4nell\u00e4 on pitk\u00e4 kokemus ja vahva osaaminen sek\u00e4 johtamisesta ett\u00e4 LUVYn toimialasta eli vesist\u00f6tutkimuksesta ja vesiensuojelusta.<\/p>\n<p><strong class=\"diks-storyline__impact\">Mattila<\/strong> on ty\u00f6skennellyt aiemmin muun muassa H\u00f6gsklolan p\u00e5 \u00c5landin rehtorina ja Lounais-Suomen vesiensuojeluyhdistyksen ja yhti\u00f6n johdossa. H\u00e4nen nykyinen ty\u00f6ns\u00e4 on yksik\u00f6n johtaja Havs- och vattenmyndigheten -virastossa Ruotsissa.<\/p>\n<p><strong class=\"diks-storyline__impact\">LUVYn <\/strong>nykyinen toiminnanjohtaja <strong>Jaana P\u00f6nni<\/strong> on johtanut yhdistyst\u00e4 vuodesta 2006 l\u00e4htien. H\u00e4n siirtyy yhdistyksess\u00e4 erikoisasiantuntijateht\u00e4viin el\u00e4kkeelle siirtymiseens\u00e4 saakka.<\/p>\n<p>\u2013\u2009Yhdistyksen ylimm\u00e4n johdon vaihtuminen toteutetaan vaiheistetusti siten, ett\u00e4 hiljaisen tiedon siirtyminen on turvattu riitt\u00e4v\u00e4n pitk\u00e4ll\u00e4 siirtym\u00e4ajalla. Uusi liiketoimintajohtaja <strong>Tatu Kein\u00e4nen<\/strong> aloitti elokuussa ja nyt toteutuu toiminnanjohtajan vaihdos, kertoo P\u00f6nni yhdistyksen tiedotteessa.<\/p>\n","protected":false},"excerpt":{"rendered":"L\u00e4nsi-Uudenmaan vesi ja ymp\u00e4rist\u00f6 ry:n (LUVY) uudeksi toiminnanjohtajaksi on valittu meribiologi Johanna Mattila. Mattila aloittaa LUVYn johdossa alkuvuodesta&hellip;\n","protected":false},"author":2,"featured_media":127521,"comment_status":"","ping_status":"","sticky":false,"template":"","format":"standard","meta":{"footnotes":""},"categories":[113],"tags":[446,33,31,30,603,96,72,637,110,118,32,119,860,447,534],"class_list":{"0":"post-127520","1":"post","2":"type-post","3":"status-publish","4":"format-standard","5":"has-post-thumbnail","7":"category-ymparisto","8":"tag-environment","9":"tag-fi","10":"tag-finland","11":"tag-finnish","12":"tag-korkeakoulu","13":"tag-koulutus","14":"tag-luonto","15":"tag-politiikka","16":"tag-ruotsi","17":"tag-science","18":"tag-suomi","19":"tag-tiede","20":"tag-tyoelama","21":"tag-ymparisto","22":"tag-ymparisto-ja-luonto"},"share_on_mastodon":{"url":"https:\/\/pubeurope.com\/@fi\/115795030415259595","error":""},"_links":{"self":[{"href":"https:\/\/www.europesays.com\/fi\/wp-json\/wp\/v2\/posts\/127520","targetHints":{"allow":["GET"]}}],"collection":[{"href":"https:\/\/www.europesays.com\/fi\/wp-json\/wp\/v2\/posts"}],"about":[{"href":"https:\/\/www.europesays.com\/fi\/wp-json\/wp\/v2\/types\/post"}],"author":[{"embeddable":true,"href":"https:\/\/www.europesays.com\/fi\/wp-json\/wp\/v2\/users\/2"}],"replies":[{"embeddable":true,"href":"https:\/\/www.europesays.com\/fi\/wp-json\/wp\/v2\/comments?post=127520"}],"version-history":[{"count":0,"href":"https:\/\/www.europesays.com\/fi\/wp-json\/wp\/v2\/posts\/127520\/revisions"}],"wp:featuredmedia":[{"embeddable":true,"href":"https:\/\/www.europesays.com\/fi\/wp-json\/wp\/v2\/media\/127521"}],"wp:attachment":[{"href":"https:\/\/www.europesays.com\/fi\/wp-json\/wp\/v2\/media?parent=127520"}],"wp:term":[{"taxonomy":"category","embeddable":true,"href":"https:\/\/www.europesays.com\/fi\/wp-json\/wp\/v2\/categories?post=127520"},{"taxonomy":"post_tag","embeddable":true,"href":"https:\/\/www.europesays.com\/fi\/wp-json\/wp\/v2\/tags?post=127520"}],"curies":[{"name":"wp","href":"https:\/\/api.w.org\/{rel}","templated":true}]}}