{"id":127527,"date":"2025-12-28T03:36:14","date_gmt":"2025-12-28T03:36:14","guid":{"rendered":"https:\/\/www.europesays.com\/fi\/127527\/"},"modified":"2025-12-28T03:36:14","modified_gmt":"2025-12-28T03:36:14","slug":"digijatit-suivaantuivat-ja-estivat-somemainonnan-naisiin-kohdistuvaa-vakivaltaa-vastaan","status":"publish","type":"post","link":"https:\/\/www.europesays.com\/fi\/127527\/","title":{"rendered":"Digij\u00e4tit suivaantuivat ja estiv\u00e4t some\u00admainonnan naisiin kohdistuvaa v\u00e4kivaltaa vastaan"},"content":{"rendered":"<p>\u201dAivan sama miten ymp\u00e4ripy\u00f6re\u00e4sti ja vesitt\u00e4en sit\u00e4 yritti sanoittaa \u2013 mainokset eiv\u00e4t menneet l\u00e4pi\u201d, harmitellaan UN Women Suomi -j\u00e4rjest\u00f6ss\u00e4.<\/p>\n<p>27.12. 12:23<\/p>\n<p class=\"article-body mb-nof-24 px-nof-16\">STT<\/p>\n<p class=\"article-body mb-nof-24 px-nof-16\">Naisiin kohdistuva v\u00e4kivalta. Lasten aliravitsemus tai ylipaino. Huoli Amazonin sademetsien kohtalosta. Muun muassa n\u00e4it\u00e4 teemoja koskevia kansalais\u00adj\u00e4rjest\u00f6jen mainoksia ei loppuvuodesta kelpuutettu keskeisille digialustoille.<\/p>\n<p class=\"article-body mb-nof-24 px-nof-16\">Digij\u00e4ttien suivaantuminen EU:hun on vaikeuttanut j\u00e4rjest\u00f6jen vaikuttamista ja viestint\u00e4\u00e4.<\/p>\n<p class=\"article-body mb-nof-24 px-nof-16\">Tiukimmin reagoi Meta, jonka sosiaalisen median palvelut, kuten Facebook ja Instagram, lopettivat my\u00f6s yhteiskunnallisia kysymyksi\u00e4 koskevan maksetun mainonnan EU:n alueella, kun EU alkoi suitsia poliittista mainontaa ja vaalivaikuttamista.<\/p>\n<p class=\"article-body mb-nof-24 px-nof-16\">Metan hampaisiin joutui muun muassa \u00e4skett\u00e4in p\u00e4\u00e4ttynyt YK:n kansainv\u00e4linen Oranssit p\u00e4iv\u00e4t -kampanja naisiin kohdistuvaa v\u00e4kivaltaa vastaan. UN Women Suomi varautui uusiin s\u00e4\u00e4nt\u00f6ihin ja teki paljon tavanomaista enemm\u00e4n erilaisia kampanja\u00admainoksia. Ne kaikki estettiin viimeist\u00e4\u00e4n pari p\u00e4iv\u00e4\u00e4 julkaisemisen j\u00e4lkeen.<\/p>\n<p class=\"article-body mb-nof-24 px-nof-16\">\u201dKun teemana oli naisiin kohdistuva v\u00e4kivalta, oli aivan sama, miten ymp\u00e4ripy\u00f6re\u00e4sti ja vesitt\u00e4en sit\u00e4 yritti sanoittaa, niin ne mainokset eiv\u00e4t menneet l\u00e4pi\u201d, kertoo j\u00e4rjest\u00f6n viestinn\u00e4n ja vaikuttamisty\u00f6n p\u00e4\u00e4llikk\u00f6 <a class=\"article-personlink\" href=\"https:\/\/www.aamulehti.fi\/haku\/?query=Emma%20Winiecki\" rel=\"nofollow noopener\" target=\"_blank\">Emma Winiecki<\/a>.<\/p>\n<p class=\"article-body mb-nof-24 px-nof-16\">My\u00f6s ihmissoikeusj\u00e4rjest\u00f6 Amnesty International, ymp\u00e4rist\u00f6j\u00e4rjest\u00f6 Greenpeace ja YK:n lastenj\u00e4rjest\u00f6 Unicef kertovat, ett\u00e4 niiden maksullisia somemainoksia on hyllytetty, kun mainoksissa on tulkittu olevan poliittista sis\u00e4lt\u00f6\u00e4.<\/p>\n<p class=\"article-body mb-nof-24 px-nof-16\">J\u00e4rjest\u00f6t yritt\u00e4v\u00e4t nyt haarukoida, mitk\u00e4 sanat kelpaavat tai mill\u00e4 kiertoilmaisuilla viestit menisiv\u00e4t l\u00e4pi.<\/p>\n<p>Jo kiistanalaisuus riitt\u00e4\u00e4<\/p>\n<p class=\"article-body mb-nof-24 px-nof-16\">Vastuullinen Lahjoittaminen ry:n p\u00e4\u00e4sihteeri <a class=\"article-personlink\" href=\"https:\/\/www.aamulehti.fi\/haku\/?query=Pia%20Tornikosken\" rel=\"nofollow noopener\" target=\"_blank\">Pia Tornikosken<\/a> mukaan Metan p\u00e4\u00e4t\u00f6ksess\u00e4 yll\u00e4tti sen laaja-alaisuus. Jo se riitt\u00e4\u00e4, ett\u00e4 asia on kiistanalainen eli voi her\u00e4tt\u00e4\u00e4 reaktioita puolesta tai vastaan.<\/p>\n<p class=\"article-body mb-nof-24 px-nof-16\">Monille j\u00e4rjest\u00f6ille joulu on ollut t\u00e4rke\u00e4 aika ker\u00e4t\u00e4 lahjoituksia. Tornikosken mukaan viel\u00e4 on aikaista arvioida, paljonko Metan p\u00e4\u00e4t\u00f6s on vaikuttanut j\u00e4rjest\u00f6jen varain\u00adhankintaan. Jouluker\u00e4ysten saldosta saadaan yhteenvetoa vasta kev\u00e4\u00e4ll\u00e4.<\/p>\n<p class=\"article-body mb-nof-24 px-nof-16\">Yhdistyksen kyselyn mukaan somealustat ovat j\u00e4rjest\u00f6ille yksi t\u00e4rkeimmist\u00e4 kanavista saada lahjoituksia.<\/p>\n<p>M\u00e4\u00e4r\u00e4 v\u00e4heni heti<\/p>\n<p class=\"article-body mb-nof-24 px-nof-16\">Greenpeacelle erilaiset vetoomukset ja allekirjoitusten pyyt\u00e4minen niihin on p\u00e4\u00e4v\u00e4yl\u00e4 tavoittaa ihmisi\u00e4 ja ehk\u00e4 saada heid\u00e4t j\u00e4seniksikin.<\/p>\n<p class=\"article-body mb-nof-24 px-nof-16\">\u201dMetan rajoitusten j\u00e4lkeen vetoomusnimet putosivat ensimm\u00e4isin\u00e4 viikkoina lokakuussa jopa 60\u201370 prosenttia\u201d, varain\u00adhankinta\u00adp\u00e4\u00e4llikk\u00f6 <a class=\"article-personlink\" href=\"https:\/\/www.aamulehti.fi\/haku\/?query=Sini%20Santasalo\" rel=\"nofollow noopener\" target=\"_blank\">Sini Santasalo<\/a> vertaa.<\/p>\n<p class=\"article-body mb-nof-24 px-nof-16\">Greenpeace voi yh\u00e4 pyyt\u00e4\u00e4 rahaa luonnon hyv\u00e4ksi. Sen sijaan vaikkapa teksti \u201dvaadi p\u00e4\u00e4tt\u00e4ji\u00e4 toimimaan Amazonin sademets\u00e4n puolesta\u201d ei en\u00e4\u00e4 kelpaa. My\u00f6s Amnesty on joutunut typist\u00e4m\u00e4\u00e4n viestej\u00e4\u00e4n, kun se kertoo mielipide\u00advangeista ja ihmis\u00adoikeus\u00adongelmista.<\/p>\n<p class=\"article-body mb-nof-24 px-nof-16\">\u201dOlemme joutuneet muuttamaan mainoksia siihen suuntaan, ett\u00e4 emme en\u00e4\u00e4 keskity niin paljoa siihen, miksi ihminen on vankilassa, vaan siihen, ett\u00e4 h\u00e4n on vankilassa ja h\u00e4net on t\u00e4rke\u00e4 saada vapaaksi\u201d, kuvaa j\u00e4rjest\u00f6n Suomen-osaston varain\u00adhankinta\u00adp\u00e4\u00e4llikk\u00f6 <a class=\"article-personlink\" href=\"https:\/\/www.aamulehti.fi\/haku\/?query=Jukka%20Myllyniemi\" rel=\"nofollow noopener\" target=\"_blank\">Jukka Myllyniemi<\/a>.<\/p>\n<p class=\"article-body mb-nof-24 px-nof-16\">\u201dT\u00e4m\u00e4 est\u00e4\u00e4 sit\u00e4, miten me pystymme kertomaan maailman ihmisoikeus\u00adongelmista ja apua tarvitsevien ihmisten tarinoista.\u201d<\/p>\n<p class=\"article-body mb-nof-24 px-nof-16\">Suurin osa YK:n lastenj\u00e4rjest\u00f6 Unicefin viesteist\u00e4 marraskuisella Lapsen oikeuksien viikolla hyl\u00e4ttiin.<\/p>\n<p class=\"article-body mb-nof-24 px-nof-16\">\u201dMuissa hyl\u00e4tyiss\u00e4 sis\u00e4ll\u00f6iss\u00e4 on k\u00e4sitelty esimerkiksi lasten aliravitsemusta, ylipainoa, ihmiskauppaa, maahanmuuttoa, kehitys\u00adyhteisty\u00f6n rahoitus\u00adleikkauksia tai ilmastoa. My\u00f6s Gazan ja Ukrainan tilannetta k\u00e4sittelev\u00e4t sis\u00e4ll\u00f6t ovat joutuneet useasti hyl\u00e4tyiksi\u201d, kertoo viestint\u00e4p\u00e4\u00e4llikk\u00f6 <a class=\"article-personlink\" href=\"https:\/\/www.aamulehti.fi\/haku\/?query=Terhi%20Bruun\" rel=\"nofollow noopener\" target=\"_blank\">Terhi Bruun<\/a>.<\/p>\n<p>Googlen rajaus v\u00e4ljempi<\/p>\n<p class=\"article-body mb-nof-24 px-nof-16\">Lokakuussa voimaan tulleen uuden EU:n s\u00e4\u00e4nn\u00f6ksen tavoitteena on, ett\u00e4 kansalaiset tunnistavat poliittisen mainonnan, saavat selkoa mainoksen rahoittajasta ja ymm\u00e4rt\u00e4v\u00e4t, onko mainonta kohdennettua ja mill\u00e4 perusteella.<\/p>\n<p class=\"article-body mb-nof-24 px-nof-16\">Asetus lis\u00e4si merkitt\u00e4v\u00e4sti poliittisen viestinn\u00e4n s\u00e4\u00e4ntely\u00e4 digitaalisissa kanavissa.<\/p>\n<p class=\"article-body mb-nof-24 px-nof-16\">Teknologiaj\u00e4tti Meta ilmoittikin vastavetona, ett\u00e4 se ei hyv\u00e4ksy my\u00f6sk\u00e4\u00e4n yhteis\u00adkunnallisia kysymyksi\u00e4 koskevaa mainontaa EU:n alueella mill\u00e4\u00e4n alustoillaan.<\/p>\n<p class=\"article-body mb-nof-24 px-nof-16\">My\u00f6s toinen digij\u00e4tti Google p\u00e4\u00e4tti lopettaa kaiken poliittisen mainonnan EU-maissa.\u2028Googlen rajaus ei ole niin tiukka kuin Metalla, joten esimerkiksi Greenpeace on saanut kohennettua tilannettaan lis\u00e4\u00e4m\u00e4ll\u00e4 markkinointia Googlessa. My\u00f6s Amnesty ja Unicef ovat siirt\u00e4neet mainontaa Googleen.<\/p>\n<p class=\"article-body mb-nof-24 px-nof-16\">EU:n kansalaisj\u00e4rjest\u00f6t ovat yhteen laskettuna suuri asiakasryhm\u00e4, joten taipuisiko Meta viel\u00e4 lopulta niiden tuomien mainoseurojen edess\u00e4, pohtii Greenpeacen varain\u00adhankinta\u00adp\u00e4\u00e4llikk\u00f6 Sini Santasalo.<\/p>\n","protected":false},"excerpt":{"rendered":"\u201dAivan sama miten ymp\u00e4ripy\u00f6re\u00e4sti ja vesitt\u00e4en sit\u00e4 yritti sanoittaa \u2013 mainokset eiv\u00e4t menneet l\u00e4pi\u201d, harmitellaan UN Women Suomi&hellip;\n","protected":false},"author":2,"featured_media":1431,"comment_status":"","ping_status":"","sticky":false,"template":"","format":"standard","meta":{"footnotes":""},"categories":[14],"tags":[157,22,23,26,27,33,31,30,17,24,25,28,29,15,18,21,32,19,20,56,16,59,60,61],"class_list":{"0":"post-127527","1":"post","2":"type-post","3":"status-publish","4":"format-standard","5":"has-post-thumbnail","7":"category-ulkomaat","8":"tag-aamulehti","9":"tag-breaking-news","10":"tag-breakingnews","11":"tag-featured-news","12":"tag-featurednews","13":"tag-fi","14":"tag-finland","15":"tag-finnish","16":"tag-headlines","17":"tag-latest-news","18":"tag-latestnews","19":"tag-main-news","20":"tag-mainnews","21":"tag-news","22":"tag-otsikot","23":"tag-paauutiset","24":"tag-suomi","25":"tag-top-stories","26":"tag-topstories","27":"tag-ulkomaat","28":"tag-uutiset","29":"tag-world","30":"tag-world-news","31":"tag-worldnews"},"share_on_mastodon":{"url":"https:\/\/pubeurope.com\/@fi\/115795105135602181","error":""},"_links":{"self":[{"href":"https:\/\/www.europesays.com\/fi\/wp-json\/wp\/v2\/posts\/127527","targetHints":{"allow":["GET"]}}],"collection":[{"href":"https:\/\/www.europesays.com\/fi\/wp-json\/wp\/v2\/posts"}],"about":[{"href":"https:\/\/www.europesays.com\/fi\/wp-json\/wp\/v2\/types\/post"}],"author":[{"embeddable":true,"href":"https:\/\/www.europesays.com\/fi\/wp-json\/wp\/v2\/users\/2"}],"replies":[{"embeddable":true,"href":"https:\/\/www.europesays.com\/fi\/wp-json\/wp\/v2\/comments?post=127527"}],"version-history":[{"count":0,"href":"https:\/\/www.europesays.com\/fi\/wp-json\/wp\/v2\/posts\/127527\/revisions"}],"wp:featuredmedia":[{"embeddable":true,"href":"https:\/\/www.europesays.com\/fi\/wp-json\/wp\/v2\/media\/1431"}],"wp:attachment":[{"href":"https:\/\/www.europesays.com\/fi\/wp-json\/wp\/v2\/media?parent=127527"}],"wp:term":[{"taxonomy":"category","embeddable":true,"href":"https:\/\/www.europesays.com\/fi\/wp-json\/wp\/v2\/categories?post=127527"},{"taxonomy":"post_tag","embeddable":true,"href":"https:\/\/www.europesays.com\/fi\/wp-json\/wp\/v2\/tags?post=127527"}],"curies":[{"name":"wp","href":"https:\/\/api.w.org\/{rel}","templated":true}]}}