{"id":127528,"date":"2025-12-28T03:37:11","date_gmt":"2025-12-28T03:37:11","guid":{"rendered":"https:\/\/www.europesays.com\/fi\/127528\/"},"modified":"2025-12-28T03:37:11","modified_gmt":"2025-12-28T03:37:11","slug":"keski-suomen-hyvinvointialue-korottaa-asiakasmaksuja-taman-verran-laakarikaynti-maksaa-jatkossa-keski-suomi","status":"publish","type":"post","link":"https:\/\/www.europesays.com\/fi\/127528\/","title":{"rendered":"Keski-Suomen hyvinvointialue korottaa asiakasmaksuja \u2013\u2009t\u00e4m\u00e4n verran l\u00e4\u00e4k\u00e4rik\u00e4ynti maksaa jatkossa | Keski-Suomi"},"content":{"rendered":"<p>Keski-Suomen hyvinvointialue korottaa sosiaali- ja terveydenhuollon asiakasmaksuja vuodenvaihteessa.<\/p>\n<p>Asiakasmaksup\u00e4\u00e4llikk\u00f6 <strong>Anna-Kaisa M\u00e4kel\u00e4<\/strong> Keski-Suomen hyvinvointialueelta kertoo tiedotteessa, ett\u00e4 korotusten taustalla on valtioneuvoston marraskuussa antama asetus. Sen nojalla asiakasmaksujen enimm\u00e4ism\u00e4\u00e4ri\u00e4 tarkistetaan kansanel\u00e4keindeksin muutoksen mukaisesti.<\/p>\n<p>Enimm\u00e4ism\u00e4\u00e4ri\u00e4 korotetaan 6,93 prosenttia.<\/p>\n<p>Esimerkiksi sosiaali- ja terveysaseman l\u00e4\u00e4k\u00e4ripalvelumaksu on 1.1.2026 alkaen 30,20 euroa\/k\u00e4ynti. Aiempi hinta oli 28,20 euroa\/k\u00e4ynti.<\/p>\n","protected":false},"excerpt":{"rendered":"Keski-Suomen hyvinvointialue korottaa sosiaali- ja terveydenhuollon asiakasmaksuja vuodenvaihteessa. Asiakasmaksup\u00e4\u00e4llikk\u00f6 Anna-Kaisa M\u00e4kel\u00e4 Keski-Suomen hyvinvointialueelta kertoo tiedotteessa, ett\u00e4 korotusten taustalla&hellip;\n","protected":false},"author":2,"featured_media":127529,"comment_status":"","ping_status":"","sticky":false,"template":"","format":"standard","meta":{"footnotes":""},"categories":[12],"tags":[22,23,26,27,33,31,30,17,1380,587,24,25,28,29,15,18,21,32,502,679,4855,167,504,19,20,16],"class_list":{"0":"post-127528","1":"post","2":"type-post","3":"status-publish","4":"format-standard","5":"has-post-thumbnail","7":"category-suomi","8":"tag-breaking-news","9":"tag-breakingnews","10":"tag-featured-news","11":"tag-featurednews","12":"tag-fi","13":"tag-finland","14":"tag-finnish","15":"tag-headlines","16":"tag-keski-suomen-hyvinvointialue","17":"tag-koyhyys-ja-sosiaaliturva","18":"tag-latest-news","19":"tag-latestnews","20":"tag-main-news","21":"tag-mainnews","22":"tag-news","23":"tag-otsikot","24":"tag-paauutiset","25":"tag-suomi","26":"tag-terveydenhoito","27":"tag-terveydenhuollon-toimintalaitokset","28":"tag-terveydenhuolto-ja-sosiaalipalvelut","29":"tag-terveys","30":"tag-terveyspalvelut","31":"tag-top-stories","32":"tag-topstories","33":"tag-uutiset"},"share_on_mastodon":{"url":"https:\/\/pubeurope.com\/@fi\/115795109946400799","error":""},"_links":{"self":[{"href":"https:\/\/www.europesays.com\/fi\/wp-json\/wp\/v2\/posts\/127528","targetHints":{"allow":["GET"]}}],"collection":[{"href":"https:\/\/www.europesays.com\/fi\/wp-json\/wp\/v2\/posts"}],"about":[{"href":"https:\/\/www.europesays.com\/fi\/wp-json\/wp\/v2\/types\/post"}],"author":[{"embeddable":true,"href":"https:\/\/www.europesays.com\/fi\/wp-json\/wp\/v2\/users\/2"}],"replies":[{"embeddable":true,"href":"https:\/\/www.europesays.com\/fi\/wp-json\/wp\/v2\/comments?post=127528"}],"version-history":[{"count":0,"href":"https:\/\/www.europesays.com\/fi\/wp-json\/wp\/v2\/posts\/127528\/revisions"}],"wp:featuredmedia":[{"embeddable":true,"href":"https:\/\/www.europesays.com\/fi\/wp-json\/wp\/v2\/media\/127529"}],"wp:attachment":[{"href":"https:\/\/www.europesays.com\/fi\/wp-json\/wp\/v2\/media?parent=127528"}],"wp:term":[{"taxonomy":"category","embeddable":true,"href":"https:\/\/www.europesays.com\/fi\/wp-json\/wp\/v2\/categories?post=127528"},{"taxonomy":"post_tag","embeddable":true,"href":"https:\/\/www.europesays.com\/fi\/wp-json\/wp\/v2\/tags?post=127528"}],"curies":[{"name":"wp","href":"https:\/\/api.w.org\/{rel}","templated":true}]}}