{"id":127530,"date":"2025-12-28T03:38:12","date_gmt":"2025-12-28T03:38:12","guid":{"rendered":"https:\/\/www.europesays.com\/fi\/127530\/"},"modified":"2025-12-28T03:38:12","modified_gmt":"2025-12-28T03:38:12","slug":"asiantuntijat-eivat-ymmarra-miksi-yhdysvallat-pommitti-sokotoa","status":"publish","type":"post","link":"https:\/\/www.europesays.com\/fi\/127530\/","title":{"rendered":"Asiantuntijat eiv\u00e4t ymm\u00e4rr\u00e4, miksi Yhdysvallat pommitti Sokotoa"},"content":{"rendered":"<p>Nigeria|Tunnetuin jihadistien pes\u00e4ke sijaitsee suuren maan toisella laidalla.<\/p>\n<p>27.12. 14:32<\/p>\n<p>Lue tiivistelm\u00e4<\/p>\n<p class=\"article-body mb-nof-24 px-nof-16 sndp-summary-bullet-point-font\">Yhdysvallat teki joulup\u00e4iv\u00e4n\u00e4 ilmaiskuja Sokoton osavaltioon Luoteis-Nigeriassa, mutta asiantuntijat ihmettelev\u00e4t kohteiden valintaa.<\/p>\n<p class=\"article-body mb-nof-24 px-nof-16 sndp-summary-bullet-point-font\">Tunnetuin jihadistien pes\u00e4ke sijaitsee tuhannen kilometrin p\u00e4\u00e4ss\u00e4 Bornon osavaltiossa maan koilliskulmassa.<\/p>\n<p class=\"article-body mb-nof-24 px-nof-16 sndp-summary-bullet-point-font\">Yhdysvaltain presidentti Donald Trump perusteli iskuja kristittyjen suojelemisella, vaikka Sokoton yli 6 miljoonan asukkaan alueella ei k\u00e4yt\u00e4nn\u00f6ss\u00e4 ole kristittyj\u00e4 lainkaan.<\/p>\n<p class=\"article-body mb-nof-24 px-nof-16 sndp-summary-bullet-point-font\">Nigerian hallituksen mukaan kohteena olivat Sahelin alueelta levitt\u00e4ytyv\u00e4t Isis-toimijat, mutta asiantuntijat ep\u00e4ilev\u00e4t iskujen tehokkuutta.<\/p>\n<p class=\"article-body mb-nof-24 px-nof-16\">Asukkaat ja asiantuntijat ihmettelev\u00e4t, miksi Yhdysvallat teki joulup\u00e4iv\u00e4n\u00e4 ilmaiskuja Sokoton osavaltioon Nigerian luoteiskolkassa.<\/p>\n<p class=\"article-body mb-nof-24 px-nof-16\">Ilmeisempi kohde olisi ollut islamistisen v\u00e4kivallan keskukseksi tiedetty Bornon osavaltio maan koilliskulmassa, sanoi <a class=\"article-personlink\" href=\"https:\/\/www.hs.fi\/haku\/?query=Victoria%20Ekhomu\" rel=\"nofollow noopener\" target=\"_blank\">Victoria Ekhomu<\/a> nigerialaisesta turvallisuusalan asiantuntijaj\u00e4rjest\u00f6st\u00e4 uutistoimisto AFP:lle.<\/p>\n<p class=\"article-body mb-nof-24 px-nof-16\">Sokoton ja Bornon v\u00e4limatka on noin tuhat kilometri\u00e4.<\/p>\n<p class=\"article-body mb-nof-24 px-nof-16\">Luoteis-Nigeriassakin enemm\u00e4n v\u00e4kivaltaa on ollut Kebbin ja Nigerin osavaltioissa kuin Sokotossa, <a class=\"underline underline-offset-[0.12em] [text-decoration-thickness:var(--generic-link-underline-thickness)] [text-decoration-color:var(--generic-link-underline-color)] [text-decoration-skip-ink:var(--generic-link-underline-skip-ink)] break-words\" href=\"https:\/\/www.ft.com\/content\/99d23e21-1ca4-4dbc-819d-90449d0040ba\" rel=\"nofollow noopener\" target=\"_blank\">kertoivat<\/a> nigerialaiset asiantuntijat Financial Timesille.<\/p>\n<p class=\"article-body mb-nof-24 px-nof-16\">Sokotossa on suurempi huoli rikollisryhmist\u00e4 kuin jihadisteista, arvioivat asiantuntijat AFP:lle.<\/p>\n<p class=\"article-body mb-nof-24 px-nof-16\">Kaiken lis\u00e4ksi Yhdysvaltain presidentti <a class=\"article-personlink\" href=\"https:\/\/www.hs.fi\/haku\/?query=Donald%20Trump\" rel=\"nofollow noopener\" target=\"_blank\">Donald Trump<\/a> on <a class=\"underline underline-offset-[0.12em] [text-decoration-thickness:var(--generic-link-underline-thickness)] [text-decoration-color:var(--generic-link-underline-color)] [text-decoration-skip-ink:var(--generic-link-underline-skip-ink)] break-words\" href=\"https:\/\/www.hs.fi\/maailma\/art-2000011599768.html\" rel=\"nofollow noopener\" target=\"_blank\">kehyst\u00e4nyt<\/a> iskut kristittyjen suojelemisena islamistien vainoilta. Vaikka kristittyj\u00e4 on l\u00e4hes puolet Nigerian 230 miljoonasta asukkaasta, runsaan kuuden miljoonan asukkaan Sokotossa heit\u00e4 ei ole k\u00e4yt\u00e4nn\u00f6ss\u00e4 lainkaan.<\/p>\n<p class=\"article-body mb-nof-24 px-nof-16\">Sotilasl\u00e4hteiden <a class=\"underline underline-offset-[0.12em] [text-decoration-thickness:var(--generic-link-underline-thickness)] [text-decoration-color:var(--generic-link-underline-color)] [text-decoration-skip-ink:var(--generic-link-underline-skip-ink)] break-words\" href=\"https:\/\/www.pbs.org\/newshour\/show\/breaking-down-u-s-strikes-on-isis-in-nigeria-and-the-complicated-conflict-there\" rel=\"nofollow noopener\" target=\"_blank\">mukaan<\/a> Yhdysvallat ampui toistakymment\u00e4 Tomahawk-risteilyohjusta sotalaivoistaan Guineanlahdelta.<\/p>\n<p class=\"article-body mb-nof-24 px-nof-16\">Nigerialaisten turvallisuus\u00adasiantuntijoiden mukaan ohjukset iskiv\u00e4t ainakin nelj\u00e4\u00e4n kohteeseen, joista kaikki olivat Sokoton osavaltiossa. Nigerian hallitus <a class=\"underline underline-offset-[0.12em] [text-decoration-thickness:var(--generic-link-underline-thickness)] [text-decoration-color:var(--generic-link-underline-color)] [text-decoration-skip-ink:var(--generic-link-underline-skip-ink)] break-words\" href=\"https:\/\/thedefensepost.com\/2025\/12\/26\/us-drone-launched-missiles-nigeria\/\" rel=\"nofollow noopener\" target=\"_blank\">puhui<\/a> 16 gps-ohjautuvasta ohjuksesta, jotka olisi laukaistu Reaper-lennokeista.<\/p>\n<p><img decoding=\"async\" src=\"https:\/\/www.europesays.com\/fi\/wp-content\/uploads\/2025\/12\/1766893092_105_468.jpg\" alt=\"Yhdysvaltain puolustusministeri\u00f6 julkaisi kuvan sotalaivasta laukaistavasta ohjuksesta.\" class=\"_Img_1rerz_1\" style=\"aspect-ratio:1.7777777777777777\" loading=\"eager\"\/><\/p>\n<p class=\"article-picture-caption\">Yhdysvaltain puolustusministeri\u00f6 julkaisi kuvan sotalaivasta laukaistavasta ohjuksesta. Kuva:\u00a0Yhdysvaltain puolustusministeri\u00f6<\/p>\n<p class=\"article-body mb-nof-24 px-nof-16\">Yhdysvaltain mukaan iskujen kohteena olivat kansainv\u00e4liseen Isis-jihadistiverkostoon kytkeytyv\u00e4t ryhm\u00e4t. Se ei kuitenkaan tarkentanut, mitk\u00e4.<\/p>\n<p class=\"article-body mb-nof-24 px-nof-16\">Yhdysvallat k\u00e4ytti kohteiden m\u00e4\u00e4ritt\u00e4miseen Nigerialta saamaansa tiedustelutietoa. Nigerian hallitus kertoi, ett\u00e4 kohteena olivat muista Sahelin alueen maista Nigeriaan levitt\u00e4ytyv\u00e4t Isis-toimijat.<\/p>\n<p class=\"article-body mb-nof-24 px-nof-16\">Ulkoministeri <a class=\"article-personlink\" href=\"https:\/\/www.hs.fi\/haku\/?query=Yusuf%20Tuggar\" rel=\"nofollow noopener\" target=\"_blank\">Yusuf Tuggar<\/a> puhui AFP:n mukaan useista terroristiryhmist\u00e4 ja aseistautuneista rikollisjoukkioista. H\u00e4n listasi al-Qaida-verkostoon kuuluvan Jamaat Nusrat al-Islam wal-Muslimin -j\u00e4rjest\u00f6n (JNIM), Isisin L\u00e4nsi-Afrikan-siiven (ISWAP), Isisiin kytkeytyv\u00e4n Lakurawa-ryhm\u00e4n sek\u00e4 Mahmuda-ryhm\u00e4n, jonka uskotaan erkaantuneen Boko Haram -jihadistij\u00e4rjest\u00f6st\u00e4.<\/p>\n<p class=\"article-body mb-nof-24 px-nof-16\">Sokotossa n\u00e4ist\u00e4 ryhmist\u00e4 selvimmin l\u00e4sn\u00e4 on Lakurawa, mutta asiantuntijat ovat erimielisi\u00e4 siit\u00e4, miten todellisia sen yhteydet Isisiin ovat. Lakurawa syntyi torjumaan seudun rikollisryhmi\u00e4, mutta se radikalisoitui ja k\u00e4\u00e4ntyi paikallista maaseutuv\u00e4est\u00f6\u00e4 vastaan.<\/p>\n<p class=\"article-body mb-nof-24 px-nof-16\">Jabon pikkukaupungissa, joka sijaitsee Sokoton osavaltiossa Tambuwalin paikallishallintoalueella, asukkaat pel\u00e4styiv\u00e4t suurta r\u00e4j\u00e4hdyst\u00e4 ja tulipalloa. Nigerialaisen Daily Trust -sanomalehden <a class=\"underline underline-offset-[0.12em] [text-decoration-thickness:var(--generic-link-underline-thickness)] [text-decoration-color:var(--generic-link-underline-color)] [text-decoration-skip-ink:var(--generic-link-underline-skip-ink)] break-words\" href=\"https:\/\/dailytrust.com\/sokoto-residents-recount-moments-us-airstrikes-hit-communities\/\" rel=\"nofollow noopener\" target=\"_blank\">mukaan<\/a> pellolle Jabon laitamilla syntyi kraatteri. Er\u00e4s paikallinen <a class=\"underline underline-offset-[0.12em] [text-decoration-thickness:var(--generic-link-underline-thickness)] [text-decoration-color:var(--generic-link-underline-color)] [text-decoration-skip-ink:var(--generic-link-underline-skip-ink)] break-words\" href=\"https:\/\/www.nytimes.com\/2025\/12\/26\/world\/africa\/trump-isis-strikes-nigeria-christians-facts.html\" rel=\"nofollow noopener\" target=\"_blank\">kertoi<\/a> sanomalehti The New York Timesille, ett\u00e4 maanviljelij\u00e4n maja syttyi tuleen.<\/p>\n<p class=\"article-body mb-nof-24 px-nof-16\">\u201dLuulimme ensin, ett\u00e4 kyse oli Lakurawan hy\u00f6kk\u00e4yksest\u00e4\u201d, Jabon asukas <a class=\"article-personlink\" href=\"https:\/\/www.hs.fi\/haku\/?query=Haruna%20Kallah\" rel=\"nofollow noopener\" target=\"_blank\">Haruna Kallah<\/a> <a class=\"underline underline-offset-[0.12em] [text-decoration-thickness:var(--generic-link-underline-thickness)] [text-decoration-color:var(--generic-link-underline-color)] [text-decoration-skip-ink:var(--generic-link-underline-skip-ink)] break-words\" href=\"https:\/\/www.nytimes.com\/2025\/12\/26\/world\/africa\/trump-isis-strikes-nigeria-christians-facts.html\" rel=\"nofollow noopener\" target=\"_blank\">sanoi<\/a> AFP:lle.<\/p>\n<p class=\"article-body mb-nof-24 px-nof-16\">Tieto Yhdysvaltain iskusta \u201dyll\u00e4tti meid\u00e4t, koska t\u00e4m\u00e4 alue ei ole koskaan ollut Lakurawan hallussa eik\u00e4 t\u00e4\u00e4ll\u00e4 ole ollut yht\u00e4\u00e4n hy\u00f6kk\u00e4yksi\u00e4 kahteen vuoteen.\u201d<\/p>\n<p class=\"article-body mb-nof-24 px-nof-16\">Toinen Jabon asukas <a class=\"article-personlink\" href=\"https:\/\/www.hs.fi\/haku\/?query=Sama%E2%80%99ila%20Mustapha\" rel=\"nofollow noopener\" target=\"_blank\">Sama\u2019ila Mustapha<\/a> <a class=\"underline underline-offset-[0.12em] [text-decoration-thickness:var(--generic-link-underline-thickness)] [text-decoration-color:var(--generic-link-underline-color)] [text-decoration-skip-ink:var(--generic-link-underline-skip-ink)] break-words\" href=\"https:\/\/www.washingtonpost.com\/world\/2025\/12\/26\/trump-nigeria-airstrike-isis\/\" rel=\"nofollow noopener\" target=\"_blank\">totesi<\/a> sanomalehti The Washington Postille, ett\u00e4 \u201dei alueemme l\u00e4hell\u00e4 ole yht\u00e4\u00e4n roistojen leiri\u00e4\u201d.<\/p>\n<p class=\"article-body mb-nof-24 px-nof-16\">Ilmeisesti Jabo ei ollutkaan varsinaisena kohteena vaan sinne putosi romua Yhdysvaltain ilmaiskuista. Nigerian hallituksen mukaan niin k\u00e4vi my\u00f6s satoja kilometrej\u00e4 etel\u00e4mp\u00e4n\u00e4 Offan kaupungissa Kwaran osavaltiossa.<\/p>\n<p class=\"article-body mb-nof-24 px-nof-16\">Paikalliset <a class=\"underline underline-offset-[0.12em] [text-decoration-thickness:var(--generic-link-underline-thickness)] [text-decoration-color:var(--generic-link-underline-color)] [text-decoration-skip-ink:var(--generic-link-underline-skip-ink)] break-words\" href=\"https:\/\/guardian.ng\/news\/explosion-rocks-kwara-five-wounded-four-buildings-damaged\/\" rel=\"nofollow noopener\" target=\"_blank\">kertoivat<\/a> nigerialaislehti The Guardianille, ett\u00e4 nainen loukkaantui vakavasti, h\u00e4nen tytt\u00e4rens\u00e4kin joutui sairaalaan ja er\u00e4\u00e4lt\u00e4 pojalta leikkautui korva.<\/p>\n<p><img decoding=\"async\" src=\"https:\/\/www.europesays.com\/fi\/wp-content\/uploads\/2025\/12\/1766893092_659_468.jpg\" alt=\"Asukkaat tarkastivat vahinkoja Offan kaupungissa Kwaran osavaltiossa perjantaina.\" class=\"_Img_1rerz_1\" style=\"aspect-ratio:1.328719723183391\" loading=\"eager\"\/><\/p>\n<p class=\"article-picture-caption\">Asukkaat tarkastivat vahinkoja Offan kaupungissa Kwaran osavaltiossa perjantaina. Kuva:\u00a0Abdullahi Dare Akogun<\/p>\n<p class=\"article-body mb-nof-24 px-nof-16\">Jabon pohjoispuolella paikallishallintoalue Tangazan asukas <a class=\"article-personlink\" href=\"https:\/\/www.hs.fi\/haku\/?query=Tukur%20Shehu\" rel=\"nofollow noopener\" target=\"_blank\">Tukur Shehu<\/a> sanoi AFP:lle, ett\u00e4 kaksi iskua kohdistui Warriyan ja Alkassimin kyliin, joissa tiedet\u00e4\u00e4n olleen Lakurawan leirej\u00e4.<\/p>\n<p class=\"article-body mb-nof-24 px-nof-16\">My\u00f6s Nigerian hallituksen mukaan iskuja kohdistui kahdelle terroristien hallinta-alueelle Tangazan alueella, Baunin mets\u00e4ss\u00e4.<\/p>\n<p class=\"article-body mb-nof-24 px-nof-16\">Jos iskut osuivatkin Lakurawan kohteisiin, sijainnista p\u00e4\u00e4tellen tuskin ainakaan keskeisiin johtajiin, arvioi Yhdysvaltain ulkoministeri\u00f6n entinen neuvonantaja, L\u00e4nsi-Afrikkaan erikoistunut konsultti <a class=\"article-personlink\" href=\"https:\/\/www.hs.fi\/haku\/?query=Aneliese%20Bernard\" rel=\"nofollow noopener\" target=\"_blank\">Aneliese Bernard<\/a> The Washington Postille.<\/p>\n<p class=\"article-body mb-nof-24 px-nof-16\">Yhdysvallat ja Nigeria ovat ennakoineet iskujen jatkuvan.<\/p>\n","protected":false},"excerpt":{"rendered":"Nigeria|Tunnetuin jihadistien pes\u00e4ke sijaitsee suuren maan toisella laidalla. 27.12. 14:32 Lue tiivistelm\u00e4 Yhdysvallat teki joulup\u00e4iv\u00e4n\u00e4 ilmaiskuja Sokoton osavaltioon&hellip;\n","protected":false},"author":2,"featured_media":127531,"comment_status":"","ping_status":"","sticky":false,"template":"","format":"standard","meta":{"footnotes":""},"categories":[5],"tags":[22,23,26,27,33,31,30,17,46,24,25,28,29,15,18,21,32,19,20,16],"class_list":{"0":"post-127530","1":"post","2":"type-post","3":"status-publish","4":"format-standard","5":"has-post-thumbnail","7":"category-otsikot","8":"tag-breaking-news","9":"tag-breakingnews","10":"tag-featured-news","11":"tag-featurednews","12":"tag-fi","13":"tag-finland","14":"tag-finnish","15":"tag-headlines","16":"tag-helsingin-sanomat","17":"tag-latest-news","18":"tag-latestnews","19":"tag-main-news","20":"tag-mainnews","21":"tag-news","22":"tag-otsikot","23":"tag-paauutiset","24":"tag-suomi","25":"tag-top-stories","26":"tag-topstories","27":"tag-uutiset"},"share_on_mastodon":{"url":"https:\/\/pubeurope.com\/@fi\/115795113222282531","error":""},"_links":{"self":[{"href":"https:\/\/www.europesays.com\/fi\/wp-json\/wp\/v2\/posts\/127530","targetHints":{"allow":["GET"]}}],"collection":[{"href":"https:\/\/www.europesays.com\/fi\/wp-json\/wp\/v2\/posts"}],"about":[{"href":"https:\/\/www.europesays.com\/fi\/wp-json\/wp\/v2\/types\/post"}],"author":[{"embeddable":true,"href":"https:\/\/www.europesays.com\/fi\/wp-json\/wp\/v2\/users\/2"}],"replies":[{"embeddable":true,"href":"https:\/\/www.europesays.com\/fi\/wp-json\/wp\/v2\/comments?post=127530"}],"version-history":[{"count":0,"href":"https:\/\/www.europesays.com\/fi\/wp-json\/wp\/v2\/posts\/127530\/revisions"}],"wp:featuredmedia":[{"embeddable":true,"href":"https:\/\/www.europesays.com\/fi\/wp-json\/wp\/v2\/media\/127531"}],"wp:attachment":[{"href":"https:\/\/www.europesays.com\/fi\/wp-json\/wp\/v2\/media?parent=127530"}],"wp:term":[{"taxonomy":"category","embeddable":true,"href":"https:\/\/www.europesays.com\/fi\/wp-json\/wp\/v2\/categories?post=127530"},{"taxonomy":"post_tag","embeddable":true,"href":"https:\/\/www.europesays.com\/fi\/wp-json\/wp\/v2\/tags?post=127530"}],"curies":[{"name":"wp","href":"https:\/\/api.w.org\/{rel}","templated":true}]}}