{"id":127534,"date":"2025-12-28T03:57:15","date_gmt":"2025-12-28T03:57:15","guid":{"rendered":"https:\/\/www.europesays.com\/fi\/127534\/"},"modified":"2025-12-28T03:57:15","modified_gmt":"2025-12-28T03:57:15","slug":"elian-lehto-laski-pisteille-livignossa-urheilu","status":"publish","type":"post","link":"https:\/\/www.europesays.com\/fi\/127534\/","title":{"rendered":"Elian Lehto laski pisteille Livignossa | Urheilu"},"content":{"rendered":"<p>Suomen Elian Lehto poimi kuusi pistett\u00e4 alppihiihdon maailmancupissa, kun h\u00e4n sijoittui 25:nneksi Italian Livignossa lasketussa supersuurpujottelussa. Jaakko Tapanainen oli kisassa 45:s.<\/p>\n<p>Lehto h\u00e4visi sekunnin ja yhden sadasosan kisan voittaneelle It\u00e4vallan Marco Schwarzille. Sijat 2\u20134 meniv\u00e4t Sveitsiin, Alexis Monneylle, Franjo von Allmenille ja Marco Odermattille.<\/p>\n<p>Schwarzilla, 30, on aiempia maailmancup-voittoja pujottelusta ja suurpujottelusta, mutta supersuurpujottelusta napsahti nyt uran ensimm\u00e4inen cup-ykk\u00f6stila.<\/p>\n<p>Maailmancupin kokonaiskisassa Odermatt jatkaa ylivoimaisessa johdossa. T\u00e4m\u00e4n kauden kuudessa kisassaan nelj\u00e4sti pisteille ylt\u00e4nyt Lehto on kokonaiscupissa sijalla 52. Suomalaisista cupissa korkeimmalla on pujottelut\u00e4hti Eduard Hallberg, joka on sijalla 27.<\/p>\n","protected":false},"excerpt":{"rendered":"Suomen Elian Lehto poimi kuusi pistett\u00e4 alppihiihdon maailmancupissa, kun h\u00e4n sijoittui 25:nneksi Italian Livignossa lasketussa supersuurpujottelussa. Jaakko Tapanainen&hellip;\n","protected":false},"author":2,"featured_media":127535,"comment_status":"","ping_status":"","sticky":false,"template":"","format":"standard","meta":{"footnotes":""},"categories":[158],"tags":[33,31,30,2096,41,159,32,160,161],"class_list":{"0":"post-127534","1":"post","2":"type-post","3":"status-publish","4":"format-standard","5":"has-post-thumbnail","7":"category-urheilu","8":"tag-fi","9":"tag-finland","10":"tag-finnish","11":"tag-hiihtolajit","12":"tag-liikunta-ja-urheilu","13":"tag-sports","14":"tag-suomi","15":"tag-urheilu","16":"tag-urheilutapahtumat"},"share_on_mastodon":{"url":"https:\/\/pubeurope.com\/@fi\/115795187658325100","error":""},"_links":{"self":[{"href":"https:\/\/www.europesays.com\/fi\/wp-json\/wp\/v2\/posts\/127534","targetHints":{"allow":["GET"]}}],"collection":[{"href":"https:\/\/www.europesays.com\/fi\/wp-json\/wp\/v2\/posts"}],"about":[{"href":"https:\/\/www.europesays.com\/fi\/wp-json\/wp\/v2\/types\/post"}],"author":[{"embeddable":true,"href":"https:\/\/www.europesays.com\/fi\/wp-json\/wp\/v2\/users\/2"}],"replies":[{"embeddable":true,"href":"https:\/\/www.europesays.com\/fi\/wp-json\/wp\/v2\/comments?post=127534"}],"version-history":[{"count":0,"href":"https:\/\/www.europesays.com\/fi\/wp-json\/wp\/v2\/posts\/127534\/revisions"}],"wp:featuredmedia":[{"embeddable":true,"href":"https:\/\/www.europesays.com\/fi\/wp-json\/wp\/v2\/media\/127535"}],"wp:attachment":[{"href":"https:\/\/www.europesays.com\/fi\/wp-json\/wp\/v2\/media?parent=127534"}],"wp:term":[{"taxonomy":"category","embeddable":true,"href":"https:\/\/www.europesays.com\/fi\/wp-json\/wp\/v2\/categories?post=127534"},{"taxonomy":"post_tag","embeddable":true,"href":"https:\/\/www.europesays.com\/fi\/wp-json\/wp\/v2\/tags?post=127534"}],"curies":[{"name":"wp","href":"https:\/\/api.w.org\/{rel}","templated":true}]}}