{"id":127536,"date":"2025-12-28T04:02:25","date_gmt":"2025-12-28T04:02:25","guid":{"rendered":"https:\/\/www.europesays.com\/fi\/127536\/"},"modified":"2025-12-28T04:02:25","modified_gmt":"2025-12-28T04:02:25","slug":"viki-ja-kopi-reissaavat-madridiin-mukanaan-isa-ja-aiti-luvassa-naurua-ja-noloja-tilanteita-koti","status":"publish","type":"post","link":"https:\/\/www.europesays.com\/fi\/127536\/","title":{"rendered":"Viki ja K\u00f6pi reissaavat Madridiin mukanaan is\u00e4 ja \u00e4iti \u2013 luvassa naurua ja noloja tilanteita &#8211; Koti"},"content":{"rendered":"<p>Koko kansan hauskuttajat selvitt\u00e4v\u00e4t, ken taitaa flamencon askeleet ja onnistuuko autoilu suurkaupungin kaoottisessa liikenteess\u00e4. <\/p>\n<p><a class=\"ArticleImage_imageContainer__e0EST\" href=\"https:\/\/www.europesays.com\/fi\/wp-content\/uploads\/2025\/12\/dLGRdZUM3e7K5ER4_iML9IfwGFk.jpg\"><img decoding=\"async\" src=\"https:\/\/www.europesays.com\/fi\/wp-content\/uploads\/2025\/12\/dLGRdZUM3e7K5ER4_iML9IfwGFk.jpg\" alt=\"K\u00f6pi (Juuso Kallio) nappasi matkaan mukaan \u00e4itins\u00e4 Tuikun. \" loading=\"lazy\"\/><\/a><\/p>\n<p>K\u00f6pi (Juuso Kallio) nappasi matkaan mukaan \u00e4itins\u00e4 Tuikun. \u00a0Kuva: Yleisradio Oy<\/p>\n<p class=\"RichTextParagraph_richTextParagraph__Wxs3t undefined\">Vikin ja K\u00f6pin matkailuohjelman spesiaalijaksossa koko kansan hauskuuttajat reissaavat Espanjan p\u00e4\u00e4kaupunkiin Madridiin, mutta t\u00e4ll\u00e4 kertaa matkaan kaapataan mukaan my\u00f6s Vikin is\u00e4 Juli ja K\u00f6pin \u00e4iti Tuikku. <\/p>\n<p class=\"RichTextParagraph_richTextParagraph__Wxs3t undefined\">Parivaljakoista toinen sinnittelee satasen budjetilla, kun taas toinen saa t\u00f6rs\u00e4tt\u00e4v\u00e4kseen parituhatta euroa. Ken taitaa flamencon askeleet ja onnistuuko autoilu suurkaupungin kaoottisessa liikenteess\u00e4? <\/p>\n<p class=\"RichTextParagraph_richTextParagraph__Wxs3t undefined\">Yle Areenasta l\u00f6ytyy mielin m\u00e4\u00e4rin Vikin ja K\u00f6pin matkailuohjelman jaksoja, joissa kaksikko seikkailee eri puolilla Eurooppaa tutustumassa kulttuuriin. Podcastien ja radion puolella nauruhermoja kutkuttelee Viki ja K\u00f6pi -show. <\/p>\n<p>Yle TV2 tiistaina klo 00.01 ja Yle Areena<\/p>\n","protected":false},"excerpt":{"rendered":"Koko kansan hauskuttajat selvitt\u00e4v\u00e4t, ken taitaa flamencon askeleet ja onnistuuko autoilu suurkaupungin kaoottisessa liikenteess\u00e4. K\u00f6pi (Juuso Kallio) nappasi&hellip;\n","protected":false},"author":2,"featured_media":127537,"comment_status":"","ping_status":"","sticky":false,"template":"","format":"standard","meta":{"footnotes":""},"categories":[14],"tags":[22,23,26,27,33,31,30,17,24,25,28,29,15,18,21,32,19,20,56,16,59,60,61],"class_list":{"0":"post-127536","1":"post","2":"type-post","3":"status-publish","4":"format-standard","5":"has-post-thumbnail","7":"category-ulkomaat","8":"tag-breaking-news","9":"tag-breakingnews","10":"tag-featured-news","11":"tag-featurednews","12":"tag-fi","13":"tag-finland","14":"tag-finnish","15":"tag-headlines","16":"tag-latest-news","17":"tag-latestnews","18":"tag-main-news","19":"tag-mainnews","20":"tag-news","21":"tag-otsikot","22":"tag-paauutiset","23":"tag-suomi","24":"tag-top-stories","25":"tag-topstories","26":"tag-ulkomaat","27":"tag-uutiset","28":"tag-world","29":"tag-world-news","30":"tag-worldnews"},"share_on_mastodon":{"url":"https:\/\/pubeurope.com\/@fi\/115795207521237884","error":""},"_links":{"self":[{"href":"https:\/\/www.europesays.com\/fi\/wp-json\/wp\/v2\/posts\/127536","targetHints":{"allow":["GET"]}}],"collection":[{"href":"https:\/\/www.europesays.com\/fi\/wp-json\/wp\/v2\/posts"}],"about":[{"href":"https:\/\/www.europesays.com\/fi\/wp-json\/wp\/v2\/types\/post"}],"author":[{"embeddable":true,"href":"https:\/\/www.europesays.com\/fi\/wp-json\/wp\/v2\/users\/2"}],"replies":[{"embeddable":true,"href":"https:\/\/www.europesays.com\/fi\/wp-json\/wp\/v2\/comments?post=127536"}],"version-history":[{"count":0,"href":"https:\/\/www.europesays.com\/fi\/wp-json\/wp\/v2\/posts\/127536\/revisions"}],"wp:featuredmedia":[{"embeddable":true,"href":"https:\/\/www.europesays.com\/fi\/wp-json\/wp\/v2\/media\/127537"}],"wp:attachment":[{"href":"https:\/\/www.europesays.com\/fi\/wp-json\/wp\/v2\/media?parent=127536"}],"wp:term":[{"taxonomy":"category","embeddable":true,"href":"https:\/\/www.europesays.com\/fi\/wp-json\/wp\/v2\/categories?post=127536"},{"taxonomy":"post_tag","embeddable":true,"href":"https:\/\/www.europesays.com\/fi\/wp-json\/wp\/v2\/tags?post=127536"}],"curies":[{"name":"wp","href":"https:\/\/api.w.org\/{rel}","templated":true}]}}