{"id":127538,"date":"2025-12-28T04:03:12","date_gmt":"2025-12-28T04:03:12","guid":{"rendered":"https:\/\/www.europesays.com\/fi\/127538\/"},"modified":"2025-12-28T04:03:12","modified_gmt":"2025-12-28T04:03:12","slug":"laaja-sahkokatko-ohi-porvoossa-ja-loviisassa-paikalliset","status":"publish","type":"post","link":"https:\/\/www.europesays.com\/fi\/127538\/","title":{"rendered":"Laaja s\u00e4hk\u00f6katko ohi Porvoossa ja Loviisassa | Paikalliset"},"content":{"rendered":"<p>Porvoossa oli lauantaina keskip\u00e4iv\u00e4n aikaan laaja s\u00e4hk\u00f6katko saaristossa Tirmon ja Pellingin ymp\u00e4rist\u00f6ss\u00e4. S\u00e4hk\u00f6tt\u00f6mi\u00e4 asiakkaita oli hetkellisesti hieman yli tuhat. Vika korjaantui nopeasti. Naapurikunnassa Loviisassa s\u00e4hk\u00f6tt\u00f6mi\u00e4 asiakkaita oli samaan aikaan 330.<\/p>\n<p>P\u00e4ivitys: S\u00e4hk\u00f6katko korjaantui hieman ennen kello kahta.<\/p>\n","protected":false},"excerpt":{"rendered":"Porvoossa oli lauantaina keskip\u00e4iv\u00e4n aikaan laaja s\u00e4hk\u00f6katko saaristossa Tirmon ja Pellingin ymp\u00e4rist\u00f6ss\u00e4. S\u00e4hk\u00f6tt\u00f6mi\u00e4 asiakkaita oli hetkellisesti hieman yli&hellip;\n","protected":false},"author":2,"featured_media":127539,"comment_status":"","ping_status":"","sticky":false,"template":"","format":"standard","meta":{"footnotes":""},"categories":[12],"tags":[22,23,124,26,27,33,31,30,17,24,25,522,523,28,29,3381,15,18,21,620,710,3383,32,19,20,16],"class_list":{"0":"post-127538","1":"post","2":"type-post","3":"status-publish","4":"format-standard","5":"has-post-thumbnail","7":"category-suomi","8":"tag-breaking-news","9":"tag-breakingnews","10":"tag-energia-sektori","11":"tag-featured-news","12":"tag-featurednews","13":"tag-fi","14":"tag-finland","15":"tag-finnish","16":"tag-headlines","17":"tag-latest-news","18":"tag-latestnews","19":"tag-loviisa","20":"tag-loviisan-seutukunta","21":"tag-main-news","22":"tag-mainnews","23":"tag-myrskyt","24":"tag-news","25":"tag-otsikot","26":"tag-paauutiset","27":"tag-porvoo","28":"tag-saa","29":"tag-sahkokatkos","30":"tag-suomi","31":"tag-top-stories","32":"tag-topstories","33":"tag-uutiset"},"share_on_mastodon":{"url":"https:\/\/pubeurope.com\/@fi\/115795211345549413","error":""},"_links":{"self":[{"href":"https:\/\/www.europesays.com\/fi\/wp-json\/wp\/v2\/posts\/127538","targetHints":{"allow":["GET"]}}],"collection":[{"href":"https:\/\/www.europesays.com\/fi\/wp-json\/wp\/v2\/posts"}],"about":[{"href":"https:\/\/www.europesays.com\/fi\/wp-json\/wp\/v2\/types\/post"}],"author":[{"embeddable":true,"href":"https:\/\/www.europesays.com\/fi\/wp-json\/wp\/v2\/users\/2"}],"replies":[{"embeddable":true,"href":"https:\/\/www.europesays.com\/fi\/wp-json\/wp\/v2\/comments?post=127538"}],"version-history":[{"count":0,"href":"https:\/\/www.europesays.com\/fi\/wp-json\/wp\/v2\/posts\/127538\/revisions"}],"wp:featuredmedia":[{"embeddable":true,"href":"https:\/\/www.europesays.com\/fi\/wp-json\/wp\/v2\/media\/127539"}],"wp:attachment":[{"href":"https:\/\/www.europesays.com\/fi\/wp-json\/wp\/v2\/media?parent=127538"}],"wp:term":[{"taxonomy":"category","embeddable":true,"href":"https:\/\/www.europesays.com\/fi\/wp-json\/wp\/v2\/categories?post=127538"},{"taxonomy":"post_tag","embeddable":true,"href":"https:\/\/www.europesays.com\/fi\/wp-json\/wp\/v2\/tags?post=127538"}],"curies":[{"name":"wp","href":"https:\/\/api.w.org\/{rel}","templated":true}]}}