{"id":127542,"date":"2025-12-28T04:19:07","date_gmt":"2025-12-28T04:19:07","guid":{"rendered":"https:\/\/www.europesays.com\/fi\/127542\/"},"modified":"2025-12-28T04:19:07","modified_gmt":"2025-12-28T04:19:07","slug":"tanaan-tvssa-veikko-huovisen-suosikkiromaani-kaantyi-elokuvaksi-kai-lehtinen-tekee-mainion-roolisuorituksen","status":"publish","type":"post","link":"https:\/\/www.europesays.com\/fi\/127542\/","title":{"rendered":"T\u00e4n\u00e4\u00e4n tv:ss\u00e4: Veikko Huovisen suosikkiromaani k\u00e4\u00e4ntyi elokuvaksi \u2013\u00a0Kai Lehtinen tekee mainion roolisuorituksen"},"content":{"rendered":"<p>T\u00e4n\u00e4\u00e4n n\u00e4hd\u00e4\u00e4n televisiossa vuonna 2009 valmistunut Havukka-ahon ajattelija.<\/p>\n<p>N\u00e4yttelij\u00e4n\u00e4 paremmin tunnettu<strong> Kari V\u00e4\u00e4n\u00e4nen <\/strong>ohjasi elokuvan <strong>Veikko Huovisen <\/strong>suositun romaanin pohjalta.<\/p>\n<p>P\u00e4\u00e4roolissa Konsta Pylkk\u00e4sen\u00e4 n\u00e4hd\u00e4\u00e4n mainion roolisuorituksen tekev\u00e4 <strong>Kai Lehtinen<\/strong>. H\u00e4n esitt\u00e4\u00e4 tasaisen jurolla tyylill\u00e4\u00e4n korpifilosofia, jonka mielikuvituksellinen ajatuksenlento saattaa l\u00e4hte\u00e4 omista varpaankynsist\u00e4 ja p\u00e4\u00e4ty\u00e4 Borneon kautta ulkoavaruuteen.<\/p>\n<p>My\u00f6s k\u00e4sikirjoituksen laatinut V\u00e4\u00e4n\u00e4nen on pysynyt uskollisena Huovisen tekstille, ja hyv\u00e4 niin. Kun kyse on sellaisesta huumoriklassikosta kuin Havukka-ahon ajattelija, niin mit\u00e4p\u00e4 sit\u00e4 turhia ronkkimaan.<\/p>\n<p><strong>Tommi Korpela <\/strong>ja <strong>Hannu-Pekka Bj\u00f6rkman e<\/strong>sitt\u00e4v\u00e4t etel\u00e4n maistereita, ja heid\u00e4n roolihahmonsa t\u00e4ydent\u00e4v\u00e4t toisiaan kuin Ohukainen ja Paksukainen.<\/p>\n<p>Lue my\u00f6s: <a href=\"https:\/\/www.episodi.fi\/uutiset\/kulut-on-suuremmat-kuin-tuotot-pitkan-linjan-suomalainen-elokuvayhtio-jatti-konkurssihakemuksen\/\" title=\"\u201dKulut on suuremmat kuin tuotot\u201d \u2013 Pitk\u00e4n linjan suomalainen elokuvayhti\u00f6 j\u00e4tti konkurssihakemuksen\" class=\"underline-custom !font-montserrat !font-bold !underline-offset-4 !decoration-4 !decoration-episodi-blue !text-md\" rel=\"nofollow noopener\" target=\"_blank\">\u201dKulut on suuremmat kuin tuotot\u201d \u2013 Pitk\u00e4n linjan suomalainen elokuvayhti\u00f6 j\u00e4tti konkurssihakemuksen<\/a><\/p>\n<p>Kainuun luonnonmaisemat ja el\u00e4m\u00e4nmeno on kuvattu el\u00e4v\u00e4sti ja aidon tuntuisesti. Lopputulos on sujuvaa ja el\u00e4m\u00e4nmakuista huumoria, joka upposi Suomen kansaan kuin h\u00e4k\u00e4. Elokuva ker\u00e4si teattereissa reilut 220 000 katsojaa. Elokuvan tuotti monista laatuelokuvista tuttu Matila R\u00f6hr Productions, jonka viime vuodet ovat olleet vaikeita, ja yhti\u00f6 j\u00e4tti vastik\u00e4\u00e4n konkurssihakemuksen.<\/p>\n<p>Havukka-ahon ajattelija esitet\u00e4\u00e4n TV2-kanavalla sunnuntaina 28.12.2025 klo 18.05. Elokuva on Areenassa pysyv\u00e4sti, ja sielt\u00e4 voi katsoa sen my\u00f6s pidennettyn\u00e4 sarjaversiona. Katso traileri alta.<\/p>\n<p><img loading=\"lazy\" decoding=\"async\" alt=\"YouTube video\" width=\"480\" height=\"360\" data-pin-nopin=\"true\" nopin=\"nopin\" class=\"perfmatters-lazy\" src=\"https:\/\/www.europesays.com\/fi\/wp-content\/uploads\/2025\/12\/1766895547_579_hqdefault.jpg\"\/><\/p>\n<p>Lue my\u00f6s: <a href=\"https:\/\/www.episodi.fi\/uutiskirje\/?uutiskirjemainos=tekstilinkkimainos\" title=\"Tilaa Episodin uutiskirje ja voit voittaa leffalippuja! Nappaa tv-vinkit suoraan s\u00e4hk\u00f6postiin t\u00e4st\u00e4.\" class=\"underline-custom !font-montserrat !font-bold !underline-offset-4 !decoration-4 !decoration-episodi-blue !text-md\" rel=\"nofollow noopener\" target=\"_blank\">Tilaa Episodin uutiskirje ja voit voittaa leffalippuja! Nappaa katseluvinkit suoraan s\u00e4hk\u00f6postiin t\u00e4st\u00e4.<\/a><\/p>\n","protected":false},"excerpt":{"rendered":"T\u00e4n\u00e4\u00e4n n\u00e4hd\u00e4\u00e4n televisiossa vuonna 2009 valmistunut Havukka-ahon ajattelija. N\u00e4yttelij\u00e4n\u00e4 paremmin tunnettu Kari V\u00e4\u00e4n\u00e4nen ohjasi elokuvan Veikko Huovisen suositun&hellip;\n","protected":false},"author":2,"featured_media":127543,"comment_status":"","ping_status":"","sticky":false,"template":"","format":"standard","meta":{"footnotes":""},"categories":[133],"tags":[137,33,31,30,32,206,139,156,109,913],"class_list":{"0":"post-127542","1":"post","2":"type-post","3":"status-publish","4":"format-standard","5":"has-post-thumbnail","7":"category-televisiot","8":"tag-entertainment","9":"tag-fi","10":"tag-finland","11":"tag-finnish","12":"tag-suomi","13":"tag-televisiot","14":"tag-tv-ohjelmat","15":"tag-tv","16":"tag-viihde","17":"tag-yle-areena"},"share_on_mastodon":{"url":"https:\/\/pubeurope.com\/@fi\/115795274457540099","error":""},"_links":{"self":[{"href":"https:\/\/www.europesays.com\/fi\/wp-json\/wp\/v2\/posts\/127542","targetHints":{"allow":["GET"]}}],"collection":[{"href":"https:\/\/www.europesays.com\/fi\/wp-json\/wp\/v2\/posts"}],"about":[{"href":"https:\/\/www.europesays.com\/fi\/wp-json\/wp\/v2\/types\/post"}],"author":[{"embeddable":true,"href":"https:\/\/www.europesays.com\/fi\/wp-json\/wp\/v2\/users\/2"}],"replies":[{"embeddable":true,"href":"https:\/\/www.europesays.com\/fi\/wp-json\/wp\/v2\/comments?post=127542"}],"version-history":[{"count":0,"href":"https:\/\/www.europesays.com\/fi\/wp-json\/wp\/v2\/posts\/127542\/revisions"}],"wp:featuredmedia":[{"embeddable":true,"href":"https:\/\/www.europesays.com\/fi\/wp-json\/wp\/v2\/media\/127543"}],"wp:attachment":[{"href":"https:\/\/www.europesays.com\/fi\/wp-json\/wp\/v2\/media?parent=127542"}],"wp:term":[{"taxonomy":"category","embeddable":true,"href":"https:\/\/www.europesays.com\/fi\/wp-json\/wp\/v2\/categories?post=127542"},{"taxonomy":"post_tag","embeddable":true,"href":"https:\/\/www.europesays.com\/fi\/wp-json\/wp\/v2\/tags?post=127542"}],"curies":[{"name":"wp","href":"https:\/\/api.w.org\/{rel}","templated":true}]}}