{"id":127548,"date":"2025-12-28T04:27:19","date_gmt":"2025-12-28T04:27:19","guid":{"rendered":"https:\/\/www.europesays.com\/fi\/127548\/"},"modified":"2025-12-28T04:27:19","modified_gmt":"2025-12-28T04:27:19","slug":"kultaa-karhuja-ja-koiravaljakoita-esa-ekdahl-muutti-nivalasta-kanadaan-suomi-on-minun-synnyinmaani-mutta-tama-on-kotimaani","status":"publish","type":"post","link":"https:\/\/www.europesays.com\/fi\/127548\/","title":{"rendered":"Kultaa, karhuja ja koiravaljakoita \u2013 Esa Ekdahl muutti Nivalasta Kanadaan: \u201dSuomi on minun synnyinmaani, mutta t\u00e4m\u00e4 on kotimaani\u201d"},"content":{"rendered":"<p>                                  Ihmiset<\/p>\n<p class=\"ew-preamble\" itemprop=\"description\">Tarkkasilm\u00e4isimm\u00e4t huomasivat Nivala-lehden jouluntoivotuksista toivotuksen nivalalaisille kaukaa rapakon takaa, Kanadan Yukonista. Toivottaja on Esa Ekdahl, josta julkaistiin henkil\u00f6juttu t\u00e4m\u00e4n vuoden syyskuussa. T\u00e4m\u00e4 on sen jutun uudelleenjulkaisu.<\/p>\n<p>                <img loading=\"lazy\" decoding=\"async\" itemprop=\"contentUrl\" class=\"figure-img img-fluid\"  src=\"https:\/\/www.europesays.com\/fi\/wp-content\/uploads\/2025\/12\/1766896038_81_imengine.public.prod.hil.infomaker.io\" width=\"480\" height=\"270\"  alt=\"\"\/><\/p>\n<p>                                    Esa Ekdahl on asunut Kanadassa vuodesta 1958.<br \/>\n                                                    Kuva:<br \/>\n                    Ekdahlin kotialbumi<\/p>\n<p>      MAINOS &#8211; juttu jatkuu mainoksen j\u00e4lkeen<\/p>\n<p>      MAINOS &#8211; mainos p\u00e4\u00e4ttyy<\/p>\n<p class=\"ew-body\">Nivalalaisl\u00e4ht\u00f6inen <strong id=\"strong-8286abc6ba5d5943d24fff5fe7cd9681\">Esa Ekdahl<\/strong> on muuttanut Kanadaan 1958. Nyt h\u00e4n viett\u00e4\u00e4 touhukasta l\u00e4hes yhdeks\u00e4nkymppisen el\u00e4m\u00e4\u00e4 ja asuu Whitehorsessa Yukonissa Pohjois-Kanadassa l\u00e4hell\u00e4 Alaskaa.<\/p>\n<p class=\"ew-body\">Yukon on maantieteellisesti yht\u00e4 pohjoisessa kuin Suomi, ja pinta-alaltaan l\u00e4hell\u00e4 Suomen kokoa. Asukkaita siell\u00e4 on <\/p>\n<p>  <a class=\"btn btn-secondary btn-icon-left\" href=\"#coral_thread\"><br \/>\n    <img decoding=\"async\" src=\"https:\/\/www.nivala-lehti.fi\/wp-content\/themes\/hilla-theme\/assets\/img\/icon_comments.svg\" alt=\"\"\/><br \/>\n    Kommentoi<br \/>\n    \u00a0(0)<br \/>\n  <\/a><\/p>\n<p>  <a class=\"btn btn-secondary btn-icon-left mailto_web\" href=\"mailto:toimitus@nivala-lehti.fi?subject=Ilmoita%20asiavirheest%C3%A4&amp;body=Otsikko%3A%20Kultaa%2C%20karhuja%20ja%20koiravaljakoita%20%E2%80%93%20Esa%20Ekdahl%20muutti%20Nivalasta%20Kanadaan%3A%20%E2%80%9DSuomi%20on%20minun%20synnyinmaani%2C%20mutta%20t%C3%A4m%C3%A4%20on%20kotimaani%E2%80%9D%0AUuid%3A%208175dddf-17ee-44bd-8078-0ee243feef90%0AUrl%3A%20https%3A%2F%2Fwww.nivala-lehti.fi%2Fartikkeli%2Fkultaa-karhuja-ja-koiravaljakoita-esa-ekdahl-muutti-nivalasta-kanadaan-suomi-on-minun-synnyinma-2\"><br \/>\n    <img decoding=\"async\" src=\"https:\/\/www.nivala-lehti.fi\/wp-content\/themes\/hilla-theme\/assets\/img\/icon_feedback.svg\" alt=\"\"\/><br \/>\n    Ilmoita asiavirheest\u00e4<br \/>\n  <\/a><\/p>\n","protected":false},"excerpt":{"rendered":"Ihmiset Tarkkasilm\u00e4isimm\u00e4t huomasivat Nivala-lehden jouluntoivotuksista toivotuksen nivalalaisille kaukaa rapakon takaa, Kanadan Yukonista. Toivottaja on Esa Ekdahl, josta julkaistiin&hellip;\n","protected":false},"author":2,"featured_media":127549,"comment_status":"","ping_status":"","sticky":false,"template":"","format":"standard","meta":{"footnotes":""},"categories":[76],"tags":[79,77,33,31,30,32,78],"class_list":{"0":"post-127548","1":"post","2":"type-post","3":"status-publish","4":"format-standard","5":"has-post-thumbnail","7":"category-talous","8":"tag-business","9":"tag-economy","10":"tag-fi","11":"tag-finland","12":"tag-finnish","13":"tag-suomi","14":"tag-talous"},"share_on_mastodon":{"url":"https:\/\/pubeurope.com\/@fi\/115795305770996828","error":""},"_links":{"self":[{"href":"https:\/\/www.europesays.com\/fi\/wp-json\/wp\/v2\/posts\/127548","targetHints":{"allow":["GET"]}}],"collection":[{"href":"https:\/\/www.europesays.com\/fi\/wp-json\/wp\/v2\/posts"}],"about":[{"href":"https:\/\/www.europesays.com\/fi\/wp-json\/wp\/v2\/types\/post"}],"author":[{"embeddable":true,"href":"https:\/\/www.europesays.com\/fi\/wp-json\/wp\/v2\/users\/2"}],"replies":[{"embeddable":true,"href":"https:\/\/www.europesays.com\/fi\/wp-json\/wp\/v2\/comments?post=127548"}],"version-history":[{"count":0,"href":"https:\/\/www.europesays.com\/fi\/wp-json\/wp\/v2\/posts\/127548\/revisions"}],"wp:featuredmedia":[{"embeddable":true,"href":"https:\/\/www.europesays.com\/fi\/wp-json\/wp\/v2\/media\/127549"}],"wp:attachment":[{"href":"https:\/\/www.europesays.com\/fi\/wp-json\/wp\/v2\/media?parent=127548"}],"wp:term":[{"taxonomy":"category","embeddable":true,"href":"https:\/\/www.europesays.com\/fi\/wp-json\/wp\/v2\/categories?post=127548"},{"taxonomy":"post_tag","embeddable":true,"href":"https:\/\/www.europesays.com\/fi\/wp-json\/wp\/v2\/tags?post=127548"}],"curies":[{"name":"wp","href":"https:\/\/api.w.org\/{rel}","templated":true}]}}