{"id":127560,"date":"2025-12-28T04:47:10","date_gmt":"2025-12-28T04:47:10","guid":{"rendered":"https:\/\/www.europesays.com\/fi\/127560\/"},"modified":"2025-12-28T04:47:10","modified_gmt":"2025-12-28T04:47:10","slug":"paivalla-tvssa-marvel-fanit-huomasivat-hammentavan-juoniaukon-illan-supersankarointi-sotkee-endgamen-kuviot","status":"publish","type":"post","link":"https:\/\/www.europesays.com\/fi\/127560\/","title":{"rendered":"P\u00e4iv\u00e4ll\u00e4 tv:ss\u00e4: Marvel-fanit huomasivat h\u00e4mment\u00e4v\u00e4n juoniaukon \u2013 illan supersankarointi sotkee Endgamen kuviot"},"content":{"rendered":"<p>P\u00e4iv\u00e4n elokuvatarjonnassa n\u00e4hd\u00e4\u00e4n Spider-Man: Far From Home, jossa H\u00e4m\u00e4h\u00e4kkimiehen roolissa loistaa <strong>Tom Holland<\/strong>. Mukana ovat my\u00f6s <strong>Samuel L. Jackson, Jake Gyllenhaal, Marisa Tomei, Jon Favreau <\/strong>sek\u00e4 <strong>Zendaya<\/strong>. Ohjauksesta vastaa <strong>Jon Watts<\/strong>.<\/p>\n<p>Elokuva siirt\u00e4\u00e4 Peter Parkerin pois New Yorkin pilvenpiirt\u00e4jist\u00e4 Euroopan maisemiin koulun retkelle, joka muuttuu supersankariseikkailuksi. Katsojat viihtyiv\u00e4t leffan parissa, mutta aivan kaikki eiv\u00e4t sulattaneet tarinan juonikuvioita.<\/p>\n<p>Keski\u00f6\u00f6n nousee Tony Starkin Peterille j\u00e4tt\u00e4m\u00e4 perint\u00f6, aurinkolasit, joiden kautta saa yhteyden EDITH-teko\u00e4lyyn. Kyse ei ole harmittomasta avustajasta, vaan j\u00e4rjestelm\u00e4st\u00e4, joka pystyy hallitsemaan satelliitteja ja aseistettuja drooneja, mitk\u00e4 muodostavat k\u00e4yt\u00e4nn\u00f6ss\u00e4 armeijan.<\/p>\n<p>Droonit her\u00e4ttiv\u00e4t ihmetyst\u00e4 faneissa, ja Digital Spy nosti esiin niiden aiheuttaman juoniaukon. Jos EDITH ja droonit olivat olemassa, miksei niit\u00e4 hy\u00f6dynnetty Avengers: Endgame -elokuvan kohtalonhetkill\u00e4?<\/p>\n<p><img loading=\"lazy\" height=\"324\" width=\"648\" class=\"wp-image-172014 sp-no-webp perfmatters-lazy\" alt=\"\" decoding=\"async\" src=\"https:\/\/www.europesays.com\/fi\/wp-content\/uploads\/2025\/12\/spider-man-far-from-home-648x324.jpg\"  data-\/> <\/p>\n<p>Lue my\u00f6s: <a href=\"https:\/\/www.episodi.fi\/uutiset\/paivan-mahtavaan-supersankarileffaan-jai-hammentava-moka-ohjaajan-muisti-petti-katastrofaalisesti\/\" title=\"P\u00e4iv\u00e4n mahtavaan supersankarileffaan j\u00e4i h\u00e4mment\u00e4v\u00e4 moka \u2013 ohjaajan muisti petti katastrofaalisesti\" class=\"underline-custom !font-montserrat !font-bold !underline-offset-4 !decoration-4 !decoration-episodi-blue !text-md\" rel=\"nofollow noopener\" target=\"_blank\">P\u00e4iv\u00e4n mahtavaan supersankarileffaan j\u00e4i h\u00e4mment\u00e4v\u00e4 moka \u2013 ohjaajan muisti petti katastrofaalisesti<\/a><\/p>\n<p>Julkaisun mielest\u00e4 Stark oli jo Endgamen aikaan p\u00e4\u00e4tt\u00e4nyt, ett\u00e4 Parker saa h\u00e4nelt\u00e4 lasit kuolemansa j\u00e4lkeen. T\u00e4m\u00e4 taas tarkoittaisi sit\u00e4, ett\u00e4 droonit olisivat olleet olemassa Endgamen lopputaistelun aikana. Voi toki spekuloida, etteiv\u00e4t droonit olleet viel\u00e4 jostain syyst\u00e4 silti toimintavalmiudessa Endgamen aikaan.<\/p>\n<p>Elokuva on my\u00f6s Viaplayssa. Alla traileri.<\/p>\n<p>Tulevat l\u00e4hetykset:<\/p>\n<ul class=\"wp-block-list\">\n<li>Su 28.12.2025 klo 14.05 \u00b7 Nelonen<\/li>\n<li>To 1.1.2026 klo 00.15 \u00b7 Nelonen<\/li>\n<li>Pe 2.1.2026 klo 18.25 \u00b7 Nelonen<\/li>\n<li>Pe 16.1.2026 klo 21.00 \u00b7 Jim<\/li>\n<li>Ma 19.1.2026 klo 21.00 \u00b7 Hero<\/li>\n<\/ul>\n<p>Lue my\u00f6s: <a href=\"https:\/\/www.episodi.fi\/uutiset\/the-odysseyn-ensimmainen-traileri-ei-kerannyt-pelkkaa-ylistysta-tama-asia-katsojia-hiertaa\/\" title=\"The Odysseyn ensimm\u00e4inen traileri ei ker\u00e4nnyt pelkk\u00e4\u00e4 ylistyst\u00e4 \u2013 T\u00e4m\u00e4 asia katsojia hiert\u00e4\u00e4\" class=\"underline-custom !font-montserrat !font-bold !underline-offset-4 !decoration-4 !decoration-episodi-blue !text-md\" rel=\"nofollow noopener\" target=\"_blank\">The Odysseyn ensimm\u00e4inen traileri ei ker\u00e4nnyt pelkk\u00e4\u00e4 ylistyst\u00e4 \u2013 T\u00e4m\u00e4 asia katsojia hiert\u00e4\u00e4<\/a><\/p>\n<p>Lue my\u00f6s: <a href=\"https:\/\/www.episodi.fi\/uutiset\/nyt-on-komeaa-katseltavaa-christopher-nolanin-the-odyssey-sai-eeppisen-trailerin\/\" title=\"Joulu tuli etuajassa! Christopher Nolanin The Odyssey sai eeppisen komean trailerin\" class=\"underline-custom !font-montserrat !font-bold !underline-offset-4 !decoration-4 !decoration-episodi-blue !text-md\" rel=\"nofollow noopener\" target=\"_blank\">Joulu tuli etuajassa! Christopher Nolanin The Odyssey sai eeppisen komean trailerin<\/a><\/p>\n<p>Lue my\u00f6s: <a href=\"https:\/\/www.episodi.fi\/uutiset\/spider-man-brand-new-day-on-kuvattu-ohjaaja-julkaisi-koskettavan-viestin\/\" title=\"Spider-Man: Brand New Day on kuvattu \u2013 ohjaaja julkaisi koskettavan viestin\" class=\"underline-custom !font-montserrat !font-bold !underline-offset-4 !decoration-4 !decoration-episodi-blue !text-md\" rel=\"nofollow noopener\" target=\"_blank\">Spider-Man: Brand New Day on kuvattu \u2013 ohjaaja julkaisi koskettavan viestin<\/a><\/p>\n<p><img loading=\"lazy\" decoding=\"async\" alt=\"YouTube video\" width=\"480\" height=\"360\" data-pin-nopin=\"true\" nopin=\"nopin\" class=\"perfmatters-lazy\" src=\"https:\/\/www.europesays.com\/fi\/wp-content\/uploads\/2025\/12\/1766897230_904_hqdefault.jpg\"\/><\/p>\n<p>L\u00e4hde: <a href=\"https:\/\/www.digitalspy.com\/movies\/a32433658\/avengers-endgame-plot-hole-spider-man-far-from-home\/\" target=\"_blank\" rel=\"noreferrer noopener nofollow\">Digital Spy<\/a><\/p>\n<p>Lue my\u00f6s: <a href=\"https:\/\/www.episodi.fi\/uutiskirje\/?uutiskirjemainos=tekstilinkkimainos\" title=\"Tilaa Episodin uutiskirje ja voit voittaa leffalippuja! Nappaa tv-vinkit suoraan s\u00e4hk\u00f6postiin t\u00e4st\u00e4.\" class=\"underline-custom !font-montserrat !font-bold !underline-offset-4 !decoration-4 !decoration-episodi-blue !text-md\" rel=\"nofollow noopener\" target=\"_blank\">Tilaa Episodin uutiskirje ja voit voittaa leffalippuja! Nappaa katseluvinkit suoraan s\u00e4hk\u00f6postiin t\u00e4st\u00e4.<\/a><\/p>\n","protected":false},"excerpt":{"rendered":"P\u00e4iv\u00e4n elokuvatarjonnassa n\u00e4hd\u00e4\u00e4n Spider-Man: Far From Home, jossa H\u00e4m\u00e4h\u00e4kkimiehen roolissa loistaa Tom Holland. Mukana ovat my\u00f6s Samuel L.&hellip;\n","protected":false},"author":2,"featured_media":127561,"comment_status":"","ping_status":"","sticky":false,"template":"","format":"standard","meta":{"footnotes":""},"categories":[131],"tags":[155,137,33,173,31,30,172,32,139,109],"class_list":{"0":"post-127560","1":"post","2":"type-post","3":"status-publish","4":"format-standard","5":"has-post-thumbnail","7":"category-elokuvat","8":"tag-elokuvat","9":"tag-entertainment","10":"tag-fi","11":"tag-film","12":"tag-finland","13":"tag-finnish","14":"tag-movies","15":"tag-suomi","16":"tag-tv-ohjelmat","17":"tag-viihde"},"share_on_mastodon":{"url":"https:\/\/pubeurope.com\/@fi\/115795384633641650","error":""},"_links":{"self":[{"href":"https:\/\/www.europesays.com\/fi\/wp-json\/wp\/v2\/posts\/127560","targetHints":{"allow":["GET"]}}],"collection":[{"href":"https:\/\/www.europesays.com\/fi\/wp-json\/wp\/v2\/posts"}],"about":[{"href":"https:\/\/www.europesays.com\/fi\/wp-json\/wp\/v2\/types\/post"}],"author":[{"embeddable":true,"href":"https:\/\/www.europesays.com\/fi\/wp-json\/wp\/v2\/users\/2"}],"replies":[{"embeddable":true,"href":"https:\/\/www.europesays.com\/fi\/wp-json\/wp\/v2\/comments?post=127560"}],"version-history":[{"count":0,"href":"https:\/\/www.europesays.com\/fi\/wp-json\/wp\/v2\/posts\/127560\/revisions"}],"wp:featuredmedia":[{"embeddable":true,"href":"https:\/\/www.europesays.com\/fi\/wp-json\/wp\/v2\/media\/127561"}],"wp:attachment":[{"href":"https:\/\/www.europesays.com\/fi\/wp-json\/wp\/v2\/media?parent=127560"}],"wp:term":[{"taxonomy":"category","embeddable":true,"href":"https:\/\/www.europesays.com\/fi\/wp-json\/wp\/v2\/categories?post=127560"},{"taxonomy":"post_tag","embeddable":true,"href":"https:\/\/www.europesays.com\/fi\/wp-json\/wp\/v2\/tags?post=127560"}],"curies":[{"name":"wp","href":"https:\/\/api.w.org\/{rel}","templated":true}]}}