{"id":127564,"date":"2025-12-28T04:50:10","date_gmt":"2025-12-28T04:50:10","guid":{"rendered":"https:\/\/www.europesays.com\/fi\/127564\/"},"modified":"2025-12-28T04:50:10","modified_gmt":"2025-12-28T04:50:10","slug":"paivalla-tvssa-vuonna-2007-julkaistiin-hulvattoman-hauska-aikuisten-animaatio-lopultakin-se-saa-jatkoa","status":"publish","type":"post","link":"https:\/\/www.europesays.com\/fi\/127564\/","title":{"rendered":"P\u00e4iv\u00e4ll\u00e4 tv:ss\u00e4: Vuonna 2007 julkaistiin hulvattoman hauska aikuisten animaatio &#8211; lopultakin se saa jatkoa"},"content":{"rendered":"<p>T\u00e4n\u00e4\u00e4n voi katsella televisiosta elokuvan The Simpsons Movie (2007).<\/p>\n<p>Simpsonit-elokuvassa tapahtumat l\u00e4htev\u00e4t t\u00e4ysin lapasesta, kun Homer m\u00f6hlii tavalla, joka johtaa Springfieldin j\u00e4rven vakavaan saastumiseen. Seuraukset ovat armottomat: Homer saa potkut, koko kaupunki eristet\u00e4\u00e4n ja asukkaiden pinna kiristyy \u00e4\u00e4rimmilleen. <\/p>\n<p>Lopulta Simpsonien perhe joutuu pakenemaan ja j\u00e4tt\u00e4m\u00e4\u00e4n Springfieldin taakseen, mutta Simpsonien maailmassa kaaos on usein vasta alkusoittoa. Kysymys kuuluukin, voiko t\u00e4st\u00e4 t\u00e4ydellisest\u00e4 katastrofista viel\u00e4 selvit\u00e4?<\/p>\n<p>Lue my\u00f6s: <a href=\"https:\/\/www.episodi.fi\/uutiset\/the-simpsons-movie-2-sai-virallisen-logon-ja-uuden-ensi-iltapaivan\/\" title=\"The Simpsons Movie 2 sai virallisen logon ja uuden ensi-iltap\u00e4iv\u00e4n\" class=\"underline-custom !font-montserrat !font-bold !underline-offset-4 !decoration-4 !decoration-episodi-blue !text-md\" rel=\"nofollow noopener\" target=\"_blank\">The Simpsons Movie 2 sai virallisen logon ja uuden ensi-iltap\u00e4iv\u00e4n<\/a><\/p>\n<p>Episodin nelj\u00e4n t\u00e4hden <a href=\"https:\/\/www.episodi.fi\/elokuvat\/the-simpsons-movie-2\/\" rel=\"nofollow noopener\" target=\"_blank\">arvostelussa<\/a> tuumittiin aikoinaan n\u00e4in:<\/p>\n<p>\u201dThe Simpsons Movie\u00a0kuitenkin onnistuu: mik\u00e4 toimi puolen tunnin mittaisissa p\u00e4tkiss\u00e4 televisiossa, toimii yll\u00e4tt\u00e4v\u00e4n hyvin my\u00f6s puolentoista tunnin annoksena valkokankaalla. Yhten\u00e4 k\u00e4sikirjoittajana onkin sarjan luoja, piirt\u00e4j\u00e4\u00a0<strong>Matt Groening<\/strong>\u00a0ja ohjaajana sarjan legendaaristen alkuaikojen<strong>\u00a0David Silverman<\/strong>.\u201d<\/p>\n<p>Juoni haluttiin pit\u00e4\u00e4 aikoinaan eritt\u00e4in tiukasti salassa. Tuottajat repiv\u00e4tkin \u00e4\u00e4nin\u00e4yttelij\u00f6iden k\u00e4sikirjoitukset aina jokaisen \u00e4\u00e4nityssession j\u00e4lkeen.<\/p>\n<p>The Simpsons Movie on saamassa jatkoa. Jatko-osa on m\u00e4\u00e4r\u00e4 julkaista syyskuussa 2027.<\/p>\n<p>Elokuva on my\u00f6s Disney Plussassa. Alla traileri.<\/p>\n<p>Tulevat l\u00e4hetykset:<\/p>\n<ul class=\"wp-block-list\">\n<li>Su 28.12.2025 klo 13.10 \u00b7 STAR Channel<\/li>\n<\/ul>\n<p>Lue my\u00f6s: <a href=\"https:\/\/www.episodi.fi\/uutiset\/simpsonit-ja-spinal-tap-nayttelija-julkaisi-muistokirjoituksen-traagisesti-menehtyneelle-rob-reinerille\/\" title=\"Simpsonit- ja Spinal Tap -n\u00e4yttelij\u00e4 julkaisi muistokirjoituksen traagisesti menehtyneelle Rob Reinerille\" class=\"underline-custom !font-montserrat !font-bold !underline-offset-4 !decoration-4 !decoration-episodi-blue !text-md\" rel=\"nofollow noopener\" target=\"_blank\">Simpsonit- ja Spinal Tap -n\u00e4yttelij\u00e4 julkaisi muistokirjoituksen traagisesti menehtyneelle Rob Reinerille<\/a><\/p>\n<p>Lue my\u00f6s: <a href=\"https:\/\/www.episodi.fi\/uutiset\/amerikan-psyko-ja-zodiac-stara-nahdaan-eroottisessa-trillerissa-suositun-laulajattaren-kanssa\/\" title=\"Amerikan psyko- ja Zodiac-stara n\u00e4hd\u00e4\u00e4n eroottisessa trilleriss\u00e4 suositun laulajattaren kanssa\" class=\"underline-custom !font-montserrat !font-bold !underline-offset-4 !decoration-4 !decoration-episodi-blue !text-md\" rel=\"nofollow noopener\" target=\"_blank\">Amerikan psyko- ja Zodiac-stara n\u00e4hd\u00e4\u00e4n eroottisessa trilleriss\u00e4 suositun laulajattaren kanssa<\/a><\/p>\n<p>Lue my\u00f6s: <a href=\"https:\/\/www.episodi.fi\/uutiset\/fanit-shokissa-34-vuotta-mukana-ollut-hahmo-kuoli-simpsoneissa\/\" title=\"Fanit shokissa: 34 vuotta mukana ollut hahmo kuoli Simpsoneissa\" class=\"underline-custom !font-montserrat !font-bold !underline-offset-4 !decoration-4 !decoration-episodi-blue !text-md\" rel=\"nofollow noopener\" target=\"_blank\">Fanit shokissa: 34 vuotta mukana ollut hahmo kuoli Simpsoneissa<\/a><\/p>\n<p><img loading=\"lazy\" decoding=\"async\" alt=\"YouTube video\" width=\"480\" height=\"360\" data-pin-nopin=\"true\" nopin=\"nopin\" class=\"perfmatters-lazy\" src=\"https:\/\/www.europesays.com\/fi\/wp-content\/uploads\/2025\/12\/1766897410_796_hqdefault.jpg\"\/><\/p>\n<p>L\u00e4hde: IMDb<\/p>\n<p>Lue my\u00f6s: <a href=\"https:\/\/www.episodi.fi\/uutiskirje\/?uutiskirjemainos=tekstilinkkimainos\" title=\"Tilaa Episodin uutiskirje ja voit voittaa leffalippuja! Nappaa tv-vinkit suoraan s\u00e4hk\u00f6postiin t\u00e4st\u00e4.\" class=\"underline-custom !font-montserrat !font-bold !underline-offset-4 !decoration-4 !decoration-episodi-blue !text-md\" rel=\"nofollow noopener\" target=\"_blank\">Tilaa Episodin uutiskirje ja voit voittaa leffalippuja! Nappaa katseluvinkit suoraan s\u00e4hk\u00f6postiin t\u00e4st\u00e4.<\/a><\/p>\n<p>\t\t\t<a href=\"https:\/\/www.facebook.com\/sharer\/sharer.php?u=https:\/\/www.episodi.fi\/uutiset\/paivalla-tvssa-vuonna-2007-julkaistiin-hulvattoman-hauska-aikuisten-animaatio-lopultakin-se-saa-jatkoa\/\" target=\"_blank\" class=\"block px-4 py-2 text-sm text-gray-800 border-b hover:bg-gray-200\" rel=\"nofollow noopener\"><\/p>\n<p>\t\t\t\tFacebook<br \/>\n\t\t\t<\/a><br \/>\n\t\t\t<a href=\"https:\/\/twitter.com\/intent\/tweet?text=https:\/\/www.episodi.fi\/uutiset\/paivalla-tvssa-vuonna-2007-julkaistiin-hulvattoman-hauska-aikuisten-animaatio-lopultakin-se-saa-jatkoa\/\" target=\"_blank\" class=\"block px-4 py-2 text-sm text-gray-800 border-b hover:bg-gray-200\" rel=\"nofollow noopener\"><\/p>\n<p>\t\t\t\tTwitter<br \/>\n\t\t\t<\/a><br \/>\n\t\t\t<a href=\"mailto:?subject=P\u00e4iv\u00e4ll\u00e4 tv:ss\u00e4: Vuonna 2007 julkaistiin hulvattoman hauska aikuisten animaatio \u2013 lopultakin se saa jatkoa&amp;body=https:\/\/www.episodi.fi\/uutiset\/paivalla-tvssa-vuonna-2007-julkaistiin-hulvattoman-hauska-aikuisten-animaatio-lopultakin-se-saa-jatkoa\/\" target=\"_blank\" class=\"block px-4 py-2 text-sm text-gray-800 border-b hover:bg-gray-200\"><\/p>\n<p>\t\t\t\tS\u00e4hk\u00f6posti<\/a><\/p>\n<p>\t\t\t\t<script async src=\"https:\/\/platform.twitter.com\/widgets.js\" charset=\"utf-8\"><\/script><\/p>\n","protected":false},"excerpt":{"rendered":"T\u00e4n\u00e4\u00e4n voi katsella televisiosta elokuvan The Simpsons Movie (2007). Simpsonit-elokuvassa tapahtumat l\u00e4htev\u00e4t t\u00e4ysin lapasesta, kun Homer m\u00f6hlii tavalla,&hellip;\n","protected":false},"author":2,"featured_media":127565,"comment_status":"","ping_status":"","sticky":false,"template":"","format":"standard","meta":{"footnotes":""},"categories":[130],"tags":[137,33,31,30,32,139,109],"class_list":{"0":"post-127564","1":"post","2":"type-post","3":"status-publish","4":"format-standard","5":"has-post-thumbnail","7":"category-viihde","8":"tag-entertainment","9":"tag-fi","10":"tag-finland","11":"tag-finnish","12":"tag-suomi","13":"tag-tv-ohjelmat","14":"tag-viihde"},"share_on_mastodon":{"url":"https:\/\/pubeurope.com\/@fi\/115795396104204430","error":""},"_links":{"self":[{"href":"https:\/\/www.europesays.com\/fi\/wp-json\/wp\/v2\/posts\/127564","targetHints":{"allow":["GET"]}}],"collection":[{"href":"https:\/\/www.europesays.com\/fi\/wp-json\/wp\/v2\/posts"}],"about":[{"href":"https:\/\/www.europesays.com\/fi\/wp-json\/wp\/v2\/types\/post"}],"author":[{"embeddable":true,"href":"https:\/\/www.europesays.com\/fi\/wp-json\/wp\/v2\/users\/2"}],"replies":[{"embeddable":true,"href":"https:\/\/www.europesays.com\/fi\/wp-json\/wp\/v2\/comments?post=127564"}],"version-history":[{"count":0,"href":"https:\/\/www.europesays.com\/fi\/wp-json\/wp\/v2\/posts\/127564\/revisions"}],"wp:featuredmedia":[{"embeddable":true,"href":"https:\/\/www.europesays.com\/fi\/wp-json\/wp\/v2\/media\/127565"}],"wp:attachment":[{"href":"https:\/\/www.europesays.com\/fi\/wp-json\/wp\/v2\/media?parent=127564"}],"wp:term":[{"taxonomy":"category","embeddable":true,"href":"https:\/\/www.europesays.com\/fi\/wp-json\/wp\/v2\/categories?post=127564"},{"taxonomy":"post_tag","embeddable":true,"href":"https:\/\/www.europesays.com\/fi\/wp-json\/wp\/v2\/tags?post=127564"}],"curies":[{"name":"wp","href":"https:\/\/api.w.org\/{rel}","templated":true}]}}