{"id":127571,"date":"2025-12-28T04:55:11","date_gmt":"2025-12-28T04:55:11","guid":{"rendered":"https:\/\/www.europesays.com\/fi\/127571\/"},"modified":"2025-12-28T04:55:11","modified_gmt":"2025-12-28T04:55:11","slug":"onnibussi-ajautui-tien-sivuun-rengasrikon-takia-valtatiella-8-pohjois-pohjanmaa","status":"publish","type":"post","link":"https:\/\/www.europesays.com\/fi\/127571\/","title":{"rendered":"Onnibussi ajautui tien sivuun rengasrikon takia valtatiell\u00e4 8 | Pohjois-Pohjanmaa"},"content":{"rendered":"<p class=\"aw-1gybjub aw-5vja16 kEtdKx kmuxyA yle__article__paragraph\">Bussissa oli 38 matkustajaa. Kukaan ei loukkaantunut onnettomuudessa.<\/p>\n<p><img decoding=\"async\" alt=\"Pohjois-Pohjanmaan pelastuslaitoksen logo hihassa ja palo-autojen kyljess\u00e4.\" src=\"https:\/\/www.europesays.com\/fi\/wp-content\/uploads\/2025\/11\/39-1225608659e4b71c9e98.jpeg\" class=\"aw-1l9m598 hKVVvP\"\/><\/p>\n<p>Avaa kuvien katselu<\/p>\n<p>Pohjois-Pohjanmaan pelastuslaitos ohjasi paikalla liikennett\u00e4. Kuvituskuva. Kuva: Paulus Markkula \/ Yle<\/p>\n<p>27.12. 19:32\u2022P\u00e4ivitetty 27.12. 21:43<\/p>\n<p class=\"aw-1gybjub aw-1p7kakr kEtdKx cEmitX yle__article__paragraph\">Onnibussi ajautui lauantaina illalla tien sivuun valtatiell\u00e4 8 rengasrikon takia.<\/p>\n<p class=\"aw-1gybjub aw-1p7kakr kEtdKx cEmitX yle__article__paragraph\">Rengasrikko tapahtui Siikajoella Revonlahden kohdalla, kerrotaan Pohjois-Pohjanmaan pelastuslaitokselta.<\/p>\n<p class=\"aw-1gybjub aw-1p7kakr kEtdKx cEmitX yle__article__paragraph\">Bussissa oli kuljettajan lis\u00e4ksi 38 matkustajaa. Kukaan ei loukkaantunut onnettomuudessa, kertoo p\u00e4ivyst\u00e4v\u00e4 palomestari <strong class=\"aw-ak79eh KyCXm yle__article__strong\">Antti-Juhani<\/strong> <strong class=\"aw-ak79eh KyCXm yle__article__strong\">Ervasti<\/strong>.<\/p>\n<p class=\"aw-1gybjub aw-1p7kakr kEtdKx cEmitX yle__article__paragraph\">Kyydiss\u00e4 olleet matkustajat evakuoitiin l\u00e4heiselle huoltoasemalle odottamaan korvaavaa bussia.<\/p>\n<p class=\"aw-1gybjub aw-1p7kakr kEtdKx cEmitX yle__article__paragraph\">H\u00e4lytys onnettomuudesta tuli noin kello 19 illalla. Paikalle l\u00e4hti 13 pelastuslaitoksen yksikk\u00f6\u00e4.<\/p>\n<p class=\"aw-1gybjub aw-1p7kakr kEtdKx cEmitX yle__article__paragraph\">Pelastuslaitos ohjasi onnettomuuspaikalla liikennett\u00e4 sek\u00e4 tuki kallellaan olevan bussin, jotta se ei kaatuisi.<\/p>\n<p class=\"aw-1gybjub aw-1p7kakr kEtdKx cEmitX yle__article__paragraph\">Pelastusty\u00f6t p\u00e4\u00e4ttyiv\u00e4t yhdeks\u00e4n j\u00e4lkeen illalla. Bussia alettiin nostamaan tien sivusta noin puoli kymmenen aikaan illalla. Nostaminen haittaa Oulun suuntaan kulkevaa liikennett\u00e4.<\/p>\n","protected":false},"excerpt":{"rendered":"Bussissa oli 38 matkustajaa. Kukaan ei loukkaantunut onnettomuudessa. Avaa kuvien katselu Pohjois-Pohjanmaan pelastuslaitos ohjasi paikalla liikennett\u00e4. Kuvituskuva. Kuva:&hellip;\n","protected":false},"author":2,"featured_media":97550,"comment_status":"","ping_status":"","sticky":false,"template":"","format":"standard","meta":{"footnotes":""},"categories":[12],"tags":[22,23,26,27,33,31,30,17,24,25,1161,28,29,15,837,18,21,728,13068,32,19,20,16],"class_list":{"0":"post-127571","1":"post","2":"type-post","3":"status-publish","4":"format-standard","5":"has-post-thumbnail","7":"category-suomi","8":"tag-breaking-news","9":"tag-breakingnews","10":"tag-featured-news","11":"tag-featurednews","12":"tag-fi","13":"tag-finland","14":"tag-finnish","15":"tag-headlines","16":"tag-latest-news","17":"tag-latestnews","18":"tag-liikenne","19":"tag-main-news","20":"tag-mainnews","21":"tag-news","22":"tag-onnettomuudet","23":"tag-otsikot","24":"tag-paauutiset","25":"tag-pohjois-pohjanmaa","26":"tag-siikajoki","27":"tag-suomi","28":"tag-top-stories","29":"tag-topstories","30":"tag-uutiset"},"share_on_mastodon":{"url":"https:\/\/pubeurope.com\/@fi\/115795415947632795","error":""},"_links":{"self":[{"href":"https:\/\/www.europesays.com\/fi\/wp-json\/wp\/v2\/posts\/127571","targetHints":{"allow":["GET"]}}],"collection":[{"href":"https:\/\/www.europesays.com\/fi\/wp-json\/wp\/v2\/posts"}],"about":[{"href":"https:\/\/www.europesays.com\/fi\/wp-json\/wp\/v2\/types\/post"}],"author":[{"embeddable":true,"href":"https:\/\/www.europesays.com\/fi\/wp-json\/wp\/v2\/users\/2"}],"replies":[{"embeddable":true,"href":"https:\/\/www.europesays.com\/fi\/wp-json\/wp\/v2\/comments?post=127571"}],"version-history":[{"count":0,"href":"https:\/\/www.europesays.com\/fi\/wp-json\/wp\/v2\/posts\/127571\/revisions"}],"wp:featuredmedia":[{"embeddable":true,"href":"https:\/\/www.europesays.com\/fi\/wp-json\/wp\/v2\/media\/97550"}],"wp:attachment":[{"href":"https:\/\/www.europesays.com\/fi\/wp-json\/wp\/v2\/media?parent=127571"}],"wp:term":[{"taxonomy":"category","embeddable":true,"href":"https:\/\/www.europesays.com\/fi\/wp-json\/wp\/v2\/categories?post=127571"},{"taxonomy":"post_tag","embeddable":true,"href":"https:\/\/www.europesays.com\/fi\/wp-json\/wp\/v2\/tags?post=127571"}],"curies":[{"name":"wp","href":"https:\/\/api.w.org\/{rel}","templated":true}]}}