{"id":127578,"date":"2025-12-28T05:16:11","date_gmt":"2025-12-28T05:16:11","guid":{"rendered":"https:\/\/www.europesays.com\/fi\/127578\/"},"modified":"2025-12-28T05:16:11","modified_gmt":"2025-12-28T05:16:11","slug":"nama-tunnetut-suomalaiset-kuolivat-vuona-2025","status":"publish","type":"post","link":"https:\/\/www.europesays.com\/fi\/127578\/","title":{"rendered":"N\u00e4m\u00e4 tunnetut suomalaiset kuolivat vuona 2025"},"content":{"rendered":"<p>Vuonna 2025 menetettiin monta tunnettua suomalaista.<\/p>\n<p class=\"article-body mb-nof-24 px-nof-16\">Kuluneen vuoden aikana on tullut useita surullisia uutisia tunnettujen suomalaisten kuolemista.<\/p>\n<p class=\"article-body mb-nof-24 px-nof-16\">Kokosimme t\u00e4h\u00e4n artikkeliin muutamia vuonna 2025 menehtyneit\u00e4 t\u00e4hti\u00e4, joiden poismeno kosketti syv\u00e4sti koko kansaa.<\/p>\n<p>Tapani Kansa<img decoding=\"async\" src=\"https:\/\/www.europesays.com\/fi\/wp-content\/uploads\/2025\/12\/1766898969_139_468.jpg\" alt=\"\" class=\"_Img_1rerz_1\" style=\"aspect-ratio:1.5\" loading=\"eager\"\/><\/p>\n<p class=\"article-body mb-nof-24 px-nof-16\">Iskelm\u00e4laulaja <a class=\"article-personlink\" href=\"https:\/\/www.is.fi\/haku\/?query=Tapani%20Kansa\" rel=\"nofollow noopener\" target=\"_blank\">Tapani Kansa<\/a> kuoli 58-vuotiaana tiistaina 25. maaliskuuta Kymenlaakson keskussairaalassa Kotkassa. H\u00e4nen pitk\u00e4aikainen kumppaninsa ja kahden lapsensa \u00e4iti <a class=\"article-personlink\" href=\"https:\/\/www.is.fi\/haku\/?query=Nina%20af%20Enehjelm\" rel=\"nofollow noopener\" target=\"_blank\">Nina af Enehjelm<\/a> kertoi, ett\u00e4 laulajalegenda kuoli leikkauksen j\u00e4lkeisiin komplikaatioihin.<\/p>\n<p class=\"article-body mb-nof-24 px-nof-16\">Kansalla oli todettu sairaalassa sappirakon tulehdus, ja sappirakko leikattiin. H\u00e4n oli sairaalassa viikon. Kansa kotiutettiin sairaalasta maanantai-iltana, mutta tiistaiaamuna Enehjelm sai musertavan puhelun sairaalasta.<\/p>\n<p class=\"article-body mb-nof-24 px-nof-16\">\u2013 H\u00e4n oli y\u00f6ll\u00e4 saapunut ambulanssilla sairaalaan. Verta oli valunut vatsaonteloon, ja h\u00e4net yritettiin leikata uudelleen. H\u00e4n menehtyi leikkauksessa, puoliso kertoi Ilta-Sanomille.<\/p>\n<p class=\"article-body mb-nof-24 px-nof-16\">\u2013 Minusta oli virhe l\u00e4hett\u00e4\u00e4 h\u00e4net kotiin, sill\u00e4 Tapani ei v\u00e4h\u00e4st\u00e4 valita. Kun sairaalasta tuli soitto aamulla, menin shokkiin. Ajattelin, ett\u00e4 t\u00e4m\u00e4 on paha uni.<\/p>\n<p class=\"article-body mb-nof-24 px-nof-16\">Kansa oli suomalaisen iskelm\u00e4musiikin suurimpia t\u00e4hti\u00e4. H\u00e4nen tuotantoonsa sis\u00e4ltyi iskelm\u00e4n lis\u00e4ksi muun muassa rockia, <a class=\"article-personlink\" href=\"https:\/\/www.is.fi\/haku\/?query=Eino%20Leino\" rel=\"nofollow noopener\" target=\"_blank\">Eino Leino<\/a> -laulelmia, diskomusiikkia ja operetteja.<\/p>\n<p class=\"article-body mb-nof-24 px-nof-16\">L\u00e4pimurtonsa laulaja teki vain 19-vuotiaana vuonna 1968 k\u00e4\u00e4nn\u00f6skappaleella Delilah. Kappale nousi listaykk\u00f6seksi.<\/p>\n<p class=\"article-body mb-nof-24 px-nof-16\">Suurta menestyst\u00e4 h\u00e4n saavutti my\u00f6s muun muassa vuoden 1976 hiteill\u00e4 R-A-K-A-S ja Melina. Seuraavana vuonna h\u00e4n levytti albumin Mist\u00e4 rakkaus alkoi. Vuonna 1987 h\u00e4n levytti klassikon Hopeinen kuu.<\/p>\n<p class=\"article-body mb-nof-24 px-nof-16\">Kansalle my\u00f6nnettiin taiteilijael\u00e4ke vuonna 2014. H\u00e4n lopetti laulamisen vuonna 2019.<\/p>\n<p>Hannu Karpo<img decoding=\"async\" src=\"https:\/\/www.europesays.com\/fi\/wp-content\/uploads\/2025\/12\/1766898969_771_468.jpg\" alt=\"\" class=\"_Img_1rerz_1\" style=\"aspect-ratio:1.5\" loading=\"eager\"\/><\/p>\n<p class=\"article-body mb-nof-24 px-nof-16\">Toimittaja <a class=\"article-personlink\" href=\"https:\/\/www.is.fi\/haku\/?query=Hannu%20Karpo\" rel=\"nofollow noopener\" target=\"_blank\">Hannu Karpo<\/a> kuoli 83-vuotiaana 18. maaliskuuta \u00e4killiseen sairauskohtaukseen.<\/p>\n<p class=\"article-body mb-nof-24 px-nof-16\">Karpo teki pitk\u00e4n uran tv-toimittajana, ja viel\u00e4 t\u00e4m\u00e4n vuoden puolella h\u00e4net n\u00e4htiin pitk\u00e4st\u00e4 aikaa tv-ruuduilla. H\u00e4n n\u00e4ytt\u00e4ytyi alkuvuodesta Raha-Suomi-ohjelmassa, jossa h\u00e4n kertoi sairastuneensa hiljattain pahasti.<\/p>\n<p class=\"article-body mb-nof-24 px-nof-16\">Urallaan Karpo ty\u00f6skenteli esimerkiksi Yleisradiossa ja MTV:ll\u00e4.<\/p>\n<p class=\"article-body mb-nof-24 px-nof-16\">Tunnetuin h\u00e4nen ohjelmistaan lienee aina 80-luvulta vuoteen 2007 esitetty Karpolla on asiaa. Ohjelmassa h\u00e4n k\u00e4sitteli erilaisia ongelmia, joita suomalaiset el\u00e4m\u00e4ss\u00e4\u00e4n kohtaavat, ja kritisoi avoimesti esimerkiksi byrokraattisuutta ja julkista hallintoa.<\/p>\n<p class=\"article-body mb-nof-24 px-nof-16\">Karpo sai urallaan tunnustusta my\u00f6s palkintojen muodossa. H\u00e4nelt\u00e4 l\u00f6ytyy esimerkiksi tiedonjulkistamisen valtionpalkinto, valtion journalistipalkinto sek\u00e4 el\u00e4m\u00e4nty\u00f6n Kultainen Venla -palkinto.<\/p>\n<p>Tomi Alatalo<img decoding=\"async\" src=\"https:\/\/www.europesays.com\/fi\/wp-content\/uploads\/2025\/12\/1766898970_322_468.jpg\" alt=\"\" class=\"_Img_1rerz_1\" style=\"aspect-ratio:1.5035238841033673\" loading=\"eager\"\/><\/p>\n<p class=\"article-body mb-nof-24 px-nof-16\">N\u00e4yttelij\u00e4 <a class=\"article-personlink\" href=\"https:\/\/www.is.fi\/haku\/?query=Tomi%20Alatalo\" rel=\"nofollow noopener\" target=\"_blank\">Tomi Alatalo<\/a> kuoli 44 vuoden i\u00e4ss\u00e4 sunnuntaina 21. syyskuuta. H\u00e4n kuoli \u00e4killiseen sairauskohtaukseen, ja kuolema tuli h\u00e4nen l\u00e4heistens\u00e4 mukaan yll\u00e4tt\u00e4en.<\/p>\n<p class=\"article-body mb-nof-24 px-nof-16\">H\u00e4nen l\u00e4heinen yst\u00e4v\u00e4ns\u00e4 ja yhteisty\u00f6kumppaninsa <a class=\"article-personlink\" href=\"https:\/\/www.is.fi\/haku\/?query=Juha%20Hurme\" rel=\"nofollow noopener\" target=\"_blank\">Juha Hurme<\/a> kertoi syyskuun lopulla olleensa Alatalon kanssa vaeltamassa vain viikkoja ennen t\u00e4m\u00e4n kuolemaa.<\/p>\n<p class=\"article-body mb-nof-24 px-nof-16\">\u2013 Teimme yli viikon vaelluksen rankoissa maastoissa. H\u00e4n oli huippukuntoinen. T\u00e4m\u00e4 oli t\u00e4ysin ennakoimaton tapaus, teatteriohjaaja Hurme sanoi.<\/p>\n<p class=\"article-body mb-nof-24 px-nof-16\">Alatalo n\u00e4ytteli niin teatterissa kuin elokuvissakin.<\/p>\n<p class=\"article-body mb-nof-24 px-nof-16\">H\u00e4nen ensimm\u00e4inen elokuvaroolinsa oli elokuvassa Love Records: Anna mulle lovee (2016). My\u00f6hemmin h\u00e4net on n\u00e4hty muiden muassa elokuvissa Mets\u00e4j\u00e4tti, Sorjonen: Muraalimurhat, Huonot naiset ja Metsurin tarina.<\/p>\n<p class=\"article-body mb-nof-24 px-nof-16\">Alatalo sai Jussi-ehdokkuuden vuoden miessivuosasta elokuvassa Hytti nro 6 (2021).<\/p>\n<p class=\"article-body mb-nof-24 px-nof-16\">Alatalo n\u00e4hd\u00e4\u00e4n my\u00f6s ensi vuonna ilmestyv\u00e4ss\u00e4 elokuvassa Rakkautta ja virtahepoja.<\/p>\n<p>Oliver Harkimo<\/p>\n<p class=\"article-body mb-nof-24 px-nof-16\">DJ <a class=\"article-personlink\" href=\"https:\/\/www.is.fi\/haku\/?query=Amanda%20Harkimon\" rel=\"nofollow noopener\" target=\"_blank\">Amanda Harkimon<\/a> veli <a class=\"article-personlink\" href=\"https:\/\/www.is.fi\/haku\/?query=Oliver%20Harkimo\" rel=\"nofollow noopener\" target=\"_blank\">Oliver Harkimo<\/a> kuoli kes\u00e4ll\u00e4 33-vuotiaana. L\u00e4hipiiri kertoi, ett\u00e4 kyseess\u00e4 oli \u00e4killinen sairauskohtaus.<\/p>\n<p class=\"article-body mb-nof-24 px-nof-16\">Amanda ja Oliver Harkimo olivat olleet l\u00e4heisi\u00e4 kesken\u00e4\u00e4n.<\/p>\n<p class=\"article-body mb-nof-24 px-nof-16\">\u2013 Alle vuosi ik\u00e4eroa elettiin yhdess\u00e4 aina, yhteiset yst\u00e4v\u00e4t, yhteiset mielenkiinnonkohteet, yhteiset suunnitelmat ja tavoitteet. Vaikken niit\u00e4 el\u00e4m\u00e4ni ensimm\u00e4ist\u00e4 360 p\u00e4iv\u00e4\u00e4 ilman sinua muista, tied\u00e4n ett\u00e4 ne oli vaikeita, Amanda Harkimo kirjoitti Instagram-tilill\u00e4\u00e4n veljens\u00e4 kuoleman j\u00e4lkeen.<\/p>\n<p class=\"article-body mb-nof-24 px-nof-16\">Tunnettu poliitikko ja liikemies <a class=\"article-personlink\" href=\"https:\/\/www.is.fi\/haku\/?query=Harry%20%E2%80%9DHjallis%E2%80%9D%20Harkimo\" rel=\"nofollow noopener\" target=\"_blank\">Harry \u201dHjallis\u201d Harkimo<\/a> oli Oliver Harkimon set\u00e4 ja <a class=\"article-personlink\" href=\"https:\/\/www.is.fi\/haku\/?query=Joel%20Harkimo\" rel=\"nofollow noopener\" target=\"_blank\">Joel Harkimo<\/a> t\u00e4m\u00e4n serkku. Joel Harkimo on kuvaillut, ett\u00e4 Oliver Harkimo oli h\u00e4nelle kuin veli.<\/p>\n<p class=\"article-body mb-nof-24 px-nof-16\">\u2013 Tuun aina ik\u00e4v\u00f6im\u00e4\u00e4n sua veli. Lep\u00e4\u00e4 rauhassa, h\u00e4n kirjoitti Instagramissa.<\/p>\n<p class=\"article-body mb-nof-24 px-nof-16\">Hjallis Harkimo kertoi Ilta-Sanomien haastattelussa, ettei Oliver Harkimon kuolemaa olisi osannut odottaa.<\/p>\n<p class=\"article-body mb-nof-24 px-nof-16\">\u2013 Oliver oli ihan terve nuori mies. Asui siin\u00e4 mun vieress\u00e4 ja harva se p\u00e4iv\u00e4 k\u00e4vi mun luona, h\u00e4n muisteli IS:lle.<\/p>\n<p>Marko L\u00e4ms\u00e4<img decoding=\"async\" src=\"https:\/\/www.europesays.com\/fi\/wp-content\/uploads\/2025\/12\/1766898970_33_468.jpg\" alt=\"\" class=\"_Img_1rerz_1\" style=\"aspect-ratio:1.5\" loading=\"eager\"\/><\/p>\n<p class=\"article-body mb-nof-24 px-nof-16\">Tangokuningas <a class=\"article-personlink\" href=\"https:\/\/www.is.fi\/haku\/?query=Marko%20L%C3%A4ms%C3%A4\" rel=\"nofollow noopener\" target=\"_blank\">Marko L\u00e4ms\u00e4<\/a> kuoli huhtikuussa 47-vuotiaana. L\u00e4ms\u00e4n yst\u00e4v\u00e4 ja kollega <a class=\"article-personlink\" href=\"https:\/\/www.is.fi\/haku\/?query=Olli%20K%C3%A4rki\" rel=\"nofollow noopener\" target=\"_blank\">Olli K\u00e4rki<\/a> kertoi, ett\u00e4 L\u00e4ms\u00e4 menehtyi \u00e4killisesti asuinkaupungissaan Tampereella.<\/p>\n<p class=\"article-body mb-nof-24 px-nof-16\">Oululaisl\u00e4ht\u00f6inen L\u00e4ms\u00e4 ty\u00f6skenteli laulajana ja personal trainerina. Viimeiset vuotensa h\u00e4n asui Tampereella. H\u00e4n esitteli itsens\u00e4 sometilill\u00e4\u00e4n muun muassa sanoilla \u201dTangokuningas 2006\u201d ja \u201dmonipuolinen showmies\u201d.<\/p>\n<p class=\"article-body mb-nof-24 px-nof-16\">L\u00e4ms\u00e4 kirjoitti sosiaalisessa mediassa olevansa mies, joka hoitaa viihdytt\u00e4misen ja lauluhommat. H\u00e4n kertoi taittavansa kaikenlaiset tyylilajit ja tarjosi my\u00f6s karaokea laulukeikoilleen.<\/p>\n<p class=\"article-body mb-nof-24 px-nof-16\">L\u00e4ms\u00e4 kruunattiin tangokuninkaaksi vuonna 2006. H\u00e4net kruunattiin tangoprinssiksi kahtena edellisen\u00e4 vuotena. L\u00e4ms\u00e4 julkaisi Ikuisesti sinun -albumin vuonna 2006 ja Kolmen Kuninkaan Tarina -albumin yhdess\u00e4 <a class=\"article-personlink\" href=\"https:\/\/www.is.fi\/haku\/?query=Risto%20Nevalaisen\" rel=\"nofollow noopener\" target=\"_blank\">Risto Nevalaisen<\/a> ja <a class=\"article-personlink\" href=\"https:\/\/www.is.fi\/haku\/?query=Jukka%20Hallikaisen\" rel=\"nofollow noopener\" target=\"_blank\">Jukka Hallikaisen<\/a> kanssa vuonna 2013.<\/p>\n<p class=\"article-body mb-nof-24 px-nof-16\">Monitoimimies kilpaili my\u00f6s The Voice of Finlandissa vuonna 2019 ja osallistui Talent Suomeen vuonna 2016.<\/p>\n<p class=\"article-body mb-nof-24 px-nof-16\">Vuonna 2019 L\u00e4ms\u00e4lle syntyi tytt\u00f6vauva.<\/p>\n<p class=\"article-body mb-nof-24 px-nof-16\">\u2013\u2009Paljon olen k\u00e4siss\u00e4ni pidellyt, mutten koskaan mit\u00e4\u00e4n sinunlaistasi. Isin tytt\u00f6, h\u00e4n kirjoitti maaliskuussa 2019 Instagram-tilill\u00e4\u00e4n.<\/p>\n<p>Aaro Teikari<img decoding=\"async\" src=\"https:\/\/www.europesays.com\/fi\/wp-content\/uploads\/2025\/12\/1766898970_304_468.jpg\" alt=\"\" class=\"_Img_1rerz_1\" style=\"aspect-ratio:1.4735226400613968\" loading=\"eager\"\/><\/p>\n<p class=\"article-body mb-nof-24 px-nof-16\">Rap-artisti Ex Tuuttiz, oikealta nimelt\u00e4\u00e4n <a class=\"article-personlink\" href=\"https:\/\/www.is.fi\/haku\/?query=Aaro%20Teikari\" rel=\"nofollow noopener\" target=\"_blank\">Aaro Teikari<\/a>, kuoli 36-vuotiaana elokuussa. H\u00e4net tunnettiin aiemmin Tuuttim\u00f6rk\u00f6n\u00e4, kunnes h\u00e4n vaihtoi artistinimens\u00e4 vuoden 2020 alussa.<\/p>\n<p class=\"article-body mb-nof-24 px-nof-16\">Kirkkonummelaissyntyisen r\u00e4pp\u00e4rin ensimm\u00e4inen albumi On totta julkaistiin vuonna 2013. My\u00f6hemmin h\u00e4nelt\u00e4 on ilmestynyt albumit Kromihammas, Kaikki keil on v\u00e4lii digaa Ex Tuuttizt, XT ja Venlafaxin Cowboy.<\/p>\n<p class=\"article-body mb-nof-24 px-nof-16\">Tuorein albumi julkaistiin maaliskuussa 2025. Artisti piti viimeisen keikkansa 6. elokuuta Helsingin Kalliossa Siltanen-baarissa.<\/p>\n<p class=\"article-body mb-nof-24 px-nof-16\">Artistin viimeisin kappale Kurvaan \/ Tienaan julkaistiin h\u00e4nen kuolemansa j\u00e4lkeen 12. syyskuuta.<\/p>\n<p class=\"article-body mb-nof-24 px-nof-16\">Toimittaja <a class=\"article-personlink\" href=\"https:\/\/www.is.fi\/haku\/?query=Ina%20Mikkola\" rel=\"nofollow noopener\" target=\"_blank\">Ina Mikkola<\/a> tunsi Teikarin. He olivat samaan aikaan Kallion lukiossa ja my\u00f6hemmin ammattikorkeakoulu Metropoliassa.<\/p>\n<p class=\"article-body mb-nof-24 px-nof-16\">\u2013 Kaikki ei h\u00e4nen el\u00e4m\u00e4ss\u00e4\u00e4n aina mennyt t\u00e4ysin putkeen, mutta halu luoda musiikkia lopulta s\u00e4ilyi kuitenkin t\u00e4h\u00e4n p\u00e4iv\u00e4\u00e4n saakka, Mikkola kirjoitti Instagramissa julkaisemassaan muistokirjoituksessa.<\/p>\n<p class=\"article-body mb-nof-24 px-nof-16\">\u2013 Kuolema osuu meid\u00e4n jokaisen kohdalle, mutta tuntuu aina erityisen v\u00e4\u00e4r\u00e4lt\u00e4, kun joku kuolee liian nuorena. Aaro Teikari alle nelikymppisen\u00e4. Musiikkinsa el\u00e4k\u00f6\u00f6n ikuisesti.<\/p>\n<p>Olga Temonen<img decoding=\"async\" src=\"https:\/\/www.europesays.com\/fi\/wp-content\/uploads\/2025\/12\/1766898971_729_468.jpg\" alt=\"\" class=\"_Img_1rerz_1\" style=\"aspect-ratio:1.5\" loading=\"eager\"\/><\/p>\n<p class=\"article-body mb-nof-24 px-nof-16\">N\u00e4yttelij\u00e4 <a class=\"article-personlink\" href=\"https:\/\/www.is.fi\/haku\/?query=Olga%20Temonen\" rel=\"nofollow noopener\" target=\"_blank\">Olga Temonen<\/a> kuoli aivosy\u00f6p\u00e4\u00e4n 47-vuotiaana 17. marraskuuta. H\u00e4nen puolisonsa Tuukka Temonen kertoi IS:lle, ett\u00e4 Olga nukkui pois l\u00e4heistens\u00e4 ymp\u00e4r\u00f6im\u00e4n\u00e4.<\/p>\n<p class=\"article-body mb-nof-24 px-nof-16\">\u2013 Olga sai viimeiset p\u00e4iv\u00e4t, tai oikeastaan koko puoli vuotta, olla l\u00e4heisten yst\u00e4viens\u00e4 seurassa, ja h\u00e4n sai paljon apua ja rakkautta l\u00e4himmilt\u00e4 ihmisilt\u00e4, Temonen sanoi.<\/p>\n<p class=\"article-body mb-nof-24 px-nof-16\">Leskeksi j\u00e4\u00e4nyt Temonen ei usko, ett\u00e4 Olgalla oli viimeisin\u00e4 hetkin\u00e4\u00e4n kipuja. H\u00e4n kuvaili kumppaninsa l\u00e4ht\u00f6\u00e4 kauniiksi ja levolliseksi.<\/p>\n<p class=\"article-body mb-nof-24 px-nof-16\">Olga Temonen sairasti nelj\u00e4nnen asteen glioomaa<\/p>\n<p class=\"article-body mb-nof-24 px-nof-16\">eli aivosy\u00f6p\u00e4\u00e4, jota ei ollut mahdollista leikata. Sairaus todettiin vuoden 2023 lopulla.<\/p>\n<p class=\"article-body mb-nof-24 px-nof-16\">Aluksi hoidot tehosivat hyvin, mutta t\u00e4n\u00e4 kes\u00e4n\u00e4 Temonen kertoi Instagram-tilill\u00e4\u00e4n, ett\u00e4 toukokuussa kasvaimen todettiin uusiutuneen. Syksy\u00e4 kohden vointi k\u00e4\u00e4ntyi huonompaan suuntaan, mutta perhe ei koskaan luopunut toivosta.<\/p>\n<p class=\"article-body mb-nof-24 px-nof-16\">Tuukka Temonen kertoi suru-uutisen j\u00e4lkeen, ettei aviopari puhunut koskaan viimeisist\u00e4 toiveista tai mahdollisen kuoleman j\u00e4lkeisist\u00e4 j\u00e4rjestelyist\u00e4.<\/p>\n<p class=\"article-body mb-nof-24 px-nof-16\">\u2013 Emme koskaan oikeastaan puhuneet t\u00e4st\u00e4 vaihtoehdosta, koska emme uskoneet siihen tai halunneet ajatella, ett\u00e4 se k\u00e4visi. Me koetamme nyt arvata, mit\u00e4 ne viimeiset toiveet ovat, Temonen sanoi.<\/p>\n<p class=\"article-body mb-nof-24 px-nof-16\">Olga Temonen siunattiin viimeiselle matkalleen 29. marraskuuta Iitin kirkossa. Temoset meniv\u00e4t samassa kirkossa naimisiin vuonna 2008.<\/p>\n<p class=\"article-body mb-nof-24 px-nof-16\">Avoimeen siunaustilaisuuteen saapui runsaasti ihmisi\u00e4. Vieraille oli etuk\u00e4teen annettu ohjeeksi pukeutua v\u00e4rikk\u00e4\u00e4sti, sill\u00e4 se kuvasti Olgan henke\u00e4, eli v\u00e4rikkyytt\u00e4 ja iloisuutta.<\/p>\n<p class=\"article-body mb-nof-24 px-nof-16\">Siunauksen j\u00e4lkeen perhe ja l\u00e4heiset siirtyiv\u00e4t yksityiseen muistotilaisuuteen pizzeria Rehtoriin, jota Temoset olivat py\u00f6ritt\u00e4neet yhdess\u00e4.<\/p>\n<p>Fakta<\/p>\n<p>My\u00f6s heid\u00e4t menetettiin vuonna 2025<\/p>\n<p class=\"article-body mb-nof-24 px-nof-16\">Iskelm\u00e4laulaja <a class=\"article-personlink\" href=\"https:\/\/www.is.fi\/haku\/?query=Juhani%20Markola\" rel=\"nofollow noopener\" target=\"_blank\">Juhani Markola<\/a> (1942\u20132025) muistetaan erityisesti tenori\u00e4\u00e4nest\u00e4\u00e4n ja 1970-luvun iskelm\u00e4hiteist\u00e4\u00e4n, joista suurin oli Rakkauden aamu.<\/p>\n<p class=\"article-body mb-nof-24 px-nof-16\">S\u00e4velt\u00e4j\u00e4 <a class=\"article-personlink\" href=\"https:\/\/www.is.fi\/haku\/?query=Veikko%20Norontaus\" rel=\"nofollow noopener\" target=\"_blank\">Veikko Norontaus<\/a> (1930\u20132025) tunnettiin pitk\u00e4n linjan kirkkomuusikkona ja monipuolisena s\u00e4velt\u00e4j\u00e4n\u00e4. H\u00e4nen varhaisiin teoksiinsa kuului muiden muassa valssi Kes\u00e4isell\u00e4 Keiteleell\u00e4.<\/p>\n<p class=\"article-body mb-nof-24 px-nof-16\">N\u00e4yttelij\u00e4 ja toimittaja <a class=\"article-personlink\" href=\"https:\/\/www.is.fi\/haku\/?query=Yrj%C3%B6%20T%C3%A4htel%C3%A4\" rel=\"nofollow noopener\" target=\"_blank\">Yrj\u00f6 T\u00e4htel\u00e4<\/a> (1936\u20132025) esiintyi useissa elokuvissa ja tv-ohjelmissa. H\u00e4net muistetaan muiden muassa elokuvista Hetki\u00e4 y\u00f6ss\u00e4, Varjostettua valoa ja Luottamus sek\u00e4 tv-sarjoista Naapuril\u00e4hi\u00f6 ja Tavataan Karppisilla.<\/p>\n<p class=\"article-body mb-nof-24 px-nof-16\">N\u00e4yttelij\u00e4 ja muusikko <a class=\"article-personlink\" href=\"https:\/\/www.is.fi\/haku\/?query=Silu%20Sepp%C3%A4l%C3%A4\" rel=\"nofollow noopener\" target=\"_blank\">Silu Sepp\u00e4l\u00e4<\/a> (1954\u20132025) tuli tunnetuksi Leningrad Cowboysin basistina ja <a class=\"article-personlink\" href=\"https:\/\/www.is.fi\/haku\/?query=Mika%20Kaurism%C3%A4en\" rel=\"nofollow noopener\" target=\"_blank\">Mika Kaurism\u00e4en<\/a> elokuvien luotton\u00e4yttelij\u00e4n\u00e4. H\u00e4n voitti Jussi-palkinnon roolistaan elokuvassa Zombie ja Kummitusjuna.<\/p>\n<p class=\"article-body mb-nof-24 px-nof-16\">Tv-toimittaja <a class=\"article-personlink\" href=\"https:\/\/www.is.fi\/haku\/?query=Risto%20Astikainen\" rel=\"nofollow noopener\" target=\"_blank\">Risto Astikainen<\/a> (1945\u20132025) tunnettiin persoonallisista dokumenteistaan ja tv-sarjoistaan, kuten Nuijasota \u2013 1500-luvun tarinoita. H\u00e4nelle oli tyypillist\u00e4 yhdist\u00e4\u00e4 huumoria ja \u201dsivuun j\u00e4\u00e4neit\u00e4\u201d n\u00e4k\u00f6kulmia.<\/p>\n<p class=\"article-body mb-nof-24 px-nof-16\">Muusikko <a class=\"article-personlink\" href=\"https:\/\/www.is.fi\/haku\/?query=Sami%20Pilvil%C3%A4\" rel=\"nofollow noopener\" target=\"_blank\">Sami Pilvil\u00e4<\/a> (1975\u20132025) muistetaan ennen kaikkea 1980-luvun lapsit\u00e4hten\u00e4. H\u00e4n voitti Lapsit\u00e4hti-kilpailun vuonna 1986 ja l\u00f6i l\u00e4pi Syksyn s\u00e4veless\u00e4 seuraavana vuonna kappaleella \u00c4iti laihduttaa.<\/p>\n<p class=\"article-body mb-nof-24 px-nof-16\">N\u00e4yttelij\u00e4 <a class=\"article-personlink\" href=\"https:\/\/www.is.fi\/haku\/?query=Elina%20Salo\" rel=\"nofollow noopener\" target=\"_blank\">Elina Salo<\/a> (1936\u20132025) tunnettiin erityisesti Pikku Myyn \u00e4\u00e4nin\u00e4yttelij\u00e4n\u00e4.<\/p>\n<p class=\"article-body mb-nof-24 px-nof-16\">N\u00e4yttelij\u00e4 <a class=\"article-personlink\" href=\"https:\/\/www.is.fi\/haku\/?query=Eila%20Roine\" rel=\"nofollow noopener\" target=\"_blank\">Eila Roine<\/a> (1931\u20132025) muistetaan Tampereen Ty\u00f6v\u00e4en Teatterin n\u00e4yttelij\u00e4legendana ja tv-rooleistaan sarjoissa Heikki ja Kaija sek\u00e4 Rintam\u00e4kel\u00e4iset. Nuoremmat muistavat Roineen Pikku Kakkosen Eila-mummina.<\/p>\n","protected":false},"excerpt":{"rendered":"Vuonna 2025 menetettiin monta tunnettua suomalaista. Kuluneen vuoden aikana on tullut useita surullisia uutisia tunnettujen suomalaisten kuolemista. Kokosimme&hellip;\n","protected":false},"author":2,"featured_media":127579,"comment_status":"","ping_status":"","sticky":false,"template":"","format":"standard","meta":{"footnotes":""},"categories":[130],"tags":[137,33,31,30,34,32,109],"class_list":{"0":"post-127578","1":"post","2":"type-post","3":"status-publish","4":"format-standard","5":"has-post-thumbnail","7":"category-viihde","8":"tag-entertainment","9":"tag-fi","10":"tag-finland","11":"tag-finnish","12":"tag-ilta-sanomat","13":"tag-suomi","14":"tag-viihde"},"share_on_mastodon":{"url":"https:\/\/pubeurope.com\/@fi\/115795498985194897","error":""},"_links":{"self":[{"href":"https:\/\/www.europesays.com\/fi\/wp-json\/wp\/v2\/posts\/127578","targetHints":{"allow":["GET"]}}],"collection":[{"href":"https:\/\/www.europesays.com\/fi\/wp-json\/wp\/v2\/posts"}],"about":[{"href":"https:\/\/www.europesays.com\/fi\/wp-json\/wp\/v2\/types\/post"}],"author":[{"embeddable":true,"href":"https:\/\/www.europesays.com\/fi\/wp-json\/wp\/v2\/users\/2"}],"replies":[{"embeddable":true,"href":"https:\/\/www.europesays.com\/fi\/wp-json\/wp\/v2\/comments?post=127578"}],"version-history":[{"count":0,"href":"https:\/\/www.europesays.com\/fi\/wp-json\/wp\/v2\/posts\/127578\/revisions"}],"wp:featuredmedia":[{"embeddable":true,"href":"https:\/\/www.europesays.com\/fi\/wp-json\/wp\/v2\/media\/127579"}],"wp:attachment":[{"href":"https:\/\/www.europesays.com\/fi\/wp-json\/wp\/v2\/media?parent=127578"}],"wp:term":[{"taxonomy":"category","embeddable":true,"href":"https:\/\/www.europesays.com\/fi\/wp-json\/wp\/v2\/categories?post=127578"},{"taxonomy":"post_tag","embeddable":true,"href":"https:\/\/www.europesays.com\/fi\/wp-json\/wp\/v2\/tags?post=127578"}],"curies":[{"name":"wp","href":"https:\/\/api.w.org\/{rel}","templated":true}]}}