{"id":127584,"date":"2025-12-28T05:21:12","date_gmt":"2025-12-28T05:21:12","guid":{"rendered":"https:\/\/www.europesays.com\/fi\/127584\/"},"modified":"2025-12-28T05:21:12","modified_gmt":"2025-12-28T05:21:12","slug":"kaksi-henkiloa-loukkaantui-vakavasti-kahden-auton-tormayksessa-inarissa-sivutielta-tulleella-nuorella-miehella-ei-ollut-ajokorttia","status":"publish","type":"post","link":"https:\/\/www.europesays.com\/fi\/127584\/","title":{"rendered":"Kaksi henkil\u00f6\u00e4 loukkaantui vakavasti kahden auton t\u00f6rm\u00e4yksess\u00e4 Inarissa \u2013 sivutielt\u00e4 tulleella nuorella miehell\u00e4 ei ollut ajokorttia"},"content":{"rendered":"<p>    <img decoding=\"async\" class=\"responsive-image article__image-image lozad\"   src=\"https:\/\/www.europesays.com\/fi\/wp-content\/uploads\/2025\/12\/BSUJKO7XTkf8G0cUF0GF-RiRXsC0GgGy7PN1PQEsKPE2j4ufsb9IGtKV_o78AvamQjrBCm6k6V757oVYc8wOf_hi9v0yj9MewZTO.jpeg\" alt=\"-\"\/><\/p>\n<p class=\"article__paragraph\">\n      Kaksi henkil\u00f6\u00e4 loukkaantui vakavasti Inarissa aamuy\u00f6ll\u00e4 tapahtuneessa kolarissa, tiedottaa poliisi.\n    <\/p>\n<p class=\"article__paragraph\">\n      Onnettomuus tapahtui lauantaina hieman ennen aamuviitt\u00e4 Inarij\u00e4rventien ja Rahaj\u00e4rventien risteyksess\u00e4. Kolarissa oli osallisena kaksi henkil\u00f6autoa, joissa toisessa oli kuljettajan lis\u00e4ksi yksi matkustaja ja toisessa autossa kolme matkustajaa.\n    <\/p>\n<p class=\"article__paragraph\">\n      Poliisin mukaan Rahaj\u00e4rventien suunnasta kohti Inarij\u00e4rventiet\u00e4 ajaneen henkil\u00f6auton kuljettaja ei saanut autoaan pys\u00e4ytetty\u00e4 ajoissa, vaan t\u00f6rm\u00e4si Ivalosta kohti Inaria matkanneeseen henkil\u00f6autoon.\n    <\/p>\n<p class=\"article__paragraph\">\n      Kaksi matkustajaa loukkaantui vakavasti ja heid\u00e4t kuljetettiin Norjan pelastuksen kopterilla jatkohoitoon Norjaan. Muut osalliset kuljetettiin jatkohoitoon Ivalon terveyskeskukseen.\n    <\/p>\n<p class=\"article__paragraph\">\n      Vakavimmin loukkaantuneet henkil\u00f6t olivat rikoskomisario Kirsi Huhtam\u00e4en mukaan nelostiet\u00e4 pitkin ajaneessa autossa.\n    <\/p>\n<p class=\"article__paragraph\">\n      \u2013\u202fAutossa oli sek\u00e4 paikallisia ett\u00e4 ulkopaikkakuntalaisia henkil\u00f6it\u00e4, h\u00e4n kertoo.\n    <\/p>\n<p class=\"article__paragraph\">\n      Samassa yhteydess\u00e4 kolmas nelostiet\u00e4 pohjoisen suuntaan ajanut autoilija t\u00f6rm\u00e4si tiell\u00e4 olleeseen kaiteeseen v\u00e4ist\u00e4ess\u00e4\u00e4n kolariautoja. T\u00e4ss\u00e4 ajoneuvossa oli kuljettajan lis\u00e4ksi yksi matkustaja, he eiv\u00e4t \u00a0loukkaantuneet.\n    <\/p>\n<p class=\"article__paragraph\">\n      Poliisin mukaan Rahaj\u00e4rventiet\u00e4 tulleen auton kuljettajalla, 19-vuotiaalla ulkopaikkakuntalaisella \u00a0miehell\u00e4 ei ollut vaadittavaa ajo-oikeutta. H\u00e4nt\u00e4 ep\u00e4ill\u00e4\u00e4n t\u00f6rke\u00e4st\u00e4 liikenneturvallisuuden vaarantamisesta, t\u00f6rke\u00e4st\u00e4 vammantuottamuksesta ja kulkuneuvon kuljettamisesta oikeudetta.\n    <\/p>\n<p class=\"article__paragraph\">\n      \u2013\u202fT\u00e4ss\u00e4 vaiheessa ei ole syyt\u00e4 ep\u00e4ill\u00e4, ett\u00e4 alkoholilla olisi ollut osuutta onnettomuuteen, rikoskomisario Huhtam\u00e4ki kertoo.\n    <\/p>\n<p class=\"article__paragraph\">\n      Pelastuslaitos joutui irrottamaan yhden henkil\u00f6n autosta purkamalla auton rakenteita ja leikkaamalla auton l\u00e4vist\u00e4neen kaiteen poikki.\n    <\/p>\n<p class=\"article__paragraph\">\n      Tie oli suljettuna kokonaan liikenteelt\u00e4 pelastus- ja raivaust\u00f6iden ajan noin kahden tunnin ajan.\n    <\/p>\n<p class=\"article__paragraph\">\n      Tien pinta oli tapahtuma-aikaan liukas. Ilman l\u00e4mp\u00f6tila oli noin yhden asteen plussalla ja y\u00f6n aikana oli satanut vett\u00e4.\n    <\/p>\n<p class=\"article__paragraph\">\n      Edit 27.12. klo 11.51: P\u00e4ivitetty juttua kauttaaltaan poliisin antamilla tiedoilla.\u00a0\n    <\/p>\n","protected":false},"excerpt":{"rendered":"Kaksi henkil\u00f6\u00e4 loukkaantui vakavasti Inarissa aamuy\u00f6ll\u00e4 tapahtuneessa kolarissa, tiedottaa poliisi. Onnettomuus tapahtui lauantaina hieman ennen aamuviitt\u00e4 Inarij\u00e4rventien ja&hellip;\n","protected":false},"author":2,"featured_media":127585,"comment_status":"","ping_status":"","sticky":false,"template":"","format":"standard","meta":{"footnotes":""},"categories":[12],"tags":[22,23,26,27,33,31,30,17,24,25,28,29,15,18,21,32,19,20,16],"class_list":{"0":"post-127584","1":"post","2":"type-post","3":"status-publish","4":"format-standard","5":"has-post-thumbnail","7":"category-suomi","8":"tag-breaking-news","9":"tag-breakingnews","10":"tag-featured-news","11":"tag-featurednews","12":"tag-fi","13":"tag-finland","14":"tag-finnish","15":"tag-headlines","16":"tag-latest-news","17":"tag-latestnews","18":"tag-main-news","19":"tag-mainnews","20":"tag-news","21":"tag-otsikot","22":"tag-paauutiset","23":"tag-suomi","24":"tag-top-stories","25":"tag-topstories","26":"tag-uutiset"},"share_on_mastodon":{"url":"https:\/\/pubeurope.com\/@fi\/115795518264058969","error":""},"_links":{"self":[{"href":"https:\/\/www.europesays.com\/fi\/wp-json\/wp\/v2\/posts\/127584","targetHints":{"allow":["GET"]}}],"collection":[{"href":"https:\/\/www.europesays.com\/fi\/wp-json\/wp\/v2\/posts"}],"about":[{"href":"https:\/\/www.europesays.com\/fi\/wp-json\/wp\/v2\/types\/post"}],"author":[{"embeddable":true,"href":"https:\/\/www.europesays.com\/fi\/wp-json\/wp\/v2\/users\/2"}],"replies":[{"embeddable":true,"href":"https:\/\/www.europesays.com\/fi\/wp-json\/wp\/v2\/comments?post=127584"}],"version-history":[{"count":0,"href":"https:\/\/www.europesays.com\/fi\/wp-json\/wp\/v2\/posts\/127584\/revisions"}],"wp:featuredmedia":[{"embeddable":true,"href":"https:\/\/www.europesays.com\/fi\/wp-json\/wp\/v2\/media\/127585"}],"wp:attachment":[{"href":"https:\/\/www.europesays.com\/fi\/wp-json\/wp\/v2\/media?parent=127584"}],"wp:term":[{"taxonomy":"category","embeddable":true,"href":"https:\/\/www.europesays.com\/fi\/wp-json\/wp\/v2\/categories?post=127584"},{"taxonomy":"post_tag","embeddable":true,"href":"https:\/\/www.europesays.com\/fi\/wp-json\/wp\/v2\/tags?post=127584"}],"curies":[{"name":"wp","href":"https:\/\/api.w.org\/{rel}","templated":true}]}}