{"id":127586,"date":"2025-12-28T05:22:17","date_gmt":"2025-12-28T05:22:17","guid":{"rendered":"https:\/\/www.europesays.com\/fi\/127586\/"},"modified":"2025-12-28T05:22:17","modified_gmt":"2025-12-28T05:22:17","slug":"yksi-kohtaaminen-pate-mustajarven-kanssa-jai-tomin-mieleen-ei-mitaan-diivailuja","status":"publish","type":"post","link":"https:\/\/www.europesays.com\/fi\/127586\/","title":{"rendered":"Yksi kohtaaminen Pate Mustaj\u00e4rven kanssa j\u00e4i Tomin mieleen: &#8221;Ei mit\u00e4\u00e4n diivailuja&#8221;"},"content":{"rendered":"<p>Iltalehden lukijat muistelevat tapaninp\u00e4iv\u00e4n\u00e4 kuollutta Pate Mustaj\u00e4rve\u00e4.<\/p>\n<p><img decoding=\"async\" class=\"image image-show image-preview\" src=\"https:\/\/www.europesays.com\/fi\/wp-content\/uploads\/2025\/12\/fc8da57a465e14aad50301d45015104cdb5019509f526f458e7f3c4f5539340f.jpg\" alt=\"\"\/><img decoding=\"async\" class=\"image image-show\" src=\"https:\/\/www.europesays.com\/fi\/wp-content\/uploads\/2025\/12\/1766776210_626_fc8da57a465e14aad50301d45015104cdb5019509f526f458e7f3c4f5539340f.jpg\" alt=\"\"\/><\/p>\n<p>Pate Mustaj\u00e4rvi kuoli tapaninp\u00e4iv\u00e4n\u00e4. Henri K\u00e4rkk\u00e4inen<\/p>\n<p class=\"paragraph\">Muusikko <a href=\"https:\/\/www.iltalehti.fi\/henkilot\/Pate Mustaj\u00e4rvi\" class=\"article-link-person-page\" rel=\"nofollow noopener\" target=\"_blank\">Pate Mustaj\u00e4rven<\/a> kuolema on her\u00e4tt\u00e4nyt tunteita Iltalehden lukijoissa. Suomirockin kaanoniin kiistatta kuulunut Mustaj\u00e4rvi kuoli tapaninp\u00e4iv\u00e4n\u00e4.<\/p>\n<p class=\"paragraph\">Monella lukijalla on Mustaj\u00e4rvest\u00e4 muistoja usean vuosikymmenen ajalta.<\/p>\n<p class=\"paragraph\">\u2013 Rock-t\u00e4hteydest\u00e4 ja ikonisesta asemasta huolimatta mulle v\u00e4littyi Patesta hyvinkin ujo ja jalat tukevasti maassa oleva kuva. 23 vuotta sitten el\u00e4m\u00e4ni toisella Popedan keikalla tapasin Paten ennen keikkaa. K\u00e4ttelin ja sain nimmarin. Ei mit\u00e4\u00e4n diivailuja tai t\u00e4hden elkeit\u00e4. Toisella kertaa Popedan ja Y\u00f6n yhteisell\u00e4 risteilyll\u00e4. Muistan, kuinka otettu oli, kun pyysin nimmarin juuri ilmestyneeseen Museorekisteriss\u00e4-boxiin, <strong>Tomi<\/strong> kirjoittaa.<\/p>\n<p class=\"paragraph\">Nimimerkki<strong> Huikko<\/strong> muistelee kohtaamista Mustaj\u00e4rven kanssa Tampereen Aulabaarissa.<\/p>\n<p class=\"paragraph\">\u2013 90-luvun puolessav\u00e4liss\u00e4 Aulabaarissa istuin oluella bassolaukku kaverina. Kello oli aamulla noin 16.45. Sis\u00e4\u00e4n tulee Pate, yritt\u00e4\u00e4 ostaa nahkatakkia suoraan p\u00e4\u00e4lt\u00e4, selitt\u00e4\u00e4 samalla jotain hirvimett\u00e4juttua, laittaa Popedaa jukeboksiin, tilaa juoman ja istuu seuraan. &#8221;M\u00e4\u00e4 ved\u00e4n t\u00e4ss\u00e4 biisiss\u00e4.&#8221; Mietin sit\u00e4 jo silloin. Ei ollut nuotteja, eik\u00e4 nauhatonta bassoa kuten meill\u00e4, jotka yritettiin v\u00e4\u00e4nt\u00e4\u00e4 jotain semihienoa masennusgrungea. Siin\u00e4 oli mies, joka teki makkaraperunoita Suomen musiikkikent\u00e4lle \u2013 ja oli todella ylpe\u00e4 siit\u00e4. Patekaan ei en\u00e4\u00e4 saavu aulaan, Huikko kirjoittaa.<\/p>\n<p class=\"paragraph\">Nimimerkki <strong>Jenspa23<\/strong> kertoo n\u00e4hneens\u00e4 Popedan monesti Vauhtiajoilla ja Rytmikorjaamossa niin asiakkaan kuin ty\u00f6ntekij\u00e4n roolissa. Erityisesti mieleen on j\u00e4\u00e4nyt kuitenkin kohtaaminen hotelli Lakeuden ravintola Matadorissa, jonne Mustaj\u00e4rvi tuli sy\u00f6m\u00e4\u00e4n vaimonsa kanssa ennen illan keikkaa.<\/p>\n<p class=\"paragraph\">\u2013 Oli v\u00e4h\u00e4n j\u00e4nnittynyt fiilis, mutta pyrin hoitamaan ty\u00f6t hyvin. Kun Pate ja vaimonsa olivat sy\u00f6neet, maksup\u00e4\u00e4te takkuili (kun vein laskun p\u00f6yt\u00e4\u00e4n) ja jouduin pyyt\u00e4m\u00e4\u00e4n ty\u00f6kaverilta apua. Pyysin kassalla Patelta anteeksi sekaannusta ja vastasi, ett\u00e4 ei tarvitse pyyt\u00e4\u00e4 anteeksi ja kaikki aloittavat joskus jostain ja kaikki tekev\u00e4t virheit\u00e4. Olin my\u00f6s seuraavana p\u00e4iv\u00e4n\u00e4 aamuvuorossa ja tulivat my\u00f6s silloin aamukahville, Jenspa23 kirjoittaa.<\/p>\n<p class=\"paragraph\">Nimimerkki Antirokkari ei tunnustaudu itse rokkariksi, mutta toteaa Mustaj\u00e4rvess\u00e4 ja Popedassa olevan jotain erityist\u00e4.<\/p>\n<p class=\"paragraph\">\u2013 Esiintymistyylist\u00e4 sain hieman rehvakkaan, kovan kundin vaikutelman. Totuus ei v\u00e4ltt\u00e4m\u00e4tt\u00e4 ollut kuitenkaan mielikuvani kaltainen. Ja niin, olimme my\u00f6s sukulaisia. Kuulumme tiet\u00e4\u00e4kseni Petter H\u00e4llstr\u00f6min sukuun, joka on Suomen suurimpia, h\u00e4n kirjoittaa.<\/p>\n<p class=\"paragraph\"><a href=\"https:\/\/petterhallstrom.fi\/wp-content\/uploads\/2017\/07\/PH-kirje2016.pdf\" rel=\"noopener nofollow\" target=\"_blank\">H\u00e4llstr\u00f6min sukuseuran<\/a> mukaan Mustaj\u00e4rvi oli osa sukuhaaraa.<\/p>\n<p class=\"paragraph\">69-vuotiaana kuolleelta Mustaj\u00e4rvelt\u00e4 l\u00f6ydettiin lokakuussa kasvain, joka my\u00f6hemmin paljastui sy\u00f6v\u00e4ksi. Mustaj\u00e4rvi perui kasvaimen l\u00f6ytymisen j\u00e4lkeen kaikki keikkansa.<\/p>\n<p class=\"paragraph\">Mustaj\u00e4rven kuolinsyyt\u00e4 ei ole kerrottu julkisuuteen.<\/p>\n","protected":false},"excerpt":{"rendered":"Iltalehden lukijat muistelevat tapaninp\u00e4iv\u00e4n\u00e4 kuollutta Pate Mustaj\u00e4rve\u00e4. Pate Mustaj\u00e4rvi kuoli tapaninp\u00e4iv\u00e4n\u00e4. Henri K\u00e4rkk\u00e4inen Muusikko Pate Mustaj\u00e4rven kuolema on&hellip;\n","protected":false},"author":2,"featured_media":126503,"comment_status":"","ping_status":"","sticky":false,"template":"","format":"standard","meta":{"footnotes":""},"categories":[5],"tags":[35,138,22,23,26,27,33,31,30,17,24,25,28,29,47,141,15,18,21,742,32,484,19,20,16],"class_list":{"0":"post-127586","1":"post","2":"type-post","3":"status-publish","4":"format-standard","5":"has-post-thumbnail","7":"category-otsikot","8":"tag-24h","9":"tag-audio","10":"tag-breaking-news","11":"tag-breakingnews","12":"tag-featured-news","13":"tag-featurednews","14":"tag-fi","15":"tag-finland","16":"tag-finnish","17":"tag-headlines","18":"tag-latest-news","19":"tag-latestnews","20":"tag-main-news","21":"tag-mainnews","22":"tag-musiikki","23":"tag-muusikot-bandit","24":"tag-news","25":"tag-otsikot","26":"tag-paauutiset","27":"tag-suomalainen-musiikki","28":"tag-suomi","29":"tag-taiteellinen-ilmaisu-ja-mediat","30":"tag-top-stories","31":"tag-topstories","32":"tag-uutiset"},"share_on_mastodon":{"url":"https:\/\/pubeurope.com\/@fi\/115795521909813676","error":""},"_links":{"self":[{"href":"https:\/\/www.europesays.com\/fi\/wp-json\/wp\/v2\/posts\/127586","targetHints":{"allow":["GET"]}}],"collection":[{"href":"https:\/\/www.europesays.com\/fi\/wp-json\/wp\/v2\/posts"}],"about":[{"href":"https:\/\/www.europesays.com\/fi\/wp-json\/wp\/v2\/types\/post"}],"author":[{"embeddable":true,"href":"https:\/\/www.europesays.com\/fi\/wp-json\/wp\/v2\/users\/2"}],"replies":[{"embeddable":true,"href":"https:\/\/www.europesays.com\/fi\/wp-json\/wp\/v2\/comments?post=127586"}],"version-history":[{"count":0,"href":"https:\/\/www.europesays.com\/fi\/wp-json\/wp\/v2\/posts\/127586\/revisions"}],"wp:featuredmedia":[{"embeddable":true,"href":"https:\/\/www.europesays.com\/fi\/wp-json\/wp\/v2\/media\/126503"}],"wp:attachment":[{"href":"https:\/\/www.europesays.com\/fi\/wp-json\/wp\/v2\/media?parent=127586"}],"wp:term":[{"taxonomy":"category","embeddable":true,"href":"https:\/\/www.europesays.com\/fi\/wp-json\/wp\/v2\/categories?post=127586"},{"taxonomy":"post_tag","embeddable":true,"href":"https:\/\/www.europesays.com\/fi\/wp-json\/wp\/v2\/tags?post=127586"}],"curies":[{"name":"wp","href":"https:\/\/api.w.org\/{rel}","templated":true}]}}