{"id":127593,"date":"2025-12-28T05:42:11","date_gmt":"2025-12-28T05:42:11","guid":{"rendered":"https:\/\/www.europesays.com\/fi\/127593\/"},"modified":"2025-12-28T05:42:11","modified_gmt":"2025-12-28T05:42:11","slug":"iltapaivalla-tvssa-alan-rickman-piti-kuria-kuvauksissa-nuorten-harry-potter-tahtien-toilailu-tarkkailussa","status":"publish","type":"post","link":"https:\/\/www.europesays.com\/fi\/127593\/","title":{"rendered":"Iltap\u00e4iv\u00e4ll\u00e4 tv:ss\u00e4: Alan Rickman piti kuria kuvauksissa \u2013 nuorten Harry Potter -t\u00e4htien toilailu tarkkailussa"},"content":{"rendered":"<p>T\u00e4n\u00e4\u00e4n voi katsella fantasiaelokuvan Harry Potter ja Feeniksin kilta (2007).<\/p>\n<p>Harry Potter ja Feeniksin kilta vie katsojan Tylypahkan viidennen vuoden tapahtumiin, joissa Voldemortin paluu uhkaa koko taikamaailmaa. Salainen Feeniksin kilta kokoontuu torjumaan l\u00e4hestyv\u00e4\u00e4 pimeytt\u00e4, ja Harry joutuu samalla puolustautumaan ankeuttajien hy\u00f6kk\u00e4yksilt\u00e4 sek\u00e4 koulun uuden, autoritaarisen opettajan, Dolores Umbridgen, m\u00e4\u00e4r\u00e4yksilt\u00e4, jotka pyrkiv\u00e4t tukahduttamaan kaiken vastarinnan.<\/p>\n<p>N\u00e4yttelij\u00f6in\u00e4 muun muassa <strong>Daniel Radcliffe<\/strong>, <strong>Rupert Grint<\/strong>, <strong>Emma Watson<\/strong>, <strong>Helena Bonham Carter<\/strong>, <strong>Robbie Coltrane<\/strong> sek\u00e4 <strong>Warwick Davis<\/strong>. Leffassa n\u00e4hd\u00e4\u00e4n my\u00f6s <a href=\"https:\/\/www.episodi.fi\/uutiset\/harry-potter-tahti-luuli-roolinsa-jalkeen-menestyksen-olevan-taattu-toisin-kavi\/\" rel=\"nofollow noopener\" target=\"_blank\"><strong>Evanna Lynch<\/strong><\/a>, joka hoitaa Luna Lovekivan roolin. Rooliin oli valtava tunku, ja Lynch vei roolin 15 000 koe-esiintyj\u00e4n joukosta.<\/p>\n<p><strong>Imelda Staunton <\/strong>puolestaan loistaa professori Umbridgen roolissa. Staunton oli tuottajien ykk\u00f6svalinta rooliin, ja h\u00e4n p\u00e4\u00e4si vaikuttamaan hahmon ulkon\u00e4k\u00f6\u00f6n. Staunton ja pukusuunnittelija <strong>Jany Temime<\/strong> keksiv\u00e4t tehd\u00e4 h\u00e4nen mekostaan pehmustetumman ja v\u00e4rikyll\u00e4isemm\u00e4n elokuvan edetess\u00e4.<\/p>\n<p>Romaanissa h\u00e4nt\u00e4 kuvataan fyysisesti rupikonnan kaltaiseksi, mutta t\u00e4llaista ulkon\u00e4k\u00f6\u00e4 ei tarvittu. Staunton veti roolin niin taidokkaasti, ett\u00e4 moni katsoja inhoaa professori Umbridge\u00e4.<\/p>\n<p><img loading=\"lazy\" height=\"324\" width=\"648\" class=\"wp-image-189449 sp-no-webp perfmatters-lazy\" alt=\"\" decoding=\"async\" src=\"https:\/\/www.europesays.com\/fi\/wp-content\/uploads\/2025\/12\/mv5bzwy4nmfiywytyzfioc00ndkxlthkmdctyzfhmjdmmtvlnze5xkeyxkfqcgdeqxvynjq4ode4mzq-v1-1-648x324.jpg\"  data-\/> <\/p>\n<p>Lue my\u00f6s: <a href=\"https:\/\/www.episodi.fi\/uutiset\/episodin-joulukalenteri-2025-luukku-17-fantastista-joulua\/\" title=\"Episodin joulukalenteri 2025: luukku 17 \u2013 fantastista joulua\" class=\"underline-custom !font-montserrat !font-bold !underline-offset-4 !decoration-4 !decoration-episodi-blue !text-md\" rel=\"nofollow noopener\" target=\"_blank\">Episodin joulukalenteri 2025: luukku 17 \u2013 fantastista joulua<\/a><\/p>\n<p><strong>Alan Rickman<\/strong> puolestaan oli kuvauksissa tarkkana autonsa suhteen. H\u00e4n kielsi <strong>Matthew Lewisia<\/strong> ja Rupert Grinti\u00e4 tulemasta viitt\u00e4 metri\u00e4 l\u00e4hemm\u00e4ksi h\u00e4nen BMW-henkil\u00f6autoaan. Harry Potter ja liekehtiv\u00e4 pikari (2005) -elokuvan kuvauksissa he nimitt\u00e4in kaatoivat vahingossa pirtel\u00f6n Rickmanin autoon.<\/p>\n<p>Elokuva oli muiden osien tapaan menestys, ja se sai sai kriitikoilta yleisesti ottaen my\u00f6nteisi\u00e4 arvioita. Leffa oli my\u00f6s ehdolla useiden palkintojen saajaksi.<\/p>\n<p>Elokuva on my\u00f6s HBO Maxissa. Alla traileri.<\/p>\n<p>Tulevat l\u00e4hetykset:<\/p>\n<ul class=\"wp-block-list\">\n<li>Su 28.12.2025 klo 15.50 \u00b7 TV5<\/li>\n<\/ul>\n<p>Lue my\u00f6s: <a href=\"https:\/\/www.episodi.fi\/uutiset\/daniel-radcliffe-kirjoitti-uudelle-harry-potterille-kirjeen\/\" title=\"Daniel Radcliffe kirjoitti uudelle Harry Potterille kirjeen: \u201dEn halua olla aave\u201d\" class=\"underline-custom !font-montserrat !font-bold !underline-offset-4 !decoration-4 !decoration-episodi-blue !text-md\" rel=\"nofollow noopener\" target=\"_blank\">Daniel Radcliffe kirjoitti uudelle Harry Potterille kirjeen: \u201dEn halua olla aave\u201d<\/a><\/p>\n<p>Lue my\u00f6s: <a href=\"https:\/\/www.episodi.fi\/uutiset\/nyt-suoratoistona-murha-tuo-runoilijat-yhteen-paatahti-loysi-kuvauksista-rakkauden\/\" title=\"Nyt suoratoistona: Murha tuo runoilijat yhteen \u2013 p\u00e4\u00e4t\u00e4hti l\u00f6ysi kuvauksista rakkauden\" class=\"underline-custom !font-montserrat !font-bold !underline-offset-4 !decoration-4 !decoration-episodi-blue !text-md\" rel=\"nofollow noopener\" target=\"_blank\">Nyt suoratoistona: Murha tuo runoilijat yhteen \u2013 p\u00e4\u00e4t\u00e4hti l\u00f6ysi kuvauksista rakkauden<\/a><\/p>\n<p><img loading=\"lazy\" decoding=\"async\" alt=\"YouTube video\" width=\"480\" height=\"360\" data-pin-nopin=\"true\" nopin=\"nopin\" class=\"perfmatters-lazy\" src=\"https:\/\/www.europesays.com\/fi\/wp-content\/uploads\/2025\/12\/1766900531_739_hqdefault.jpg\"\/><\/p>\n<p>L\u00e4hde: <a href=\"https:\/\/www.imdb.com\/title\/tt0373889\/trivia?ref_=tt_ql_2\" target=\"_blank\" rel=\"noreferrer noopener nofollow\">IMDb<\/a><\/p>\n<p>Lue my\u00f6s: <a href=\"https:\/\/www.episodi.fi\/uutiskirje\/?uutiskirjemainos=tekstilinkkimainos\" title=\"Tilaa Episodin uutiskirje ja voit voittaa leffalippuja! Nappaa tv-vinkit suoraan s\u00e4hk\u00f6postiin t\u00e4st\u00e4.\" class=\"underline-custom !font-montserrat !font-bold !underline-offset-4 !decoration-4 !decoration-episodi-blue !text-md\" rel=\"nofollow noopener\" target=\"_blank\">Tilaa Episodin uutiskirje ja voit voittaa leffalippuja! Nappaa katseluvinkit suoraan s\u00e4hk\u00f6postiin t\u00e4st\u00e4.<\/a><\/p>\n","protected":false},"excerpt":{"rendered":"T\u00e4n\u00e4\u00e4n voi katsella fantasiaelokuvan Harry Potter ja Feeniksin kilta (2007). Harry Potter ja Feeniksin kilta vie katsojan Tylypahkan&hellip;\n","protected":false},"author":2,"featured_media":127594,"comment_status":"","ping_status":"","sticky":false,"template":"","format":"standard","meta":{"footnotes":""},"categories":[130],"tags":[137,33,31,30,32,139,109],"class_list":{"0":"post-127593","1":"post","2":"type-post","3":"status-publish","4":"format-standard","5":"has-post-thumbnail","7":"category-viihde","8":"tag-entertainment","9":"tag-fi","10":"tag-finland","11":"tag-finnish","12":"tag-suomi","13":"tag-tv-ohjelmat","14":"tag-viihde"},"share_on_mastodon":{"url":"https:\/\/pubeurope.com\/@fi\/115795600970959259","error":""},"_links":{"self":[{"href":"https:\/\/www.europesays.com\/fi\/wp-json\/wp\/v2\/posts\/127593","targetHints":{"allow":["GET"]}}],"collection":[{"href":"https:\/\/www.europesays.com\/fi\/wp-json\/wp\/v2\/posts"}],"about":[{"href":"https:\/\/www.europesays.com\/fi\/wp-json\/wp\/v2\/types\/post"}],"author":[{"embeddable":true,"href":"https:\/\/www.europesays.com\/fi\/wp-json\/wp\/v2\/users\/2"}],"replies":[{"embeddable":true,"href":"https:\/\/www.europesays.com\/fi\/wp-json\/wp\/v2\/comments?post=127593"}],"version-history":[{"count":0,"href":"https:\/\/www.europesays.com\/fi\/wp-json\/wp\/v2\/posts\/127593\/revisions"}],"wp:featuredmedia":[{"embeddable":true,"href":"https:\/\/www.europesays.com\/fi\/wp-json\/wp\/v2\/media\/127594"}],"wp:attachment":[{"href":"https:\/\/www.europesays.com\/fi\/wp-json\/wp\/v2\/media?parent=127593"}],"wp:term":[{"taxonomy":"category","embeddable":true,"href":"https:\/\/www.europesays.com\/fi\/wp-json\/wp\/v2\/categories?post=127593"},{"taxonomy":"post_tag","embeddable":true,"href":"https:\/\/www.europesays.com\/fi\/wp-json\/wp\/v2\/tags?post=127593"}],"curies":[{"name":"wp","href":"https:\/\/api.w.org\/{rel}","templated":true}]}}