{"id":127596,"date":"2025-12-28T05:46:32","date_gmt":"2025-12-28T05:46:32","guid":{"rendered":"https:\/\/www.europesays.com\/fi\/127596\/"},"modified":"2025-12-28T05:46:32","modified_gmt":"2025-12-28T05:46:32","slug":"ukraina-sanoo-iskeneensa-venalaiseen-oljynjalostamoon-brittiohjuksilla-uutissuomalainen","status":"publish","type":"post","link":"https:\/\/www.europesays.com\/fi\/127596\/","title":{"rendered":"Ukraina sanoo iskeneens\u00e4 ven\u00e4l\u00e4iseen \u00f6ljynjalostamoon brittiohjuksilla | Uutissuomalainen"},"content":{"rendered":"<p>Ukrainan asevoimat sanoo k\u00e4ytt\u00e4neens\u00e4 brittil\u00e4isi\u00e4 Storm Shadow -ohjuksia ven\u00e4l\u00e4iseen \u00f6ljynjalostamoon tekem\u00e4ss\u00e4\u00e4n hy\u00f6kk\u00e4yksess\u00e4.<\/p>\n<p>Ukrainan asevoimien yleisesikunta sanoo sosiaalisen median p\u00e4ivityksess\u00e4, ett\u00e4 ohjukset osuivat Novoshakhtinskin jalostamoon. Yleisesikunnan mukaan alueella kuultiin lukuisia r\u00e4j\u00e4hdyksi\u00e4.<\/p>\n<p>\u2013\u2009Ukrainan asevoimien ilmavoimien yksik\u00f6t iskiv\u00e4t onnistuneesti Ven\u00e4j\u00e4n federaation Rostovin alueella sijaitsevaan Novoshakhtinskin \u00f6ljytuotantolaitokseen ilmasta laukaistavilla Storm Shadow -risteilyohjuksilla, asevoimien p\u00e4ivityksess\u00e4 sanottiin.<\/p>\n<p>Ukrainalaismedia Kyiv Independent <a href=\"https:\/\/kyivindependent.com\/ukrainian-forces-strike-oil-refinery-in-russias-rostov-oblast-with-storm-shadow-missiles-general-staff-says\/\" rel=\"nofollow noopener\" target=\"_blank\">kertoi <\/a>torstaina, ett\u00e4 paikallisten viranomaisten mukaan iskussa ei kuollut kukaan. Yksi palomies loukkaantui palon sammuttamisen yhteydess\u00e4, ja h\u00e4net kuljetettiin jatkohoitoon sairaalaan.<\/p>\n<p>Ukraina on k\u00e4ytt\u00e4nyt brittil\u00e4isi\u00e4 ohjuksia iskuihin Ven\u00e4j\u00e4n alueella sijaitseviin kohteisiin my\u00f6s aiemmin.<\/p>\n<p>Ukrainan asevoimien mukaan Novoshakhtinskin \u00f6ljynjalostamo on yksi Etel\u00e4-Ven\u00e4j\u00e4n t\u00e4rkeimmist\u00e4 polttoainetoimittajista.<\/p>\n","protected":false},"excerpt":{"rendered":"Ukrainan asevoimat sanoo k\u00e4ytt\u00e4neens\u00e4 brittil\u00e4isi\u00e4 Storm Shadow -ohjuksia ven\u00e4l\u00e4iseen \u00f6ljynjalostamoon tekem\u00e4ss\u00e4\u00e4n hy\u00f6kk\u00e4yksess\u00e4. Ukrainan asevoimien yleisesikunta sanoo sosiaalisen median&hellip;\n","protected":false},"author":2,"featured_media":127597,"comment_status":"","ping_status":"","sticky":false,"template":"","format":"standard","meta":{"footnotes":""},"categories":[14],"tags":[804,820,22,23,124,26,27,33,31,30,17,2455,683,24,25,803,28,29,15,18,21,32,679,19,20,21377,56,16,59,60,61],"class_list":{"0":"post-127596","1":"post","2":"type-post","3":"status-publish","4":"format-standard","5":"has-post-thumbnail","7":"category-ulkomaat","8":"tag-aseelliset-konfliktit","9":"tag-aseet","10":"tag-breaking-news","11":"tag-breakingnews","12":"tag-energia-sektori","13":"tag-featured-news","14":"tag-featurednews","15":"tag-fi","16":"tag-finland","17":"tag-finnish","18":"tag-headlines","19":"tag-hengenvaara-ja-loukkaantuminen","20":"tag-kuolema","21":"tag-latest-news","22":"tag-latestnews","23":"tag-levottomuudet-ja-sodat","24":"tag-main-news","25":"tag-mainnews","26":"tag-news","27":"tag-otsikot","28":"tag-paauutiset","29":"tag-suomi","30":"tag-terveydenhuollon-toimintalaitokset","31":"tag-top-stories","32":"tag-topstories","33":"tag-ukrainan-kriisi","34":"tag-ulkomaat","35":"tag-uutiset","36":"tag-world","37":"tag-world-news","38":"tag-worldnews"},"share_on_mastodon":{"url":"","error":"Validation failed: Text character limit of 500 exceeded"},"_links":{"self":[{"href":"https:\/\/www.europesays.com\/fi\/wp-json\/wp\/v2\/posts\/127596","targetHints":{"allow":["GET"]}}],"collection":[{"href":"https:\/\/www.europesays.com\/fi\/wp-json\/wp\/v2\/posts"}],"about":[{"href":"https:\/\/www.europesays.com\/fi\/wp-json\/wp\/v2\/types\/post"}],"author":[{"embeddable":true,"href":"https:\/\/www.europesays.com\/fi\/wp-json\/wp\/v2\/users\/2"}],"replies":[{"embeddable":true,"href":"https:\/\/www.europesays.com\/fi\/wp-json\/wp\/v2\/comments?post=127596"}],"version-history":[{"count":0,"href":"https:\/\/www.europesays.com\/fi\/wp-json\/wp\/v2\/posts\/127596\/revisions"}],"wp:featuredmedia":[{"embeddable":true,"href":"https:\/\/www.europesays.com\/fi\/wp-json\/wp\/v2\/media\/127597"}],"wp:attachment":[{"href":"https:\/\/www.europesays.com\/fi\/wp-json\/wp\/v2\/media?parent=127596"}],"wp:term":[{"taxonomy":"category","embeddable":true,"href":"https:\/\/www.europesays.com\/fi\/wp-json\/wp\/v2\/categories?post=127596"},{"taxonomy":"post_tag","embeddable":true,"href":"https:\/\/www.europesays.com\/fi\/wp-json\/wp\/v2\/tags?post=127596"}],"curies":[{"name":"wp","href":"https:\/\/api.w.org\/{rel}","templated":true}]}}