{"id":127598,"date":"2025-12-28T05:47:10","date_gmt":"2025-12-28T05:47:10","guid":{"rendered":"https:\/\/www.europesays.com\/fi\/127598\/"},"modified":"2025-12-28T05:47:10","modified_gmt":"2025-12-28T05:47:10","slug":"yhdessa-kunnassa-on-suomen-riskialtteinta-ostaa-asunto-tallaista-siella-on-nyt","status":"publish","type":"post","link":"https:\/\/www.europesays.com\/fi\/127598\/","title":{"rendered":"Yhdess\u00e4 kunnassa on Suomen riskialtteinta ostaa asunto: T\u00e4llaista siell\u00e4 on nyt"},"content":{"rendered":"<p>Kiinteist\u00f6nv\u00e4litt\u00e4j\u00e4 my\u00f6nt\u00e4\u00e4, ett\u00e4 asunnon myyminen Pyh\u00e4j\u00e4rvell\u00e4 on vaikeaa.<\/p>\n<p><img decoding=\"async\" class=\"image image-show image-preview\" src=\"https:\/\/www.europesays.com\/fi\/wp-content\/uploads\/2025\/12\/c9389a71a866a484ade71805e3d12911e95e0d472f429b37576cce6d8f97b496.jpg\" alt=\"\"\/><img decoding=\"async\" class=\"image image-show\" src=\"https:\/\/www.europesays.com\/fi\/wp-content\/uploads\/2025\/12\/1766900830_892_c9389a71a866a484ade71805e3d12911e95e0d472f429b37576cce6d8f97b496.jpg\" alt=\"\"\/><\/p>\n<p>Pyh\u00e4j\u00e4rvi saattaa k\u00e4rsi\u00e4 investointien puutteesta, mik\u00e4 vaikuttaa asuntokauppaan. ISMO PEKKARINEN\/AOP<\/p>\n<p class=\"paragraph\">T\u00e4n\u00e4 vuonna Hypon <a href=\"https:\/\/www.iltalehti.fi\/asumisartikkelit\/03cdf7ac-04ab-4228-b151-cefb389bc8c4\" rel=\"nofollow noopener\" target=\"_blank\">asuntoluottovertailussa<\/a> surkeimmin p\u00e4rj\u00e4si Pyh\u00e4j\u00e4rven kunta. Muuttotappioiden ja ik\u00e4\u00e4ntyv\u00e4n v\u00e4est\u00f6n takia kunnan tulevaisuudenn\u00e4kymist\u00e4 ollaan huolissaan.<\/p>\n<p class=\"paragraph\">Pohjois-Pohjanmaalla sijaitseva kunta on kahden suuren tien riste\u00e4miskohdassa, mutta moni ulkopuolinen pit\u00e4\u00e4 sit\u00e4 vain pikaisena pys\u00e4hdyspaikkana. Kuka Pyh\u00e4j\u00e4rvell\u00e4 haluaa asua ja mill\u00e4 hinnalla?<\/p>\n<p>Asuntoja pilkkahintaan<\/p>\n<p class=\"paragraph\">Pyh\u00e4j\u00e4rven kunta ei taloudellisten riskitekij\u00f6idens\u00e4 takia houkuttele asuntosijoittajia. Asunnon myyminen Pyh\u00e4j\u00e4rvell\u00e4 on vaikeaa, ja paikoin niit\u00e4 joudutaan myym\u00e4\u00e4n roimasti alle markkinahinnan.<\/p>\n<p class=\"paragraph\">Kiinteist\u00f6v\u00e4litt\u00e4j\u00e4 <strong>Sakari Myllyneva<\/strong> n\u00e4kee asuntojen alihinnoittelun negatiivisena asiana.<\/p>\n<p class=\"paragraph\">\u2013 Pyh\u00e4j\u00e4rve\u00e4 ymp\u00e4r\u00f6iviss\u00e4 kunnissa asuntojen kysynt\u00e4 on ihan eri tasolla, koska siell\u00e4 investoidaan teollisuuteen enemm\u00e4n, Myllyneva avaa syit\u00e4 asuntomarkkinakriisiin.<\/p>\n<p class=\"paragraph\">Hypo-luottoluokitus luokittelee kuntia asteikolla AAA\u2013D, joista paras on AAA. Pyh\u00e4j\u00e4rven luokitus on CC: kolmanneksi huonoin mahdollinen. Sen ymp\u00e4ryskunnista suurin osa on saanut luokituksekseen kaksi pyk\u00e4l\u00e4\u00e4 korkeamman B:n.<\/p>\n<p class=\"paragraph\">Myllyneva kertoo, ett\u00e4 Pyh\u00e4j\u00e4rven suurempien hankkeiden puute saattaa ajaa investoijat suosimaan sen ymp\u00e4ryskuntia entisest\u00e4\u00e4n.<\/p>\n<p class=\"paragraph\">\u2013 L\u00e4hikunnissa, miss\u00e4 tekniikkaan investoidaan, ovat asuntojen hinnat kohdillaan ja kysynt\u00e4 hyv\u00e4\u00e4, Myllyneva vertaa.<\/p>\n<p class=\"paragraph\">Suurempien investointien puutteessa ratkaisuja l\u00f6ytyy ruohonjuuritasolla<\/p>\n<p class=\"paragraph\">Huonosta luottoluokituksesta huolimatta kunnan asukkaat n\u00e4kev\u00e4t tilanteessaan toivoa ja mahdollisuuden kehitt\u00e4\u00e4 kotikuntaansa.<\/p>\n<p class=\"paragraph\">\u2013 V\u00e4hemm\u00e4n politikointia ja enemm\u00e4n tekemist\u00e4, tiivist\u00e4\u00e4 paikallinen yritt\u00e4j\u00e4 <strong>Maarit Halonen.<\/strong><\/p>\n<p class=\"paragraph\">Halonen kertoo, ett\u00e4 Pyh\u00e4j\u00e4rvell\u00e4 yhteis\u00f6n vahvuus piilee yritt\u00e4jien tiiviiss\u00e4 yhteisty\u00f6ss\u00e4. Tiivis kyl\u00e4yhteis\u00f6 ja luonnonl\u00e4heisyys ovat monen syrj\u00e4seudulla sijaitsevan pienen kyl\u00e4n vahvuuksia, eik\u00e4 Pyh\u00e4j\u00e4rvi ole t\u00e4ss\u00e4 poikkeus.<\/p>\n<p class=\"paragraph\">\u2013 Teollisuusty\u00f6paikkoja ei v\u00e4ltt\u00e4m\u00e4tt\u00e4 paljoa ole, mutta monenlaista muuta pystyy kyll\u00e4 tekem\u00e4\u00e4n. On luontoa ja harrastusmahdollisuuksia, joten muuta el\u00e4m\u00e4\u00e4 on helppo py\u00f6ritt\u00e4\u00e4, kertoo Halonen Pyh\u00e4j\u00e4rven hyvist\u00e4 puolista.<\/p>\n","protected":false},"excerpt":{"rendered":"Kiinteist\u00f6nv\u00e4litt\u00e4j\u00e4 my\u00f6nt\u00e4\u00e4, ett\u00e4 asunnon myyminen Pyh\u00e4j\u00e4rvell\u00e4 on vaikeaa. Pyh\u00e4j\u00e4rvi saattaa k\u00e4rsi\u00e4 investointien puutteesta, mik\u00e4 vaikuttaa asuntokauppaan. ISMO PEKKARINEN\/AOP&hellip;\n","protected":false},"author":2,"featured_media":127599,"comment_status":"","ping_status":"","sticky":false,"template":"","format":"standard","meta":{"footnotes":""},"categories":[12],"tags":[35,36,542,11279,22,23,26,27,33,31,30,17,3081,24,25,28,29,15,18,21,544,32,19,20,16],"class_list":{"0":"post-127598","1":"post","2":"type-post","3":"status-publish","4":"format-standard","5":"has-post-thumbnail","7":"category-suomi","8":"tag-24h","9":"tag-asuintalot-ja-asunnot","10":"tag-asuminen","11":"tag-asunto-ja-kiinteistokauppa","12":"tag-breaking-news","13":"tag-breakingnews","14":"tag-featured-news","15":"tag-featurednews","16":"tag-fi","17":"tag-finland","18":"tag-finnish","19":"tag-headlines","20":"tag-kiinteistot","21":"tag-latest-news","22":"tag-latestnews","23":"tag-main-news","24":"tag-mainnews","25":"tag-news","26":"tag-otsikot","27":"tag-paauutiset","28":"tag-rahoitus-ja-kiinteistoala-sektori","29":"tag-suomi","30":"tag-top-stories","31":"tag-topstories","32":"tag-uutiset"},"share_on_mastodon":{"url":"https:\/\/pubeurope.com\/@fi\/115795620439211273","error":""},"_links":{"self":[{"href":"https:\/\/www.europesays.com\/fi\/wp-json\/wp\/v2\/posts\/127598","targetHints":{"allow":["GET"]}}],"collection":[{"href":"https:\/\/www.europesays.com\/fi\/wp-json\/wp\/v2\/posts"}],"about":[{"href":"https:\/\/www.europesays.com\/fi\/wp-json\/wp\/v2\/types\/post"}],"author":[{"embeddable":true,"href":"https:\/\/www.europesays.com\/fi\/wp-json\/wp\/v2\/users\/2"}],"replies":[{"embeddable":true,"href":"https:\/\/www.europesays.com\/fi\/wp-json\/wp\/v2\/comments?post=127598"}],"version-history":[{"count":0,"href":"https:\/\/www.europesays.com\/fi\/wp-json\/wp\/v2\/posts\/127598\/revisions"}],"wp:featuredmedia":[{"embeddable":true,"href":"https:\/\/www.europesays.com\/fi\/wp-json\/wp\/v2\/media\/127599"}],"wp:attachment":[{"href":"https:\/\/www.europesays.com\/fi\/wp-json\/wp\/v2\/media?parent=127598"}],"wp:term":[{"taxonomy":"category","embeddable":true,"href":"https:\/\/www.europesays.com\/fi\/wp-json\/wp\/v2\/categories?post=127598"},{"taxonomy":"post_tag","embeddable":true,"href":"https:\/\/www.europesays.com\/fi\/wp-json\/wp\/v2\/tags?post=127598"}],"curies":[{"name":"wp","href":"https:\/\/api.w.org\/{rel}","templated":true}]}}