{"id":127630,"date":"2025-12-28T06:39:08","date_gmt":"2025-12-28T06:39:08","guid":{"rendered":"https:\/\/www.europesays.com\/fi\/127630\/"},"modified":"2025-12-28T06:39:08","modified_gmt":"2025-12-28T06:39:08","slug":"ryntays-jatkuu-1300-ihmista-muutti-kalasatamaan-paikalliset","status":"publish","type":"post","link":"https:\/\/www.europesays.com\/fi\/127630\/","title":{"rendered":"Rynt\u00e4ys jatkuu: 1300 ihmist\u00e4 muutti Kalasatamaan | Paikalliset"},"content":{"rendered":"<p>Kalasatama kasvaa edelleen vauhdilla. Kaupungin mukaan alueelle muutti viime vuonna yli 1300 asukasta, kun Verkkosaaren ja Nihdin alueelle valmistui yhteens\u00e4 noin 730 uutta asuntoa. Samalla Kalasatamaan syntyi arviolta 1\u202f000 uutta ty\u00f6paikkaa.<\/p>\n<p>Verkkosaaren pohjoisosaan valmistui niin omistus-, vuokra- kuin asumisoikeusasuntoja<\/p>\n<p>Alkuvuodesta valmistui 23 asunnon ryhm\u00e4rakennuttamishanke Asunto Oy Helsingin Merihein\u00e4 Verkkosaarenkadulla. Helmikuussa valmistui kaupungin oman asuntotuotannon kohde HASO Hermannin rantatie 25, joka tarjosi 79 uutta asumisoikeusasuntoa<\/p>\n<p>Hekalle valmistui 166 vuokra-asuntoa.<\/p>\n<p>\t\t<a class=\"diks-gallery__link\" href=\"https:\/\/i.media.fi\/incoming\/48bqn4\/10861110.jpg\/alternates\/FREE_1440\/10861110.jpg\" data-thumbnail=\"\" data-sub-html=\"Bisoubisou-ravintola on Horisontin 24. kerroksessa. Jaakko Sandqvist \/ Avec Media\" aria-label=\"Katso isompi kuva\" rel=\"nofollow noopener\" target=\"_blank\"><br \/>\n\t\t\t\t<img class=\"diks-figure__image\" src=\"https:\/\/www.europesays.com\/fi\/wp-content\/uploads\/2025\/12\/10861110.jpg\" loading=\"lazy\" decoding=\"sync\" alt=\"\"\/><\/p>\n<p>\t\t\t<\/a><br \/>\n\t\t\t\t\tBisoubisou-ravintola on Horisontin 24. kerroksessa. Jaakko Sandqvist \/ Avec Media<\/p>\n<p>Eniten huomiota on her\u00e4tt\u00e4nyt 26-kerroksisen Horisontin valmistuminen Redin kauppakeskuksen viereen. Horisontissa on toimistoja ja n\u00e4k\u00f6alaravintola 24. kerroksessa.<\/p>\n<p>SRV:n kokonaisuuteen kuuluvat loput kolme asuintornia on tarkoitus toteuttaa 2020-luvun loppuun menness\u00e4, kaupunki kertoo.<\/p>\n<p>Nihdin ensimm\u00e4iset asuintalot valmistuivat vuonna 2024. Alueella on vuoden 2025 aikana k\u00e4ynnistynyt kolme uutta rakennushanketta, ja seuraavien vuosien aikana Nihtiin nousee lis\u00e4\u00e4 asuntoja useilta rakennuttajilta.<\/p>\n","protected":false},"excerpt":{"rendered":"Kalasatama kasvaa edelleen vauhdilla. Kaupungin mukaan alueelle muutti viime vuonna yli 1300 asukasta, kun Verkkosaaren ja Nihdin alueelle&hellip;\n","protected":false},"author":2,"featured_media":127631,"comment_status":"","ping_status":"","sticky":false,"template":"","format":"standard","meta":{"footnotes":""},"categories":[12],"tags":[36,542,22,23,26,27,33,31,30,17,104,3081,24,25,28,29,15,18,21,544,402,32,822,19,20,16],"class_list":{"0":"post-127630","1":"post","2":"type-post","3":"status-publish","4":"format-standard","5":"has-post-thumbnail","7":"category-suomi","8":"tag-asuintalot-ja-asunnot","9":"tag-asuminen","10":"tag-breaking-news","11":"tag-breakingnews","12":"tag-featured-news","13":"tag-featurednews","14":"tag-fi","15":"tag-finland","16":"tag-finnish","17":"tag-headlines","18":"tag-helsinki","19":"tag-kiinteistot","20":"tag-latest-news","21":"tag-latestnews","22":"tag-main-news","23":"tag-mainnews","24":"tag-news","25":"tag-otsikot","26":"tag-paauutiset","27":"tag-rahoitus-ja-kiinteistoala-sektori","28":"tag-rakentaminen-kiinteistot","29":"tag-suomi","30":"tag-teollisuustuotteet-ja-palvelut-sektori","31":"tag-top-stories","32":"tag-topstories","33":"tag-uutiset"},"share_on_mastodon":{"url":"https:\/\/pubeurope.com\/@fi\/115795824903827388","error":""},"_links":{"self":[{"href":"https:\/\/www.europesays.com\/fi\/wp-json\/wp\/v2\/posts\/127630","targetHints":{"allow":["GET"]}}],"collection":[{"href":"https:\/\/www.europesays.com\/fi\/wp-json\/wp\/v2\/posts"}],"about":[{"href":"https:\/\/www.europesays.com\/fi\/wp-json\/wp\/v2\/types\/post"}],"author":[{"embeddable":true,"href":"https:\/\/www.europesays.com\/fi\/wp-json\/wp\/v2\/users\/2"}],"replies":[{"embeddable":true,"href":"https:\/\/www.europesays.com\/fi\/wp-json\/wp\/v2\/comments?post=127630"}],"version-history":[{"count":0,"href":"https:\/\/www.europesays.com\/fi\/wp-json\/wp\/v2\/posts\/127630\/revisions"}],"wp:featuredmedia":[{"embeddable":true,"href":"https:\/\/www.europesays.com\/fi\/wp-json\/wp\/v2\/media\/127631"}],"wp:attachment":[{"href":"https:\/\/www.europesays.com\/fi\/wp-json\/wp\/v2\/media?parent=127630"}],"wp:term":[{"taxonomy":"category","embeddable":true,"href":"https:\/\/www.europesays.com\/fi\/wp-json\/wp\/v2\/categories?post=127630"},{"taxonomy":"post_tag","embeddable":true,"href":"https:\/\/www.europesays.com\/fi\/wp-json\/wp\/v2\/tags?post=127630"}],"curies":[{"name":"wp","href":"https:\/\/api.w.org\/{rel}","templated":true}]}}