{"id":127636,"date":"2025-12-28T06:55:08","date_gmt":"2025-12-28T06:55:08","guid":{"rendered":"https:\/\/www.europesays.com\/fi\/127636\/"},"modified":"2025-12-28T06:55:08","modified_gmt":"2025-12-28T06:55:08","slug":"aikuisen-ei-tarvitse-olla-ohjelmatoimisto-sanoo-televisiosta-supernannyna-tunnettu-pia-penttala-keski-suomi","status":"publish","type":"post","link":"https:\/\/www.europesays.com\/fi\/127636\/","title":{"rendered":"&#8221;Aikuisen ei tarvitse olla ohjelmatoimisto&#8221;, sanoo televisiosta Supernannyna tunnettu Pia Penttala | Keski-Suomi"},"content":{"rendered":"<p>Televisiosta Supernannyna tutuksi tullut psykoterapeutti <strong>Pia Penttala<\/strong> korostaa ty\u00f6ss\u00e4\u00e4n, ett\u00e4 perheiss\u00e4 keskitytt\u00e4isiin perusasioihin.<\/p>\n<p>\u2013\u2009Jokaisessa lapsiperheess\u00e4 on samanlaisia haasteita. Perheet ovat samanlaisia joka paikassa, Penttala sanoi vieraillessaan aiemmin joulukuussa Karstulassa.<\/p>\n<p>\u2013\u2009T\u00e4m\u00e4n p\u00e4iv\u00e4n vanhemmuudessa ei ole luurankoja kaapissa. Nykyp\u00e4iv\u00e4n\u00e4 suomalainen perhe on my\u00f6s eurooppalainen perhe, jossa ymm\u00e4rret\u00e4\u00e4n erilaisuutta.<\/p>\n<p>Penttala kuvaili perusasioista puhuessaan tavallisuutta, avoimuutta ja maalaisj\u00e4rkisyytt\u00e4.<\/p>\n","protected":false},"excerpt":{"rendered":"Televisiosta Supernannyna tutuksi tullut psykoterapeutti Pia Penttala korostaa ty\u00f6ss\u00e4\u00e4n, ett\u00e4 perheiss\u00e4 keskitytt\u00e4isiin perusasioihin. \u2013\u2009Jokaisessa lapsiperheess\u00e4 on samanlaisia haasteita.&hellip;\n","protected":false},"author":2,"featured_media":127637,"comment_status":"","ping_status":"","sticky":false,"template":"","format":"standard","meta":{"footnotes":""},"categories":[133],"tags":[137,33,31,30,4506,1616,32,1247,206,156,109],"class_list":{"0":"post-127636","1":"post","2":"type-post","3":"status-publish","4":"format-standard","5":"has-post-thumbnail","7":"category-televisiot","8":"tag-entertainment","9":"tag-fi","10":"tag-finland","11":"tag-finnish","12":"tag-karstula","13":"tag-media-viestinta","14":"tag-suomi","15":"tag-televisio","16":"tag-televisiot","17":"tag-tv","18":"tag-viihde"},"share_on_mastodon":{"url":"https:\/\/pubeurope.com\/@fi\/115795887606231793","error":""},"_links":{"self":[{"href":"https:\/\/www.europesays.com\/fi\/wp-json\/wp\/v2\/posts\/127636","targetHints":{"allow":["GET"]}}],"collection":[{"href":"https:\/\/www.europesays.com\/fi\/wp-json\/wp\/v2\/posts"}],"about":[{"href":"https:\/\/www.europesays.com\/fi\/wp-json\/wp\/v2\/types\/post"}],"author":[{"embeddable":true,"href":"https:\/\/www.europesays.com\/fi\/wp-json\/wp\/v2\/users\/2"}],"replies":[{"embeddable":true,"href":"https:\/\/www.europesays.com\/fi\/wp-json\/wp\/v2\/comments?post=127636"}],"version-history":[{"count":0,"href":"https:\/\/www.europesays.com\/fi\/wp-json\/wp\/v2\/posts\/127636\/revisions"}],"wp:featuredmedia":[{"embeddable":true,"href":"https:\/\/www.europesays.com\/fi\/wp-json\/wp\/v2\/media\/127637"}],"wp:attachment":[{"href":"https:\/\/www.europesays.com\/fi\/wp-json\/wp\/v2\/media?parent=127636"}],"wp:term":[{"taxonomy":"category","embeddable":true,"href":"https:\/\/www.europesays.com\/fi\/wp-json\/wp\/v2\/categories?post=127636"},{"taxonomy":"post_tag","embeddable":true,"href":"https:\/\/www.europesays.com\/fi\/wp-json\/wp\/v2\/tags?post=127636"}],"curies":[{"name":"wp","href":"https:\/\/api.w.org\/{rel}","templated":true}]}}