{"id":127648,"date":"2025-12-28T07:06:11","date_gmt":"2025-12-28T07:06:11","guid":{"rendered":"https:\/\/www.europesays.com\/fi\/127648\/"},"modified":"2025-12-28T07:06:11","modified_gmt":"2025-12-28T07:06:11","slug":"oikeuskansleri-toivottavasti-opetus-ja-kulttuuriministerio-arvioi-omaa-toimintaansa-virkanimityksissa-politiikka","status":"publish","type":"post","link":"https:\/\/www.europesays.com\/fi\/127648\/","title":{"rendered":"Oikeuskansleri: Toivottavasti opetus- ja kult\u00adtuu\u00adri\u00adminis\u00adte\u00adri\u00ad\u00f6 arvioi omaa toimintaansa vir\u00adka\u00adni\u00admi\u00adtyk\u00adsis\u00ads\u00e4 | Politiikka"},"content":{"rendered":"<ul class=\"aw-1jjocuh iJTSwP yle__article__list yle__article__list--ul\">\n<li class=\"aw-1j7gwms gNYKfi\">Oikeuskansleri Janne Salminen pit\u00e4\u00e4 poikkeuksellisena, ett\u00e4 joihinkin hallituksen virkanimityksiin joudutaan puuttumaan toistuvasti.<\/li>\n<li class=\"aw-1j7gwms gNYKfi\">Oikeuskanslerinviraston mukaan t\u00e4n\u00e4 vuonna kahdessa opetus- ja kulttuuriministeri\u00f6n ylijohtajan nimitysvalmistelussa ykk\u00f6sehdokkaiden ansioita ei perusteltu riitt\u00e4v\u00e4sti.<\/li>\n<li class=\"aw-1j7gwms gNYKfi\">Salminen harkitsisi, tulisiko viranhakijoiden oikeusturvan parantamiseksi valitusoikeutta laajentaa ylimpiin virkoihin.<\/li>\n<\/ul>\n<p class=\"aw-1gybjub aw-1p7kakr kEtdKx cEmitX yle__article__paragraph\">Oikeuskanslerin ty\u00f6huone on arvovaltaisella paikalla valtioneuvoston linnassa. Ikkunoista on n\u00e4kym\u00e4 Senaatintorille, yliopistolle ja tuomiokirkolle.<\/p>\n<p class=\"aw-1gybjub aw-1p7kakr kEtdKx cEmitX yle__article__paragraph\">Ty\u00f6huone on my\u00f6s n\u00e4k\u00f6alapaikka hallituksen lakiesityksiin ja virkanimityksiin. Oikeuskansleri vastaa hallituksen toimien laillisuusvalvonnasta \u2013 siis siit\u00e4, ett\u00e4 ratkaisut ovat lakien mukaisia. Oikeuskansleri ei voi kuitenkaan est\u00e4\u00e4 p\u00e4\u00e4t\u00f6ksentekoa.<\/p>\n<p class=\"aw-1gybjub aw-1p7kakr kEtdKx cEmitX yle__article__paragraph\">Kolme hallituksen kes\u00e4n ja syksyn aikana tekem\u00e4\u00e4 virkanimityst\u00e4 on her\u00e4tt\u00e4nyt ep\u00e4ilyj\u00e4 poliittisesta nimityksest\u00e4 tai yrityksest\u00e4 siihen \u2013 termin kielteisess\u00e4 merkityksess\u00e4.<\/p>\n<p class=\"aw-1gybjub aw-1p7kakr kEtdKx cEmitX yle__article__paragraph\">Nyt oikeuskansleri <strong class=\"aw-ak79eh KyCXm yle__article__strong\">Janne Salminen<\/strong> kertoo Ylen haastattelussa n\u00e4kemyksens\u00e4 virkanimityksist\u00e4.<\/p>\n<p class=\"aw-1gybjub aw-1p7kakr kEtdKx cEmitX yle__article__paragraph\">Salminen pit\u00e4\u00e4 poikkeuksellisena sit\u00e4, ett\u00e4 oikeuskansleri joutuu puuttumaan yksitt\u00e4iseen virkanimitykseen toistuvasti.<\/p>\n<p class=\"aw-1gybjub aw-1p7kakr kEtdKx cEmitX yle__article__paragraph\">\u2013 Se, ett\u00e4 n\u00e4ihin nimityksiin puututaan oikeuskanslerin ennakollisessa laillisuusvalvonnassa, ei sin\u00e4ns\u00e4 ole poikkeuksellista. Poikkeuksellista on se, ett\u00e4 johonkin yksitt\u00e4iseen asiaan puututaan useampaan otteeseen.<\/p>\n<p>Oikeuskansleri Janne Salminen pit\u00e4\u00e4 poikkeuksellisena, jos oikeuskansleri joutuu useampaan otteeseen puuttumaan samaan valtioneuvoston virkanimitykseen. <\/p>\n<p class=\"aw-1gybjub aw-1p7kakr kEtdKx cEmitX yle__article__paragraph\">N\u00e4in k\u00e4vi esimerkiksi opetus- ja kulttuuriministeri\u00f6lle (OKM) kuuluvan <a class=\"aw-iao6s4 iHOxEa yle__article__link\" href=\"https:\/\/yle.fi\/a\/74-20196377\" role=\"link\" rel=\"nofollow noopener\" target=\"_blank\">taide- ja kulttuuripolitiikan ylijohtajan nimityksess\u00e4<\/a>, jonka Janne Salminen sai tuoreena laillisuusvalvojana p\u00f6yd\u00e4lleen.<\/p>\n<p class=\"aw-1gybjub aw-1p7kakr kEtdKx cEmitX yle__article__paragraph\">Oikeuskanslerinvirasto joutui useampaan otteeseen puuttumaan valmisteluun ja siihen, miten nimitett\u00e4v\u00e4n p\u00e4tevyytt\u00e4 perusteltiin puutteellisesti verrattuna muihin hakijoihin.<\/p>\n<p>N\u00e4m\u00e4 nimitykset ovat her\u00e4tt\u00e4neet arvostelua<\/p>\n<ul class=\"aw-1jjocuh iJTSwP yle__article__list yle__article__list--ul\">\n<li class=\"aw-1j7gwms gNYKfi\">Ensin RKP:n ministeri ajoi puolueen entist\u00e4 poliittista valtiosihteeri\u00e4 opetus- ja kulttuuriministeri\u00f6n ylijohtajaksi nuoriso- ja liikuntapolitiikan osaston johtoon. Nimitysyrityksest\u00e4 ovat kertoneet tarkemmin <a class=\"aw-iao6s4 iHOxEa yle__article__link\" href=\"https:\/\/www.hbl.fi\/2025-05-10\/hbls-uppgifter-kronobydirektor-var-klar-for-topptjanst-nobbades\/\" role=\"link\" rel=\"nofollow noopener\" target=\"_blank\">Hufvudstadsbladet<\/a> ja<a class=\"aw-iao6s4 iHOxEa yle__article__link\" href=\"https:\/\/www.hs.fi\/politiikka\/art-2000011269228.html\" role=\"link\" rel=\"nofollow noopener\" target=\"_blank\"> Helsingin Sanomat<\/a>.<\/li>\n<li class=\"aw-1j7gwms gNYKfi\">Oikeuskansleri puuttui nimitykseen, koska hakijoiden p\u00e4tevyytt\u00e4 ei oltu riitt\u00e4v\u00e4sti huomioitu ja vertailtu. Ministeri <strong class=\"aw-ak79eh KyCXm yle__article__strong\">Sandra Bergqvist<\/strong> vaihtoi ehdokasta ja nimitys toteutui p\u00e4iv\u00e4\u00e4 ennen kuin liikunta-, urheilu- ja nuorisoministerin pesti siirtyi kristillisdemokraateille.<\/li>\n<li class=\"aw-1j7gwms gNYKfi\">Sitten kokoomusministeri <strong class=\"aw-ak79eh KyCXm yle__article__strong\">Anna-Kaisa Ikonen<\/strong> <a class=\"aw-iao6s4 iHOxEa yle__article__link\" href=\"https:\/\/yle.fi\/a\/74-20170456\" role=\"link\" rel=\"nofollow noopener\" target=\"_blank\">nosti kokoomuslaisen peruskoulun rehtorin<\/a> valtiovarainministeri\u00f6n kunta- ja alueosaston p\u00e4\u00e4llik\u00f6ksi ohi kokeneiden kunnanjohtajien ja vt. osastop\u00e4\u00e4llik\u00f6n.<\/li>\n<li class=\"aw-1j7gwms gNYKfi\">Nelj\u00e4 viikkoa sitten kokoomusministeri <strong class=\"aw-ak79eh KyCXm yle__article__strong\">Mari-Leena Talvitie<\/strong> valitsi opetus- ja kulttuuriministeri\u00f6n taide- ja kulttuuripolitiikan <a class=\"aw-iao6s4 iHOxEa yle__article__link\" href=\"https:\/\/yle.fi\/a\/74-20196377\" role=\"link\" rel=\"nofollow noopener\" target=\"_blank\">ylijohtajaksi kokoomustaustaisen kirkollisen johtajan<\/a>. Oikeuskansleri puuttui esitysluonnokseen useampaan otteeseen ennen kuin salli vied\u00e4 nimityksen valtioneuvoston istuntoon.<\/li>\n<\/ul>\n<p>OKM:n ylijohtajien nimityksiss\u00e4 oli poikkeuksellisia k\u00e4\u00e4nteit\u00e4<\/p>\n<p class=\"aw-1gybjub aw-1p7kakr kEtdKx cEmitX yle__article__paragraph\">Ensimm\u00e4isen OKM:n nimityksen kohdalla <a class=\"aw-iao6s4 iHOxEa yle__article__link\" href=\"https:\/\/yle.fi\/a\/74-20187105\" role=\"link\" rel=\"nofollow noopener\" target=\"_blank\">ministeri vaihtoi ehdokastaan<\/a> sen j\u00e4lkeen, kun nimitysesitys oli jo valtioneuvoston listalla ja silloinen oikeuskansleri <strong class=\"aw-ak79eh KyCXm yle__article__strong\">Tuomas P\u00f6ysti<\/strong> puuttui siihen.<\/p>\n<p class=\"aw-1gybjub aw-1p7kakr kEtdKx cEmitX yle__article__paragraph\">Toisen nimityksen kohdalla <a class=\"aw-iao6s4 iHOxEa yle__article__link\" href=\"https:\/\/yle.fi\/a\/74-20196377\" role=\"link\" rel=\"nofollow noopener\" target=\"_blank\">valmistelu siirrettiin poikkeuksellisesti<\/a> hallinto-osastolta suoraan opetus- ja kulttuuriministeri\u00f6n kansliap\u00e4\u00e4llik\u00f6n alaisuuteen.<\/p>\n<p class=\"aw-1gybjub aw-1p7kakr kEtdKx cEmitX yle__article__paragraph\">Ovatko t\u00e4m\u00e4n tyyppiset ratkaisut normaaleja nimitysprosesseja?<\/p>\n<p class=\"aw-1gybjub aw-1p7kakr kEtdKx cEmitX yle__article__paragraph\">\u2013 No, eiv\u00e4th\u00e4n ne tietenk\u00e4\u00e4n mitenk\u00e4\u00e4n tavoiteltavia ole. Mutta n\u00e4inkin voi tapahtua.<\/p>\n<p>Oikeuskansleri: Toivottavasti OKM arvioi itse toimintaansa<\/p>\n<p class=\"aw-1gybjub aw-1p7kakr kEtdKx cEmitX yle__article__paragraph\">Oikeuskansleri ei kuitenkaan l\u00e4hde v\u00e4itt\u00e4m\u00e4\u00e4n julkisuudessa arvosteltuja opetus- ja kulttuuriministeri\u00f6n nimityksi\u00e4 kielteisess\u00e4 mieless\u00e4 poliittisiksi virkanimityksiksi.<\/p>\n<p class=\"aw-1gybjub aw-1p7kakr kEtdKx cEmitX yle__article__paragraph\">Janne Salminen kuitenkin toivoo, ett\u00e4 arvosteltu opetus- ja kulttuuriministeri\u00f6 arvioisi omaa toimintaansa virkanimityksiss\u00e4.<\/p>\n<p class=\"aw-1gybjub aw-1p7kakr kEtdKx cEmitX yle__article__paragraph\">Voiko kes\u00e4n ja syksyn perusteella sanoa, ett\u00e4 opetus- ja kulttuuriministeri\u00f6ll\u00e4 olisi parantamisen varaa omassa nimitysvalmistelussaan?<\/p>\n<p class=\"aw-1gybjub aw-1p7kakr kEtdKx cEmitX yle__article__paragraph\">\u2013 Joku muu voi sanoa, mutta ei ole varsinaisesti oikeuskanslerin asia. Aina on parantamisen varaa. Ministeri\u00f6 toivottavasti my\u00f6s itse arvioi omaa toimintaansa. T\u00e4\u00e4lt\u00e4 ei arvosanoja anneta kenellek\u00e4\u00e4n.<\/p>\n<p><img decoding=\"async\" alt=\"Janne Salminen, oikeuskansleri, istuu ty\u00f6huoneellaan.\" src=\"https:\/\/www.europesays.com\/fi\/wp-content\/uploads\/2025\/12\/39-1569050693c25e00f3b4.jpeg\" loading=\"lazy\" class=\"aw-1l9m598 hKVVvP\"\/><\/p>\n<p>Avaa kuvien katselu<\/p>\n<p>Oikeuskansleri ei ohjeista, keit\u00e4 virkoihin voidaan esitt\u00e4\u00e4. Virasto huolehtii, ett\u00e4 nimitykset tehd\u00e4\u00e4n esimerkiksi kelpoisuusvaatimusten ja ansioiden vertailun osalta laillisesti. Kuva: Thomas Hagstr\u00f6m \/ YleS\u00e4hk\u00f6postit kieliv\u00e4t suorasanaisesta palautteesta ministeri\u00f6lle<\/p>\n<p class=\"aw-1gybjub aw-1p7kakr kEtdKx cEmitX yle__article__paragraph\">Oikeuskansleri on virkansa puolesta haastattelussa pid\u00e4ttyv\u00e4inen, mutta Ylen saamat oikeuskanslerinviraston viestit opetus- ja kulttuuriministeri\u00f6n virkahenkil\u00f6ille ovat selv\u00e4kielist\u00e4 teksti\u00e4.<\/p>\n<p class=\"aw-1gybjub aw-1p7kakr kEtdKx cEmitX yle__article__paragraph\">Oikeuskanslerinvirasto huomautti toisessa tapauksessa nimitysmuistion puutteista kuudella eri s\u00e4hk\u00f6postilla, joistakin asioista toistuvasti.<\/p>\n<p class=\"aw-1gybjub aw-1p7kakr kEtdKx cEmitX yle__article__paragraph\">Kun OKM:n nimityksi\u00e4 valmisteltiin, muistioluonnokset k\u00e4viv\u00e4t oikeuskanslerin laillisuusvalvonnassa ennen valtioneuvoston istuntoa. Oikeuskanslerinvirasto ei ollut valmistelupapereiden perusteella vakuuttunut, ett\u00e4 virkoihin oltiin nimitt\u00e4m\u00e4ss\u00e4 ansioituneimpia hakijoita, tai ett\u00e4 nimitysmuistiot olisivat antaneet oikean kuvan valittavaksi esitettyjen ansioista.<\/p>\n<p>N\u00e4in oikeuskanslerinvirasto moitti nimitysvalmisteluja<\/p>\n<p class=\"aw-1gybjub aw-1p7kakr kEtdKx cEmitX yle__article__paragraph\"><strong class=\"aw-ak79eh KyCXm yle__article__strong\">Oikeuskanslerinviraston kommentteja Sandra Bergqvistin ensimm\u00e4isen, valitsematta j\u00e4\u00e4neen ehdokkaan nimitysmuistioluonnoksiin. Oikeuskanslerinvirasto kehotti lopulta poistamaan nimityksen valtioneuvoston istunnosta.<\/strong><\/p>\n<p class=\"aw-1gybjub aw-1p7kakr kEtdKx cEmitX yle__article__paragraph\">\u201dNimitysmuistiossa j\u00e4\u00e4 edell\u00e4 mainituista syist\u00e4 viel\u00e4 avoimeksi, mist\u00e4 syyst\u00e4 virkaan nyt esitet\u00e4\u00e4n nimitett\u00e4v\u00e4ksi henkil\u00f6\u00e4, jonka johtamiskokemus on v\u00e4h\u00e4isemp\u00e4\u00e4, osin jopa huomattavasti v\u00e4h\u00e4isemp\u00e4\u00e4, kuin haastatteluun valituilla ansioituneimmilla kilpahakijoilla.\u201d<\/p>\n<p class=\"aw-1gybjub aw-1p7kakr kEtdKx cEmitX yle__article__paragraph\">\u201d&#8230;eik\u00e4 esittelyasiakirjojen perusteella voi vakuuttua siit\u00e4, ett\u00e4 nimitysharkintaa k\u00e4ytett\u00e4isiin lain ja erityisesti hyv\u00e4n hallinnon periaatteiden mukaisesti niin, ett\u00e4 nimitett\u00e4v\u00e4ksi esitett\u00e4isiin teht\u00e4v\u00e4n menestyksellisen hoitamisen ja kelpoisuusvaatimusten objektiivisen soveltamisen valossa ansioitunein henkil\u00f6.\u201d<\/p>\n<p class=\"aw-1gybjub aw-1p7kakr kEtdKx cEmitX yle__article__paragraph\"><strong class=\"aw-ak79eh KyCXm yle__article__strong\">Oikeuskanslerinviraston kommentteja valtioneuvoston nimitt\u00e4m\u00e4n, Mari-Leena Talvitien ehdokkaan esittelymuistioluonnoksiin:<\/strong><\/p>\n<p class=\"aw-1gybjub aw-1p7kakr kEtdKx cEmitX yle__article__paragraph\">\u201dMinisteri\u00f6ss\u00e4 harkittava kysymys on, onko virkaan nimitett\u00e4v\u00e4ksi ehdotetulla riitt\u00e4v\u00e4sti t\u00e4ytett\u00e4v\u00e4n\u00e4 olevan viran teht\u00e4v\u00e4alaan liittyv\u00e4\u00e4 kokemusta ja osaamista\u2026\u201d \u201d\u2026perustelemaan h\u00e4nen nimityksens\u00e4 ohi osaston toimialaan selv\u00e4stikin enemm\u00e4n perehtyneen henkil\u00f6n.\u201d<\/p>\n<p class=\"aw-1gybjub aw-1p7kakr kEtdKx cEmitX yle__article__paragraph\">\u201dOikeuskanslerin laillisuusvalvonnassa arvioidaan muun ohessa, onko muistiossa kerrottu hakijoiden teht\u00e4v\u00e4n kannalta merkityksellisist\u00e4 ansioista rehellisesti ja avoimesti. T\u00e4st\u00e4 n\u00e4k\u00f6kulmasta katson, ett\u00e4 muistio ei edelleenk\u00e4\u00e4n anna oikeaa kuvaa nimitett\u00e4v\u00e4ksi esitetyn henkil\u00f6n ansioista, mik\u00e4 on ongelmallista muiden hakijoiden oikeusturvan kannalta.\u201d<\/p>\n<p class=\"aw-1gybjub aw-1p7kakr kEtdKx cEmitX yle__article__paragraph\">\u201dPerusteluihin sis\u00e4ltyy my\u00f6s edelleen nimitett\u00e4v\u00e4ksi esitetyn henkil\u00f6n ansioiden sen kaltaisia kuvailuja, jotka sy\u00f6v\u00e4t perustelujen uskottavuutta ja antavat ansioista osin jopa harhaanjohtavan kuvan.\u201d<\/p>\n<p class=\"aw-1gybjub aw-1p7kakr kEtdKx cEmitX yle__article__paragraph\">Oikeuskanslerin mukaan n\u00e4in perustavanlaatuiset huomiot nimitysvalmisteluun ovat yksitt\u00e4istapauksia. Kolmen kuukauden kokemuksen perusteella Janne Salminen arvelee, ett\u00e4 15\u201320 prosenttiin nimitysvalmisteluista kohdistuu oikeuskanslerin huomioita.<\/p>\n<p class=\"aw-1gybjub aw-1p7kakr kEtdKx cEmitX yle__article__paragraph\">\u2013 Yll\u00e4tt\u00e4v\u00e4n suureen m\u00e4\u00e4r\u00e4\u00e4n liittyy kuitenkin joitakin huomioita ja tarkistettavaa \u2013 ja osa on ihan merkitt\u00e4vi\u00e4kin. Yleiskuva on kuitenkin varsin hyv\u00e4.<\/p>\n<p class=\"aw-1gybjub aw-1p7kakr kEtdKx cEmitX yle__article__paragraph\">\u2013 Olisi aina hyv\u00e4, jos se luku olisi pienempi. On hyv\u00e4, ett\u00e4 erityisen vakavia tapauksia on hyvin v\u00e4h\u00e4n.<\/p>\n<p><img decoding=\"async\" alt=\"Janne Salminen, oikeuskansleri, istuu ty\u00f6huoneellaan.\" src=\"https:\/\/www.europesays.com\/fi\/wp-content\/uploads\/2025\/12\/39-1569046693c25de1dfe3.jpeg\" loading=\"lazy\" class=\"aw-1l9m598 hKVVvP\"\/><\/p>\n<p>Avaa kuvien katselu<\/p>\n<p>Janne Salminen toivoo, ett\u00e4 aikanaan joku hallitus ottaisi valtion virkamieslain uudistamisen ty\u00f6n alle. Kuva: Thomas Hagstr\u00f6m \/ YleOikeuskansleri laajentaisi nimitysten valitusoikeutta<\/p>\n<p class=\"aw-1gybjub aw-1p7kakr kEtdKx cEmitX yle__article__paragraph\">T\u00e4ll\u00e4 hetkell\u00e4 valtioneuvoston tekemist\u00e4 merkitt\u00e4vimmist\u00e4 virkanimityksist\u00e4 ei voi valittaa. Valituskielto koskee esimerkiksi kansliap\u00e4\u00e4llik\u00f6it\u00e4 ja osastop\u00e4\u00e4llik\u00f6it\u00e4.<\/p>\n<p class=\"aw-1gybjub aw-1p7kakr kEtdKx cEmitX yle__article__paragraph\">Oikeuskanslerin peukalonj\u00e4lki ylimpiin virkanimityksiin olisi hakijoiden valitusoikeuden laajentaminen.<\/p>\n<p class=\"aw-1gybjub aw-1p7kakr kEtdKx cEmitX yle__article__paragraph\">\u2013 Edelleen pit\u00e4isin mahdollisena sit\u00e4, ett\u00e4 arvioitaisiin uudelleen sit\u00e4 alaa ja niit\u00e4 teht\u00e4vi\u00e4, joista kaikista voi valittaa, siis nimitysp\u00e4\u00e4t\u00f6ksest\u00e4. Se on laajemman pohdinnan juttu, eik\u00e4 sit\u00e4 tietenk\u00e4\u00e4n tehd\u00e4 yhden, kahden tai kolmen nimitysasian perusteella. Mielest\u00e4ni sit\u00e4 voisi harkita.<\/p>\n<p class=\"aw-1gybjub aw-1p7kakr kEtdKx cEmitX yle__article__paragraph\">Aiemmin valituskielto oli viel\u00e4 merkitt\u00e4v\u00e4sti laajempi, mutta valitusmahdollisuuksia lis\u00e4ttiin vuonna 2019. Ylimpi\u00e4 virkoja lukuun ottamatta eduskunta salli valitusmahdollisuuden hallinto-oikeuteen.<\/p>\n<p class=\"aw-1gybjub aw-1p7kakr kEtdKx cEmitX yle__article__paragraph\">Salmisen mielest\u00e4 vanhaa virkamieslakia voisi muutenkin uudistaa laajasti ja valitusoikeuden laajentamista harkita samassa yhteydess\u00e4.<\/p>\n<p class=\"aw-1gybjub aw-1p7kakr kEtdKx cEmitX yle__article__paragraph\">\u2013 Edelleen mielest\u00e4ni sopisi mietti\u00e4 sit\u00e4, ett\u00e4 toteutuuko hakijoiden oikeusturva riitt\u00e4v\u00e4ll\u00e4 tavalla nyt t\u00e4ss\u00e4 j\u00e4rjestelm\u00e4ss\u00e4.<\/p>\n","protected":false},"excerpt":{"rendered":"Oikeuskansleri Janne Salminen pit\u00e4\u00e4 poikkeuksellisena, ett\u00e4 joihinkin hallituksen virkanimityksiin joudutaan puuttumaan toistuvasti. Oikeuskanslerinviraston mukaan t\u00e4n\u00e4 vuonna kahdessa opetus-&hellip;\n","protected":false},"author":2,"featured_media":127649,"comment_status":"","ping_status":"","sticky":false,"template":"","format":"standard","meta":{"footnotes":""},"categories":[5],"tags":[22,23,26,27,33,31,30,17,22591,22592,24,25,28,29,15,22594,22593,18,21,637,32,19,20,16],"class_list":{"0":"post-127648","1":"post","2":"type-post","3":"status-publish","4":"format-standard","5":"has-post-thumbnail","7":"category-otsikot","8":"tag-breaking-news","9":"tag-breakingnews","10":"tag-featured-news","11":"tag-featurednews","12":"tag-fi","13":"tag-finland","14":"tag-finnish","15":"tag-headlines","16":"tag-janne-salminen","17":"tag-laillisuusvalvonta","18":"tag-latest-news","19":"tag-latestnews","20":"tag-main-news","21":"tag-mainnews","22":"tag-news","23":"tag-oikeuskanslerinvirasto","24":"tag-oikeuskanslerit","25":"tag-otsikot","26":"tag-paauutiset","27":"tag-politiikka","28":"tag-suomi","29":"tag-top-stories","30":"tag-topstories","31":"tag-uutiset"},"share_on_mastodon":{"url":"https:\/\/pubeurope.com\/@fi\/115795931260317793","error":""},"_links":{"self":[{"href":"https:\/\/www.europesays.com\/fi\/wp-json\/wp\/v2\/posts\/127648","targetHints":{"allow":["GET"]}}],"collection":[{"href":"https:\/\/www.europesays.com\/fi\/wp-json\/wp\/v2\/posts"}],"about":[{"href":"https:\/\/www.europesays.com\/fi\/wp-json\/wp\/v2\/types\/post"}],"author":[{"embeddable":true,"href":"https:\/\/www.europesays.com\/fi\/wp-json\/wp\/v2\/users\/2"}],"replies":[{"embeddable":true,"href":"https:\/\/www.europesays.com\/fi\/wp-json\/wp\/v2\/comments?post=127648"}],"version-history":[{"count":0,"href":"https:\/\/www.europesays.com\/fi\/wp-json\/wp\/v2\/posts\/127648\/revisions"}],"wp:featuredmedia":[{"embeddable":true,"href":"https:\/\/www.europesays.com\/fi\/wp-json\/wp\/v2\/media\/127649"}],"wp:attachment":[{"href":"https:\/\/www.europesays.com\/fi\/wp-json\/wp\/v2\/media?parent=127648"}],"wp:term":[{"taxonomy":"category","embeddable":true,"href":"https:\/\/www.europesays.com\/fi\/wp-json\/wp\/v2\/categories?post=127648"},{"taxonomy":"post_tag","embeddable":true,"href":"https:\/\/www.europesays.com\/fi\/wp-json\/wp\/v2\/tags?post=127648"}],"curies":[{"name":"wp","href":"https:\/\/api.w.org\/{rel}","templated":true}]}}