{"id":127654,"date":"2025-12-28T07:25:11","date_gmt":"2025-12-28T07:25:11","guid":{"rendered":"https:\/\/www.europesays.com\/fi\/127654\/"},"modified":"2025-12-28T07:25:11","modified_gmt":"2025-12-28T07:25:11","slug":"sodertalje-sk-konkurssin-partaalla-ilta-sanomat","status":"publish","type":"post","link":"https:\/\/www.europesays.com\/fi\/127654\/","title":{"rendered":"S\u00f6dert\u00e4lje SK konkurssin partaalla &#8211; Ilta-Sanomat"},"content":{"rendered":"<p>Perinteik\u00e4s seura on ajautunut pahoihin talousvaikeuksiin.<\/p>\n<p class=\"article-body mb-nof-24 px-nof-16\">Legendaarista ruotsalaista j\u00e4\u00e4kiekkoseura S\u00f6dert\u00e4lje SK:ta uhkaa jopa konkurssi, uutisoi <a class=\"underline underline-offset-[0.12em] [text-decoration-thickness:var(--generic-link-underline-thickness)] [text-decoration-color:var(--generic-link-underline-color)] [text-decoration-skip-ink:var(--generic-link-underline-skip-ink)] break-words\" href=\"https:\/\/www.lt.se\/2025-12-27\/ssk-larmar-till-kommunen-om-akut-brist-pa-pengar\/\" rel=\"nofollow noopener\" target=\"_blank\">LT<\/a>.<\/p>\n<p class=\"article-body mb-nof-24 px-nof-16\">Muutenkin talousvaikeuksista k\u00e4rsinyt seura sai viel\u00e4 viime vuonna kunnalta avustusta py\u00f6ritt\u00e4m\u00e4\u00e4ns\u00e4 j\u00e4\u00e4kiekkolukiota varten.<\/p>\n<p class=\"article-body mb-nof-24 px-nof-16\">T\u00e4n\u00e4 vuonna kahden miljoonan kruunun eli noin 185\u202f000 euron suuruinen avustus on kuitenkin viel\u00e4 saamatta, mik\u00e4 on j\u00e4tt\u00e4nyt loven seuran kassaan.<\/p>\n<p class=\"article-body mb-nof-24 px-nof-16\">LT on saanut k\u00e4siins\u00e4 SSK-pomo <a class=\"article-personlink\" href=\"https:\/\/www.is.fi\/haku\/?query=Kalle%20Boumediennen\" rel=\"nofollow noopener\" target=\"_blank\">Kalle Boumediennen<\/a> ja S\u00f6dert\u00e4ljen kunnan edustajien v\u00e4lisen s\u00e4hk\u00f6postikeskustelun, jossa Boumedienne kertoo tilanteen olevan akuutti.<\/p>\n<p class=\"article-body mb-nof-24 px-nof-16\">\u2013\u2009Olemme koko syksyn viivytt\u00e4neet laskujen maksamista ja odottaneet avustusta. Ellemme saa rahoja viikon sis\u00e4ll\u00e4, on hyvin ep\u00e4varmaa, pystymmek\u00f6 maksamaan joulukuun palkkoja, Boumedienne kirjoittaa.<\/p>\n<p class=\"article-body mb-nof-24 px-nof-16\">S\u00f6dert\u00e4lje SK:n talouskriisin taustalla on my\u00f6s seuran ja kunnan v\u00e4linen sopimus kotiareena Scaniarinkenin yll\u00e4pidosta.<\/p>\n<p class=\"article-body mb-nof-24 px-nof-16\">Kunta irtisanoi sopimuksen taannoin, sill\u00e4 sen tulkinnan mukaan sopimus ei ole lain mukainen. Koska summat ovat niin suuria, mahdollisuus areenan operointiin olisi pit\u00e4nyt avata my\u00f6s muille toimijoille.<\/p>\n<p class=\"article-body mb-nof-24 px-nof-16\">Boumediennen s\u00e4hk\u00f6posteista ilmenee, ett\u00e4 seura tarvitsisi kiireellisesti 2,5 miljoonaa kruunua.<\/p>\n<p class=\"article-body mb-nof-24 px-nof-16\">\u2013\u2009Voi olla, ett\u00e4 jo tammikuun puoliv\u00e4liss\u00e4 emme selvi\u00e4 veromaksuistamme. Jos tilanne pysyy t\u00e4llaisena, S\u00f6dert\u00e4lje Sportklubb joutuu hakeutumaan konkurssiin ja lopettamaan toimintansa, seurajohtaja kirjoittaa.<\/p>\n<p class=\"article-body mb-nof-24 px-nof-16\">Kunnan edustaja Daniel Hult on vastannut seuran olevan valmis jatkamaan areenasopimusta syyskuun alkuun asti, mik\u00e4 toisi SSK:lle 2,4 miljoonaa kruunua.<\/p>\n<p class=\"article-body mb-nof-24 px-nof-16\">S\u00f6dert\u00e4ljen puheenjohtaja <a class=\"article-personlink\" href=\"https:\/\/www.is.fi\/haku\/?query=Lars-%C3%85ke%20M%C3%A5nsson\" rel=\"nofollow noopener\" target=\"_blank\">Lars-\u00c5ke M\u00e5nsson<\/a> my\u00f6nsi lauantaina tilanteen vakavuuden <a class=\"underline underline-offset-[0.12em] [text-decoration-thickness:var(--generic-link-underline-thickness)] [text-decoration-color:var(--generic-link-underline-color)] [text-decoration-skip-ink:var(--generic-link-underline-skip-ink)] break-words\" href=\"https:\/\/www.expressen.se\/sport\/hockey\/hockeyallsvenskan\/ekonomisk-kris-i-sodertalje-sk-uppges-riskera-konkurs\/\" rel=\"nofollow noopener\" target=\"_blank\">Expressenille<\/a>, muttei uskonut konkurssiin.<\/p>\n<p class=\"article-body mb-nof-24 px-nof-16\">\u2013\u2009Olemme budjetoineet kansallisen urheilukoulutustuen t\u00e4lle vuodelle, mutta asiassa on kest\u00e4nyt. Jos rahoja ei tule, kassasta puuttuu kaksi ja puoli miljoonaa ja meill\u00e4 on likviditeettiongelma.<\/p>\n<p class=\"article-body mb-nof-24 px-nof-16\">\u2013\u2009Olen optimistinen, haluamme kaikki SSK:n parasta. Samalla on oltava realisti. Tilanne on vaikea, mutta monilla on suuri halu ratkaista se, M\u00e5nsson vakuuttaa.<\/p>\n<p class=\"article-body mb-nof-24 px-nof-16\">Vuonna 1902 perustettu S\u00f6dert\u00e4lje SK on seitsenkertainen Ruotsin mestari. Viime vuodet se on kuitenkin pelannut maan toisella sarjatasolla Hockeyallsvenskanissa.<\/p>\n<p class=\"article-body mb-nof-24 px-nof-16\">Lauantaina SSK voitti Tukholman AIK:n, mutta se on silti sarjataulukossa vasta yhdeks\u00e4nten\u00e4.<\/p>\n<p class=\"article-body mb-nof-24 px-nof-16\">Suomalaispelaajista S\u00f6dert\u00e4lje\u00e4 ovat edustaneet esimerkiksi <a class=\"article-personlink\" href=\"https:\/\/www.is.fi\/haku\/?query=Teemu%20Riihij%C3%A4rvi\" rel=\"nofollow noopener\" target=\"_blank\">Teemu Riihij\u00e4rvi<\/a>, <a class=\"article-personlink\" href=\"https:\/\/www.is.fi\/haku\/?query=Petri%20Pakaslahti\" rel=\"nofollow noopener\" target=\"_blank\">Petri Pakaslahti<\/a> ja <a class=\"article-personlink\" href=\"https:\/\/www.is.fi\/haku\/?query=Olli%20Jokinen\" rel=\"nofollow noopener\" target=\"_blank\">Olli Jokinen<\/a>.<\/p>\n<p><img decoding=\"async\" src=\"https:\/\/www.europesays.com\/fi\/wp-content\/uploads\/2025\/12\/1766906711_235_468.jpg\" alt=\"Olli Jokinen kantoi S\u00f6dert\u00e4ljen v\u00e4rej\u00e4 ty\u00f6sulkukaudella 2004\u201305.\" class=\"_Img_1rerz_1\" style=\"aspect-ratio:0.7161458333333334\" loading=\"eager\"\/><\/p>\n<p class=\"article-picture-caption\">Olli Jokinen kantoi S\u00f6dert\u00e4ljen v\u00e4rej\u00e4 ty\u00f6sulkukaudella 2004\u201305. Kuva:\u00a0Ari Luostarinen<\/p>\n","protected":false},"excerpt":{"rendered":"Perinteik\u00e4s seura on ajautunut pahoihin talousvaikeuksiin. Legendaarista ruotsalaista j\u00e4\u00e4kiekkoseura S\u00f6dert\u00e4lje SK:ta uhkaa jopa konkurssi, uutisoi LT. Muutenkin talousvaikeuksista&hellip;\n","protected":false},"author":2,"featured_media":127655,"comment_status":"","ping_status":"","sticky":false,"template":"","format":"standard","meta":{"footnotes":""},"categories":[158],"tags":[33,31,30,34,159,32,160],"class_list":{"0":"post-127654","1":"post","2":"type-post","3":"status-publish","4":"format-standard","5":"has-post-thumbnail","7":"category-urheilu","8":"tag-fi","9":"tag-finland","10":"tag-finnish","11":"tag-ilta-sanomat","12":"tag-sports","13":"tag-suomi","14":"tag-urheilu"},"share_on_mastodon":{"url":"https:\/\/pubeurope.com\/@fi\/115796006005213443","error":""},"_links":{"self":[{"href":"https:\/\/www.europesays.com\/fi\/wp-json\/wp\/v2\/posts\/127654","targetHints":{"allow":["GET"]}}],"collection":[{"href":"https:\/\/www.europesays.com\/fi\/wp-json\/wp\/v2\/posts"}],"about":[{"href":"https:\/\/www.europesays.com\/fi\/wp-json\/wp\/v2\/types\/post"}],"author":[{"embeddable":true,"href":"https:\/\/www.europesays.com\/fi\/wp-json\/wp\/v2\/users\/2"}],"replies":[{"embeddable":true,"href":"https:\/\/www.europesays.com\/fi\/wp-json\/wp\/v2\/comments?post=127654"}],"version-history":[{"count":0,"href":"https:\/\/www.europesays.com\/fi\/wp-json\/wp\/v2\/posts\/127654\/revisions"}],"wp:featuredmedia":[{"embeddable":true,"href":"https:\/\/www.europesays.com\/fi\/wp-json\/wp\/v2\/media\/127655"}],"wp:attachment":[{"href":"https:\/\/www.europesays.com\/fi\/wp-json\/wp\/v2\/media?parent=127654"}],"wp:term":[{"taxonomy":"category","embeddable":true,"href":"https:\/\/www.europesays.com\/fi\/wp-json\/wp\/v2\/categories?post=127654"},{"taxonomy":"post_tag","embeddable":true,"href":"https:\/\/www.europesays.com\/fi\/wp-json\/wp\/v2\/tags?post=127654"}],"curies":[{"name":"wp","href":"https:\/\/api.w.org\/{rel}","templated":true}]}}