{"id":127662,"date":"2025-12-28T07:31:13","date_gmt":"2025-12-28T07:31:13","guid":{"rendered":"https:\/\/www.europesays.com\/fi\/127662\/"},"modified":"2025-12-28T07:31:13","modified_gmt":"2025-12-28T07:31:13","slug":"kari-mouhun-53-tyo-paattyi-hyvinvointialueen-saastaessa-sitten-han-kuuli-paikasta-hankasalmella-jollain-korkeammalla-oli-napit-pelissa-keski-suomi","status":"publish","type":"post","link":"https:\/\/www.europesays.com\/fi\/127662\/","title":{"rendered":"Kari Mouhun, 53, ty\u00f6 p\u00e4\u00e4ttyi hyvinvointialueen s\u00e4\u00e4st\u00e4ess\u00e4 \u2013 sitten h\u00e4n kuuli paikasta Hankasalmella: &#8221;Jollain korkeammalla oli n\u00e4pit peliss\u00e4&#8221; | Keski-Suomi"},"content":{"rendered":"<p>Hankasalmen tuorein diakoni on tehnyt aiemmin uraa niin muusikkona kuin p\u00e4ihdety\u00f6ntekij\u00e4n\u00e4kin.<\/p>\n<p>Marraskuussa se tapahtui: <strong>Kari Mouhusta<\/strong>, 53, tuli virallisesti diakoni, kun Lapuan hiippakunnan piispa vihki h\u00e4net virkaan.<\/p>\n<p>Aikaa rajapyykin saavuttamiseen kului useampi vuosikymmen.<\/p>\n<p>\u2013\u2009Seh\u00e4n se t\u00e4ss\u00e4 hauskaa onkin. Aloitin aika lailla p\u00e4iv\u00e4lleen 30 vuotta sitten lukemaan diakonissa-sairaanhoitajaksi. Mutta se j\u00e4i kesken, kun musiikki vei, P\u00e4ij\u00e4t-H\u00e4meest\u00e4 Hankasalmelle monen mutkan kautta p\u00e4\u00e4tynyt mies kertoo.<\/p>\n<p><strong class=\"diks-storyline__impact\">Soitinten pariin<\/strong> Mouhu sukelsi jo 4\u20135-vuotiaana. Se ei ollut sin\u00e4ns\u00e4 mik\u00e4\u00e4n ihme, sill\u00e4 h\u00e4nen is\u00e4ns\u00e4 oli ammatiltaan tanssimuusikko.<\/p>\n","protected":false},"excerpt":{"rendered":"Hankasalmen tuorein diakoni on tehnyt aiemmin uraa niin muusikkona kuin p\u00e4ihdety\u00f6ntekij\u00e4n\u00e4kin. Marraskuussa se tapahtui: Kari Mouhusta, 53, tuli&hellip;\n","protected":false},"author":2,"featured_media":127663,"comment_status":"","ping_status":"","sticky":false,"template":"","format":"standard","meta":{"footnotes":""},"categories":[12],"tags":[22,23,26,27,33,31,30,4130,17,8073,24,25,28,29,15,18,21,32,19,20,16],"class_list":{"0":"post-127662","1":"post","2":"type-post","3":"status-publish","4":"format-standard","5":"has-post-thumbnail","7":"category-suomi","8":"tag-breaking-news","9":"tag-breakingnews","10":"tag-featured-news","11":"tag-featurednews","12":"tag-fi","13":"tag-finland","14":"tag-finnish","15":"tag-hankasalmi","16":"tag-headlines","17":"tag-kirkonkyla","18":"tag-latest-news","19":"tag-latestnews","20":"tag-main-news","21":"tag-mainnews","22":"tag-news","23":"tag-otsikot","24":"tag-paauutiset","25":"tag-suomi","26":"tag-top-stories","27":"tag-topstories","28":"tag-uutiset"},"share_on_mastodon":{"url":"https:\/\/pubeurope.com\/@fi\/115796029268215290","error":""},"_links":{"self":[{"href":"https:\/\/www.europesays.com\/fi\/wp-json\/wp\/v2\/posts\/127662","targetHints":{"allow":["GET"]}}],"collection":[{"href":"https:\/\/www.europesays.com\/fi\/wp-json\/wp\/v2\/posts"}],"about":[{"href":"https:\/\/www.europesays.com\/fi\/wp-json\/wp\/v2\/types\/post"}],"author":[{"embeddable":true,"href":"https:\/\/www.europesays.com\/fi\/wp-json\/wp\/v2\/users\/2"}],"replies":[{"embeddable":true,"href":"https:\/\/www.europesays.com\/fi\/wp-json\/wp\/v2\/comments?post=127662"}],"version-history":[{"count":0,"href":"https:\/\/www.europesays.com\/fi\/wp-json\/wp\/v2\/posts\/127662\/revisions"}],"wp:featuredmedia":[{"embeddable":true,"href":"https:\/\/www.europesays.com\/fi\/wp-json\/wp\/v2\/media\/127663"}],"wp:attachment":[{"href":"https:\/\/www.europesays.com\/fi\/wp-json\/wp\/v2\/media?parent=127662"}],"wp:term":[{"taxonomy":"category","embeddable":true,"href":"https:\/\/www.europesays.com\/fi\/wp-json\/wp\/v2\/categories?post=127662"},{"taxonomy":"post_tag","embeddable":true,"href":"https:\/\/www.europesays.com\/fi\/wp-json\/wp\/v2\/tags?post=127662"}],"curies":[{"name":"wp","href":"https:\/\/api.w.org\/{rel}","templated":true}]}}