{"id":127666,"date":"2025-12-28T07:44:08","date_gmt":"2025-12-28T07:44:08","guid":{"rendered":"https:\/\/www.europesays.com\/fi\/127666\/"},"modified":"2025-12-28T07:44:08","modified_gmt":"2025-12-28T07:44:08","slug":"eila-roineen-kuolinilmoituksessa-koskettava-viesti","status":"publish","type":"post","link":"https:\/\/www.europesays.com\/fi\/127666\/","title":{"rendered":"Eila Roineen kuolinilmoituksessa koskettava viesti"},"content":{"rendered":"<p>Kuolinilmoituksen ovat allekirjoittaneet Roineen l\u00e4heiset.<\/p>\n<p class=\"article-body mb-nof-24 px-nof-16\">Joulukuun 8. p\u00e4iv\u00e4n\u00e4 kuolleen teatterineuvos <a class=\"article-personlink\" href=\"https:\/\/www.is.fi\/haku\/?query=Eila%20Roineen\" rel=\"nofollow noopener\" target=\"_blank\">Eila Roineen<\/a> kuolinilmoitus on julkaistu Helsingin Sanomissa.<\/p>\n<p class=\"article-body mb-nof-24 px-nof-16\">94-vuotiaana kuolleen Roineen muistoa kunnioittava ilmoitus alkaa koskettavin sanoin.<\/p>\n<p class=\"article-body mb-nof-24 px-nof-16\">\u2013 Rakas \u00e4iti, mummi, isomummi ja teatterineuvos.<\/p>\n<p class=\"article-body mb-nof-24 px-nof-16\">Ilmoitukseen on valittu v\u00e4rssyksi kaunis ote n\u00e4ytelm\u00e4st\u00e4 Grace ja Glorie.<\/p>\n<blockquote class=\"[font-style:var(--blockquote-font-style,italic)] m-[var(--blockquote-margin)] pl-[calc(var(--nof-core-dimension-200)+var(--blockquote-border-width))] relative before:absolute before:left-0 before:h-full before:w-[var(--blockquote-border-width)] before:border-l-[length:var(--blockquote-border-width)] before:border-l-[color:var(--blockquote-border-color)] before:-skew-y-[var(--blockquote-border-skew,0deg)]\">\n<p class=\"article-body mb-nof-8\">Kaikki t\u00e4ss\u00e4 maailmassa on yhteydess\u00e4 toisiinsa, kuin silmukat villapaidassa<\/p>\n<p class=\"article-body mb-nof-8\">Ehk\u00e4 se oli el\u00e4m\u00e4ni tarkoitus, yksi silmukka villapaidassa pit\u00e4m\u00e4ss\u00e4<\/p>\n<p class=\"article-body mb-nof-8\">yhdell\u00e4 k\u00e4dell\u00e4 kiinni silmukasta ennen<\/p>\n<p class=\"article-body mb-nof-8\">minua ja toisella silmukasta minun j\u00e4lkeeni<\/p>\n<p class=\"article-body mb-nof-8\">Vaikka siin\u00e4 olisi kaikki, mink\u00e4 vuoksi minut on pantu t\u00e4nne, oli se silti aika t\u00e4rke\u00e4\u00e4.<\/p>\n<\/blockquote>\n<p class=\"article-body mb-nof-24 px-nof-16\">Kuolinilmoituksen ovat allekirjoittaneet Roineen l\u00e4heiset.<\/p>\n<p><img decoding=\"async\" src=\"https:\/\/www.europesays.com\/fi\/wp-content\/uploads\/2025\/12\/1766907848_762_468.jpg\" alt=\"Eila Roine tunnettiin muun muassa Pikku-Kakkosen Eila-mummina.\" class=\"_Img_1rerz_1\" style=\"aspect-ratio:1.5\" loading=\"eager\"\/><\/p>\n<p class=\"article-picture-caption\">Eila Roine tunnettiin muun muassa Pikku-Kakkosen Eila-mummina. Kuva:\u00a0Martti Kainulainen \/ Lehtikuva<\/p>\n<p class=\"article-body mb-nof-24 px-nof-16\">Ilmoituksen lopussa kerrotaan, ett\u00e4 n\u00e4yttelij\u00e4 siunataan tammikuun 9. p\u00e4iv\u00e4n\u00e4 Tampereen Tuomiokirkossa. Saattov\u00e4elle kerrotaan, ett\u00e4 kukin voi halutessaan tuoda yhden ruusun.<\/p>\n<p class=\"article-body mb-nof-24 px-nof-16\">Lue lis\u00e4\u00e4: <a class=\"underline underline-offset-[0.12em] [text-decoration-thickness:var(--generic-link-underline-thickness)] [text-decoration-color:var(--generic-link-underline-color)] [text-decoration-skip-ink:var(--generic-link-underline-skip-ink)] break-words\" href=\"https:\/\/www.is.fi\/viihde\/art-2000011702638.html\" rel=\"nofollow noopener\" target=\"_blank\">Lis\u00e4tietoa Eila Roineen hautajaisista \u2013 erityinen pyynt\u00f6 vieraille<\/a><\/p>\n<p class=\"article-body mb-nof-24 px-nof-16\">Muistotilaisuus puolestaan pidet\u00e4\u00e4n vain vainajan omaisten ja ty\u00f6kavereiden kesken.<\/p>\n<p class=\"article-body mb-nof-24 px-nof-16\">Kuolinilmoituksen loppuun on kirjoitettu kauniit kiitossanat Roinetta t\u00e4m\u00e4n el\u00e4m\u00e4n loppuvaiheessa hoitaneille.<\/p>\n<p class=\"article-body mb-nof-24 px-nof-16\">\u2013 Kiit\u00e4mme ryhm\u00e4koti Willa Violan hoitohenkil\u00f6kuntaa \u00e4itimme hyv\u00e4st\u00e4 hoidosta. Ja kiitos ihmiset, tutut ja tuntemattomat, niist\u00e4 lukuisista viesteist\u00e4, joissa olette muistelleet Eilaa ja lohduttaneet meit\u00e4.<\/p>\n<p class=\"article-body mb-nof-24 px-nof-16\">Kiitoksen allekirjoittajina ovat Roineen lapset <a class=\"article-personlink\" href=\"https:\/\/www.is.fi\/haku\/?query=Janne\" rel=\"nofollow noopener\" target=\"_blank\">Janne<\/a> ja <a class=\"article-personlink\" href=\"https:\/\/www.is.fi\/haku\/?query=Tommi\" rel=\"nofollow noopener\" target=\"_blank\">Tommi<\/a>.<\/p>\n<p><img decoding=\"async\" src=\"https:\/\/www.europesays.com\/fi\/wp-content\/uploads\/2025\/12\/1766907848_196_468.jpg\" alt=\"\" class=\"_Img_1rerz_1\" style=\"aspect-ratio:0.6760416666666667\" loading=\"eager\"\/><\/p>\n<p class=\"article-body mb-nof-24 px-nof-16\">Roineesta (s. 26.11.1931) tuli koko kansalle tuttu n\u00e4yttelij\u00e4, kun h\u00e4n esitti 1960-luvulla n\u00e4yttelij\u00e4puolisonsa <a class=\"article-personlink\" href=\"https:\/\/www.is.fi\/haku\/?query=Vili%20Auvisen\" rel=\"nofollow noopener\" target=\"_blank\">Vili Auvisen<\/a> kanssa television Heikki ja Kaija-sarjaa, mutta varsinaisen el\u00e4m\u00e4nty\u00f6ns\u00e4 Roine teki Tampereen Ty\u00f6v\u00e4en Teatterissa 1951\u20131994.<\/p>\n<p class=\"article-body mb-nof-24 px-nof-16\">El\u00e4keik\u00e4\u00e4n tultuaan Roine jatkoi n\u00e4yttelemist\u00e4. Vapaata h\u00e4n piti vain kes\u00e4isin.<\/p>\n<p class=\"article-body mb-nof-24 px-nof-16\">Pikku Kakkosen Eila-mummina Roine valloitti eri-ik\u00e4isi\u00e4 katsojia 17 vuoden ajan.<\/p>\n","protected":false},"excerpt":{"rendered":"Kuolinilmoituksen ovat allekirjoittaneet Roineen l\u00e4heiset. Joulukuun 8. p\u00e4iv\u00e4n\u00e4 kuolleen teatterineuvos Eila Roineen kuolinilmoitus on julkaistu Helsingin Sanomissa. 94-vuotiaana&hellip;\n","protected":false},"author":2,"featured_media":127667,"comment_status":"","ping_status":"","sticky":false,"template":"","format":"standard","meta":{"footnotes":""},"categories":[136],"tags":[407,137,33,31,30,34,408,32,109],"class_list":{"0":"post-127666","1":"post","2":"type-post","3":"status-publish","4":"format-standard","5":"has-post-thumbnail","7":"category-julkkikset","8":"tag-celebrities","9":"tag-entertainment","10":"tag-fi","11":"tag-finland","12":"tag-finnish","13":"tag-ilta-sanomat","14":"tag-julkkikset","15":"tag-suomi","16":"tag-viihde"},"share_on_mastodon":{"url":"https:\/\/pubeurope.com\/@fi\/115796080416894445","error":""},"_links":{"self":[{"href":"https:\/\/www.europesays.com\/fi\/wp-json\/wp\/v2\/posts\/127666","targetHints":{"allow":["GET"]}}],"collection":[{"href":"https:\/\/www.europesays.com\/fi\/wp-json\/wp\/v2\/posts"}],"about":[{"href":"https:\/\/www.europesays.com\/fi\/wp-json\/wp\/v2\/types\/post"}],"author":[{"embeddable":true,"href":"https:\/\/www.europesays.com\/fi\/wp-json\/wp\/v2\/users\/2"}],"replies":[{"embeddable":true,"href":"https:\/\/www.europesays.com\/fi\/wp-json\/wp\/v2\/comments?post=127666"}],"version-history":[{"count":0,"href":"https:\/\/www.europesays.com\/fi\/wp-json\/wp\/v2\/posts\/127666\/revisions"}],"wp:featuredmedia":[{"embeddable":true,"href":"https:\/\/www.europesays.com\/fi\/wp-json\/wp\/v2\/media\/127667"}],"wp:attachment":[{"href":"https:\/\/www.europesays.com\/fi\/wp-json\/wp\/v2\/media?parent=127666"}],"wp:term":[{"taxonomy":"category","embeddable":true,"href":"https:\/\/www.europesays.com\/fi\/wp-json\/wp\/v2\/categories?post=127666"},{"taxonomy":"post_tag","embeddable":true,"href":"https:\/\/www.europesays.com\/fi\/wp-json\/wp\/v2\/tags?post=127666"}],"curies":[{"name":"wp","href":"https:\/\/api.w.org\/{rel}","templated":true}]}}