{"id":127674,"date":"2025-12-28T07:52:08","date_gmt":"2025-12-28T07:52:08","guid":{"rendered":"https:\/\/www.europesays.com\/fi\/127674\/"},"modified":"2025-12-28T07:52:08","modified_gmt":"2025-12-28T07:52:08","slug":"klassikkoelokuvan-tahdista-on-elossa-enaa-kolme-lapsinayttelija-elanyt-vaikean-elaman","status":"publish","type":"post","link":"https:\/\/www.europesays.com\/fi\/127674\/","title":{"rendered":"Klassikkoelokuvan t\u00e4hdist\u00e4 on elossa en\u00e4\u00e4 kolme \u2013 Lapsin\u00e4yttelij\u00e4 el\u00e4nyt vaikean el\u00e4m\u00e4n"},"content":{"rendered":"<p>Ihmeellinen on el\u00e4m\u00e4 kuuluu joulun klassikkoelokuviin.<\/p>\n<p><img decoding=\"async\" class=\"image image-show image-preview\" src=\"https:\/\/www.europesays.com\/fi\/wp-content\/uploads\/2025\/12\/02983e0552da95395a2a62866ecbf721e1407a7165110eda0475b69432aea236.jpg\" alt=\"\"\/><img decoding=\"async\" class=\"image image-show\" src=\"https:\/\/www.europesays.com\/fi\/wp-content\/uploads\/2025\/12\/1766908328_102_02983e0552da95395a2a62866ecbf721e1407a7165110eda0475b69432aea236.jpg\" alt=\"\"\/><\/p>\n<p>Vuonna 1946 ilmestynytt\u00e4 Ihmeellinen on el\u00e4m\u00e4 -elokuvaa t\u00e4hdittiv\u00e4t Donna Reed ja James Stewart. Yle<\/p>\n<p class=\"paragraph\">Yksi joulun klassikkoelokuvista on alun perin vuonna 1946 ilmestynyt Ihmeellinen on el\u00e4m\u00e4 (alkuper\u00e4iselt\u00e4 nimelt\u00e4\u00e4n It\u2019s a Wonderful Life). Yle esitt\u00e4\u00e4 sen t\u00e4n\u00e4\u00e4n Teema &amp; Fem -kanavalla.<\/p>\n<p class=\"paragraph\">79 vuotta sitten ensi-iltansa saaneen elokuvan t\u00e4hdist\u00e4 on nykyp\u00e4iv\u00e4n\u00e4 elossa kolme, Baileyn perheen lapsia esitt\u00e4neet <strong>Karolyn Grimes<\/strong>, <strong>Carol Coombs<\/strong> ja <strong>Jimmy Hawkins<\/strong>.<\/p>\n<p>Karolyn Grimesin Zuzu-hahmo lausuu elokuvan kuuluisan viimeisen repliikin. AOP<\/p>\n<p class=\"paragraph\">Zuzua esitt\u00e4nyt Karolyn Grimes, 85, oli elokuvan kuvausten aikaan kuusivuotias. Kahden viikon ty\u00f6st\u00e4\u00e4n h\u00e4n sai palkaksi 150 dollaria, mik\u00e4 oli tuohon aikaan suuri rahasumma, <a href=\"https:\/\/www.hollywoodreporter.com\/movies\/movie-news\/karolyn-grimes-zuzu-in-its-a-wonderful-life-every-time-bell-rings-1236093419\/\" target=\"_blank\" rel=\"noopener nofollow\">The Hollywood Reporter<\/a> kertoo.<\/p>\n<p class=\"paragraph\">Tuotteliaan lapsin\u00e4yttelij\u00e4n ura hiljeni 11-vuotiaana, kun Grimesin \u00e4iti sairastui vakavasti.<\/p>\n<p class=\"paragraph\">\u2013 Nyky\u00e4\u00e4n sit\u00e4 kutsuttaisiin varhaisi\u00e4n Alzheimeriksi. Siihen aikaan puhuttiin aivojen surkastumisesta, Grimes muisteli The Hollywood Reporterille vuosi sitten.<\/p>\n<p class=\"paragraph\">\u00c4iti kuoli muutamaa vuotta my\u00f6hemmin. Grimes oli 14-vuotias, \u00e4iti vain 44-vuotias. 15 vuoden ik\u00e4isen\u00e4 Grimes j\u00e4i orvoksi, kun h\u00e4nen is\u00e4ns\u00e4 kuoli auto-onnettomuudessa.<\/p>\n<p class=\"paragraph\">Grimes sijoitettiin set\u00e4ns\u00e4 ja t\u00e4m\u00e4n vaimon hoivaan oikeuden m\u00e4\u00e4r\u00e4yksest\u00e4. T\u00e4ti kohteli tytt\u00f6\u00e4 \u201deritt\u00e4in julmasti\u201d.<\/p>\n<p class=\"paragraph\">18 vuotta t\u00e4ytetty\u00e4\u00e4n Grimes karkasi naimisiin paikallisen pojan kanssa p\u00e4\u00e4st\u00e4kseen pois karuista kotioloistaan. Nuori aviopari sai kaksi tyt\u00e4rt\u00e4 ja erosi. Grimes meni uudelleen naimisiin miehen kanssa, jolla oli ennest\u00e4\u00e4n kolme lasta, ja sai t\u00e4m\u00e4n kanssa viel\u00e4 kaksi lasta. Perhe-el\u00e4m\u00e4n ohessa Grimes opiskeli itselleen l\u00e4\u00e4ketieteellisen tutkinnon yliopistossa.<\/p>\n<p>Karolyn Grimes vuonna 2019. AOP<\/p>\n<p class=\"paragraph\">Suru seurasi my\u00f6s my\u00f6hemmin el\u00e4m\u00e4ss\u00e4. Grimesin nuorin poika teki itsemurhan 18-vuotiaana. Muutamaa vuotta my\u00f6hemmin aviomies kuoli sy\u00f6p\u00e4\u00e4n. Grimes uskoo pojan kuoleman vaikuttaneen miehens\u00e4 sairastumiseen.<\/p>\n<p class=\"paragraph\">Ihmeellinen on el\u00e4m\u00e4 ei ilmestymisens\u00e4 j\u00e4lkeen ollut menestys. Grimes kertoo itsekin n\u00e4hneens\u00e4 elokuvan ensimm\u00e4isen kerran vasta vuonna 1980. Elokuva alkoi saada uutta nostetta ilmaislevityksen my\u00f6t\u00e4 ja Grimesille alkoi sadella haastattelupyynt\u00f6j\u00e4.<\/p>\n<p class=\"paragraph\">Grimes em\u00e4nn\u00f6i joka vuosi nelip\u00e4iv\u00e4ist\u00e4 Ihmeellinen on el\u00e4m\u00e4 -festivaalia. Yh\u00e4 viime vuonna h\u00e4nen rinnallaan edusti Tommy Baileyta n\u00e4ytellyt <strong>Jimmy Hawkins<\/strong>. 4-vuotias Hawkins oli elokuvan nuorin n\u00e4yttelij\u00e4. Hawkins on tehnyt pitk\u00e4n uran n\u00e4yttelij\u00e4n\u00e4, mink\u00e4 lis\u00e4ksi h\u00e4n on kirjoittanut kuusi kirjaa Ihmeellinen on el\u00e4m\u00e4 -elokuvaan liittyen.<\/p>\n<p class=\"paragraph\">\u2013 Elokuva osoitti, ett\u00e4 olemme kaikki t\u00e4rkeit\u00e4. Sinun ei tarvitse olla kaupungin komein tai rikkain. Sinulla on merkityst\u00e4, nyky\u00e4\u00e4n 84-vuotias Hawkins sanoi <a href=\"https:\/\/parade.com\/movies\/its-a-wonderful-life-facts-jimmy-hawkins-exclusive\" target=\"_blank\" rel=\"noopener nofollow\">Paraden<\/a> haastattelussa joulukuussa 2025.<\/p>\n<p>Jimmy Hawkins on ty\u00f6llist\u00e4nyt itse\u00e4\u00e4n Ihmeellinen on el\u00e4m\u00e4 -projektien parissa l\u00e4pi el\u00e4m\u00e4ns\u00e4. Kuva vuodelta 2003. ZumaWire \/ MVPHOTOS<\/p>\n<p class=\"paragraph\">Janie Baileyta elokuvassa esitti <strong>Carol Coombs<\/strong>. Coombsin n\u00e4yttelij\u00e4nura j\u00e4i lyhyeksi. Coombs j\u00e4tti julkisen el\u00e4m\u00e4n taakseen 1950-luvun lopulla ja teki el\u00e4m\u00e4nty\u00f6ns\u00e4 opettajana. The Hollywood Reporterin mukaan nyky\u00e4\u00e4n 90-vuotias Coombs sairastaa Alzheimerin tautia.<\/p>\n<p class=\"paragraph\">Ihmeellinen on el\u00e4m\u00e4 t\u00e4n\u00e4\u00e4n Teema &amp; Femill\u00e4 kello 12.00 &amp; Areenassa. <a href=\"https:\/\/www.iltalehti.fi\/telkku\/\" rel=\"nofollow noopener\" target=\"_blank\">Katso kaikki\u00a0TV-ohjelmat ja l\u00e4hetysajat Telkun TV-oppaasta<\/a>.<\/p>\n","protected":false},"excerpt":{"rendered":"Ihmeellinen on el\u00e4m\u00e4 kuuluu joulun klassikkoelokuviin. Vuonna 1946 ilmestynytt\u00e4 Ihmeellinen on el\u00e4m\u00e4 -elokuvaa t\u00e4hdittiv\u00e4t Donna Reed ja James&hellip;\n","protected":false},"author":2,"featured_media":127675,"comment_status":"","ping_status":"","sticky":false,"template":"","format":"standard","meta":{"footnotes":""},"categories":[130],"tags":[35,153,152,155,137,33,31,30,718,154,32,140,156,109],"class_list":{"0":"post-127674","1":"post","2":"type-post","3":"status-publish","4":"format-standard","5":"has-post-thumbnail","7":"category-viihde","8":"tag-24h","9":"tag-audiovisuaalinen-media","10":"tag-elokuva-ja-tv-nayttelijat","11":"tag-elokuvat","12":"tag-entertainment","13":"tag-fi","14":"tag-finland","15":"tag-finnish","16":"tag-nayttamotaide","17":"tag-nayttelijat-teatteri","18":"tag-suomi","19":"tag-tv-ja-elokuvat","20":"tag-tv","21":"tag-viihde"},"share_on_mastodon":{"url":"https:\/\/pubeurope.com\/@fi\/115796111834869966","error":""},"_links":{"self":[{"href":"https:\/\/www.europesays.com\/fi\/wp-json\/wp\/v2\/posts\/127674","targetHints":{"allow":["GET"]}}],"collection":[{"href":"https:\/\/www.europesays.com\/fi\/wp-json\/wp\/v2\/posts"}],"about":[{"href":"https:\/\/www.europesays.com\/fi\/wp-json\/wp\/v2\/types\/post"}],"author":[{"embeddable":true,"href":"https:\/\/www.europesays.com\/fi\/wp-json\/wp\/v2\/users\/2"}],"replies":[{"embeddable":true,"href":"https:\/\/www.europesays.com\/fi\/wp-json\/wp\/v2\/comments?post=127674"}],"version-history":[{"count":0,"href":"https:\/\/www.europesays.com\/fi\/wp-json\/wp\/v2\/posts\/127674\/revisions"}],"wp:featuredmedia":[{"embeddable":true,"href":"https:\/\/www.europesays.com\/fi\/wp-json\/wp\/v2\/media\/127675"}],"wp:attachment":[{"href":"https:\/\/www.europesays.com\/fi\/wp-json\/wp\/v2\/media?parent=127674"}],"wp:term":[{"taxonomy":"category","embeddable":true,"href":"https:\/\/www.europesays.com\/fi\/wp-json\/wp\/v2\/categories?post=127674"},{"taxonomy":"post_tag","embeddable":true,"href":"https:\/\/www.europesays.com\/fi\/wp-json\/wp\/v2\/tags?post=127674"}],"curies":[{"name":"wp","href":"https:\/\/api.w.org\/{rel}","templated":true}]}}