{"id":127678,"date":"2025-12-28T07:56:13","date_gmt":"2025-12-28T07:56:13","guid":{"rendered":"https:\/\/www.europesays.com\/fi\/127678\/"},"modified":"2025-12-28T07:56:13","modified_gmt":"2025-12-28T07:56:13","slug":"the-times-of-israel-ykn-turvallisuusneuvosto-hataistuntoon-israelin-tunnustettua-somalimaan-uutisia-lyhyesti","status":"publish","type":"post","link":"https:\/\/www.europesays.com\/fi\/127678\/","title":{"rendered":"The Times of Israel: YK:n turvallisuusneuvosto h\u00e4t\u00e4istuntoon Israelin tunnustettua Somalimaan | Uutisia lyhyesti"},"content":{"rendered":"<p class=\"aw-1gybjub aw-1p7kakr kEtdKx cEmitX yle__article__paragraph\">YK:n turvallisuusneuvosto on kutsuttu h\u00e4t\u00e4istuntoon maanantaiksi, kertoo<a class=\"aw-iao6s4 iHOxEa yle__article__link\" href=\"https:\/\/www.timesofisrael.com\/un-security-council-to-convene-emergency-meeting-on-israels-somaliland-recognition\/\" role=\"link\" rel=\"nofollow noopener\" target=\"_blank\"> The Times of Israel<\/a>. Istunnossa neuvoston j\u00e4senmaiden odotetaan tuomitsevan Israelin perjantainen p\u00e4\u00e4t\u00f6s tunnustaa Somalimaan itsen\u00e4isyys.<\/p>\n<p class=\"aw-1gybjub aw-1p7kakr kEtdKx cEmitX yle__article__paragraph\">Israel on ensimm\u00e4inen YK:n j\u00e4senvaltio, joka tunnustaa Somalimaan itsen\u00e4isyyden. Israelin ilmoitus on tuomittu laajasti.<\/p>\n<p class=\"aw-1gybjub aw-1p7kakr kEtdKx cEmitX yle__article__paragraph\">Israel ilmoitti tunnustamisesta vain p\u00e4ivi\u00e4 ennen kuin Somaliasta tulee turvallisuusneuvoston puheenjohtaja ensi vuoden alussa. Somalimaa sijaitsee Somalian pohjoisosassa.<\/p>\n<p class=\"aw-1gybjub aw-1p7kakr kEtdKx cEmitX yle__article__paragraph\">Somalimaata on v\u00e4l\u00e4ytelty mahdollisesti kohteena, jonne Israelin miehitt\u00e4m\u00e4n Gazan kaistan asukkaita viet\u00e4isiin.<\/p>\n","protected":false},"excerpt":{"rendered":"YK:n turvallisuusneuvosto on kutsuttu h\u00e4t\u00e4istuntoon maanantaiksi, kertoo The Times of Israel. Istunnossa neuvoston j\u00e4senmaiden odotetaan tuomitsevan Israelin perjantainen&hellip;\n","protected":false},"author":2,"featured_media":127679,"comment_status":"","ping_status":"","sticky":false,"template":"","format":"standard","meta":{"footnotes":""},"categories":[14],"tags":[8630,22,23,26,27,33,31,30,17,993,8631,992,24,25,28,29,15,18,21,22461,32,19,20,11188,56,16,59,60,61],"class_list":{"0":"post-127678","1":"post","2":"type-post","3":"status-publish","4":"format-standard","5":"has-post-thumbnail","7":"category-ulkomaat","8":"tag-afrikka","9":"tag-breaking-news","10":"tag-breakingnews","11":"tag-featured-news","12":"tag-featurednews","13":"tag-fi","14":"tag-finland","15":"tag-finnish","16":"tag-headlines","17":"tag-israel","18":"tag-ita-afrikka","19":"tag-lahi-ita","20":"tag-latest-news","21":"tag-latestnews","22":"tag-main-news","23":"tag-mainnews","24":"tag-news","25":"tag-otsikot","26":"tag-paauutiset","27":"tag-somalia","28":"tag-suomi","29":"tag-top-stories","30":"tag-topstories","31":"tag-turvallisuusneuvosto","32":"tag-ulkomaat","33":"tag-uutiset","34":"tag-world","35":"tag-world-news","36":"tag-worldnews"},"share_on_mastodon":{"url":"https:\/\/pubeurope.com\/@fi\/115796127604357048","error":""},"_links":{"self":[{"href":"https:\/\/www.europesays.com\/fi\/wp-json\/wp\/v2\/posts\/127678","targetHints":{"allow":["GET"]}}],"collection":[{"href":"https:\/\/www.europesays.com\/fi\/wp-json\/wp\/v2\/posts"}],"about":[{"href":"https:\/\/www.europesays.com\/fi\/wp-json\/wp\/v2\/types\/post"}],"author":[{"embeddable":true,"href":"https:\/\/www.europesays.com\/fi\/wp-json\/wp\/v2\/users\/2"}],"replies":[{"embeddable":true,"href":"https:\/\/www.europesays.com\/fi\/wp-json\/wp\/v2\/comments?post=127678"}],"version-history":[{"count":0,"href":"https:\/\/www.europesays.com\/fi\/wp-json\/wp\/v2\/posts\/127678\/revisions"}],"wp:featuredmedia":[{"embeddable":true,"href":"https:\/\/www.europesays.com\/fi\/wp-json\/wp\/v2\/media\/127679"}],"wp:attachment":[{"href":"https:\/\/www.europesays.com\/fi\/wp-json\/wp\/v2\/media?parent=127678"}],"wp:term":[{"taxonomy":"category","embeddable":true,"href":"https:\/\/www.europesays.com\/fi\/wp-json\/wp\/v2\/categories?post=127678"},{"taxonomy":"post_tag","embeddable":true,"href":"https:\/\/www.europesays.com\/fi\/wp-json\/wp\/v2\/tags?post=127678"}],"curies":[{"name":"wp","href":"https:\/\/api.w.org\/{rel}","templated":true}]}}