{"id":127684,"date":"2025-12-28T08:10:09","date_gmt":"2025-12-28T08:10:09","guid":{"rendered":"https:\/\/www.europesays.com\/fi\/127684\/"},"modified":"2025-12-28T08:10:09","modified_gmt":"2025-12-28T08:10:09","slug":"huippukuski-mika-kalliolle-rakennettiin-lahes-400-nelion-kivilinna-josta-tuli-koko-suomen-puheenaihe-nyt-siina-asuu-kolmilapsinen-yrittajaperhe-2","status":"publish","type":"post","link":"https:\/\/www.europesays.com\/fi\/127684\/","title":{"rendered":"Huippukuski Mika Kalliolle rakennettiin l\u00e4hes 400 neli\u00f6n kivilinna, josta tuli koko Suomen puheenaihe \u2013 nyt siin\u00e4 asuu kolmilapsinen yritt\u00e4j\u00e4perhe"},"content":{"rendered":"<p>Valkeakosken asuntomessut vuonna 2009 olivat t\u00e4ynn\u00e4 yll\u00e4tyksi\u00e4: Monacossa kuvattu mainos, 20\u202f000 ilmaista j\u00e4\u00e4tel\u00f6\u00e4 ja Mika Kallion t\u00e4htip\u00f6ly. Selvitimme, mit\u00e4 Kallion ex-talon sek\u00e4 jenkkityylisen Villa Auroran asukkaille kuuluu.<\/p>\n<p class=\"article-body mb-nof-24 px-nof-16\">\u201dMuistan, kun <a class=\"article-personlink\" href=\"https:\/\/www.valkeakoskensanomat.fi\/haku\/?query=Kallion%20Mikan\" rel=\"nofollow noopener\" target=\"_blank\">Kallion Mikan <\/a>kanssa r\u00e4mmittiin lumihangessa tiett\u00f6mill\u00e4 Lintulan pelloilla ja p\u00e4hkittiin, mik\u00e4 olisi hyv\u00e4 talon paikka\u201d, sanoo Valkeakosken kaupungin markkinointip\u00e4\u00e4llikk\u00f6 <a class=\"article-personlink\" href=\"https:\/\/www.valkeakoskensanomat.fi\/haku\/?query=Petri%20Ahonen\" rel=\"nofollow noopener\" target=\"_blank\">Petri Ahonen<\/a>.<\/p>\n<p class=\"article-body mb-nof-24 px-nof-16\">Valkeakoski oli saanut vuoden 2009 asuntomessujen vetonaulaksi oman kyl\u00e4n pojan ja ratamoottoripy\u00f6r\u00e4ilyn maailmant\u00e4hden. Kalliosta haluttiin ottaa kaikki ilo irti ja otettiin my\u00f6s.<\/p>\n","protected":false},"excerpt":{"rendered":"Valkeakosken asuntomessut vuonna 2009 olivat t\u00e4ynn\u00e4 yll\u00e4tyksi\u00e4: Monacossa kuvattu mainos, 20\u202f000 ilmaista j\u00e4\u00e4tel\u00f6\u00e4 ja Mika Kallion t\u00e4htip\u00f6ly. Selvitimme,&hellip;\n","protected":false},"author":2,"featured_media":127685,"comment_status":"","ping_status":"","sticky":false,"template":"","format":"standard","meta":{"footnotes":""},"categories":[136],"tags":[407,137,33,31,30,408,32,3856,109],"class_list":{"0":"post-127684","1":"post","2":"type-post","3":"status-publish","4":"format-standard","5":"has-post-thumbnail","7":"category-julkkikset","8":"tag-celebrities","9":"tag-entertainment","10":"tag-fi","11":"tag-finland","12":"tag-finnish","13":"tag-julkkikset","14":"tag-suomi","15":"tag-valkeakosken-sanomat","16":"tag-viihde"},"share_on_mastodon":{"url":"https:\/\/pubeurope.com\/@fi\/115796182505329816","error":""},"_links":{"self":[{"href":"https:\/\/www.europesays.com\/fi\/wp-json\/wp\/v2\/posts\/127684","targetHints":{"allow":["GET"]}}],"collection":[{"href":"https:\/\/www.europesays.com\/fi\/wp-json\/wp\/v2\/posts"}],"about":[{"href":"https:\/\/www.europesays.com\/fi\/wp-json\/wp\/v2\/types\/post"}],"author":[{"embeddable":true,"href":"https:\/\/www.europesays.com\/fi\/wp-json\/wp\/v2\/users\/2"}],"replies":[{"embeddable":true,"href":"https:\/\/www.europesays.com\/fi\/wp-json\/wp\/v2\/comments?post=127684"}],"version-history":[{"count":0,"href":"https:\/\/www.europesays.com\/fi\/wp-json\/wp\/v2\/posts\/127684\/revisions"}],"wp:featuredmedia":[{"embeddable":true,"href":"https:\/\/www.europesays.com\/fi\/wp-json\/wp\/v2\/media\/127685"}],"wp:attachment":[{"href":"https:\/\/www.europesays.com\/fi\/wp-json\/wp\/v2\/media?parent=127684"}],"wp:term":[{"taxonomy":"category","embeddable":true,"href":"https:\/\/www.europesays.com\/fi\/wp-json\/wp\/v2\/categories?post=127684"},{"taxonomy":"post_tag","embeddable":true,"href":"https:\/\/www.europesays.com\/fi\/wp-json\/wp\/v2\/tags?post=127684"}],"curies":[{"name":"wp","href":"https:\/\/api.w.org\/{rel}","templated":true}]}}