{"id":127688,"date":"2025-12-28T08:14:08","date_gmt":"2025-12-28T08:14:08","guid":{"rendered":"https:\/\/www.europesays.com\/fi\/127688\/"},"modified":"2025-12-28T08:14:08","modified_gmt":"2025-12-28T08:14:08","slug":"lappilainen-musiikkivuosi-2025-pohjoiset-juuret-avoimesti-esilla-virea-yhteiso-on-elinvoimaisen-musiikkikulttuurin-edellytys-kaikkialla","status":"publish","type":"post","link":"https:\/\/www.europesays.com\/fi\/127688\/","title":{"rendered":"Lappilainen musiikkivuosi 2025: Pohjoiset juuret avoimesti esill\u00e4 \u2013 vire\u00e4 yhteis\u00f6 on elinvoimaisen musiikkikulttuurin edellytys kaikkialla"},"content":{"rendered":"<p>\n      Vuoden 2025 alkumetreill\u00e4 kehuin rovaniemel\u00e4isen haitaritaiteilija Harri Kuusij\u00e4rven Aallot-levy\u00e4 Lapin Kansassa ja vuoden loppuviikkoina se ilmoitettiin Emma-ehdokkaaksi jazz-sarjassa. Ehdokkuuksia saatiin Lappiin muitakin, joten t\u00e4ss\u00e4 yksi teema, jonka kautta voi l\u00e4hte\u00e4 tarkastelemaan pohjoisen populaarimusiikin vuotta. Kev\u00e4ttalvellahan tuli edellisess\u00e4 Emma-gaalassa palkintokin, kun Jaakko Laitinen &amp; V\u00e4\u00e4r\u00e4 Raha voitti etno-Emman.\n    <\/p>\n<p>\n      Koko Emma-shown merkityksen voi kyseenalaistaa, mutta huomioinnit kertovat kuitenkin siit\u00e4, ett\u00e4 on p\u00e4\u00e4sty musabisneksen \u201ctutkalle\u201d. Lappilaistaustaisen musiikin tapauksessa usein vaihtoehtoisemmissa genreiss\u00e4. T\u00e4n\u00e4 vuonna poikkeuksen tekee Torniossa varhaisemmat vuotensa viett\u00e4nyt Olga (Olga Heikkala), jonka popt\u00e4hteysprojekti palkittiin nelj\u00e4ll\u00e4 ehdokkuudella.\n    <\/p>\n<p class=\"article__paragraph\">\n      Olga on ollut listamusiikin vuoden valopilkkuja, vaikka h\u00e4nen isoimmat hittins\u00e4 ilmestyiv\u00e4t jo edellisen\u00e4. H\u00e4n ei kuitenkaan ole profiililtaan pohjoinen poppari siin\u00e4 kuin Antti Tuisku. Lappi on kyll\u00e4 ollut kulttuurinen puheenaihe n\u00e4kyv\u00e4mmin kuin aikoihin, mutta ollut sit\u00e4 enemm\u00e4n ilmi\u00f6tasolla kuin liittyen yksitt\u00e4isiin tekij\u00f6ihin. T\u00e4m\u00e4 voi my\u00f6s kertoa laajemmasta liikehdinn\u00e4st\u00e4 pinnan alla.\n    <\/p>\n<p>Lappilaisen musiikkikulttuurin el\u00e4minen my\u00f6s etel\u00e4isess\u00e4 diasporassa on v\u00e4ist\u00e4m\u00e4tt\u00f6myys ja rikkaus, mutta uusia lipunkantajia ei synny, ellei kasvualusta ole kunnossa.<\/p>\n<p class=\"article__paragraph\">\n      Lappi on laaja maa. Tornionlaakson tunnelmia kuvasteleva Kuusij\u00e4rvi katsoo levyll\u00e4\u00e4n my\u00f6s Ruotsiin, Saamenmaan taiteilijat hakeutuvat oman kulttuuripiirins\u00e4 kautta kohti globaaleja vaikutuskanavia. Rovaniemell\u00e4 on erityisluonteensa risteyskaupunkina, jonne saapuu ja josta l\u00e4htee nuoria ihmisi\u00e4, siis my\u00f6s nykyisi\u00e4 ja tulevia artisteja.\n    <\/p>\n<p class=\"article__paragraph\">\n      Tietyiss\u00e4 genreiss\u00e4 identiteetti kulkee helpommin mukana. Helsingiss\u00e4 asuva r\u00e4pp\u00e4ritulokas Keiju julkaisi alkuvuodesta Ounasjoki-ep:n ja my\u00f6hemmin singlen nimelt\u00e4 Kalervo Palsa. Suurjoen mytologisointia jatkoi my\u00f6s metalliyhtye Suotana Ounas II -jatko-osallaan.\n    <\/p>\n<p class=\"article__paragraph\">\n      Rapissa arvostetaan juuria yhteis\u00f6n ja kasvukokemusten kautta, metalli painottaa usein historiaa ja maisemaa. Molemmissa tapauksissa lappilainen tausta on mahdollisuus erottautua ja kertoa jotakin, mit\u00e4 muut eiv\u00e4t kerro. Hyv\u00e4 juttu etenkin silloin, kun vasta rakennetaan taiteellista min\u00e4kuvaa.\n    <\/p>\n<p class=\"article__paragraph\">\n      Maakunnan menneet kulttuurisuuruudetkin ovat olleet pinnalla enemm\u00e4n kuin aikoihin. Vuoden parhaita pohjoisia levyj\u00e4 on moneen l\u00e4ht\u00f6\u00f6n, mutta subjektiivinen valintani olisi Musta puu, rovaniemel\u00e4isen (ivalolaisl\u00e4ht\u00f6isen) Pekka Kumpulaisen ja Yst\u00e4vien tulkintaa Timo K. Mukan runoista.\n    <\/p>\n<p class=\"article__paragraph\">\n      Pikamainintoina viel\u00e4 tutuista ja turvallisista Puhelinseksin Mit\u00e4 sanoa s\u00e4rkyneelle? ja Hannibalin Uutisia ei mist\u00e4\u00e4n, saamelaisista \u00c1nn\u00e0m\u00e0retin Luohdit ja Hild\u00e1 L\u00e4nsmanin sek\u00e4 Tuomas Norvion etno-Emma -ehdokkuuden saanut Dajan. T\u00e4ll\u00e4kin luettelolla voi todistaa, ett\u00e4 tasokkaan lappilaisper\u00e4isen musiikin kirjo on laaja, osaaminen ja kunnianhimo korkealla.\n    <\/p>\n<p class=\"article__paragraph\">\n      Lapissa ollaan syyst\u00e4 ylpeit\u00e4 omaleimaisesta kulttuurista, joka sit\u00e4 paitsi vaatisi aina maakunnan osia koskien erillistarkastelua. T\u00e4m\u00e4 on jatkuvuuden v\u00e4ltt\u00e4m\u00e4t\u00f6n, muttei riitt\u00e4v\u00e4 edellytys. Numerot sanelevat, ettei pohjoisessa voi, senk\u00e4\u00e4n vertaa kuin muualla Suomessa, ajatella ns. kevytt\u00e4 musiikkia vain kaupallisena toimintana.\n    <\/p>\n<p class=\"article__paragraph\">\n      Sen sijaan se on vapaamuotoisista yhteis\u00f6ist\u00e4 el\u00e4v\u00e4\u00e4 taidetta viel\u00e4 nytkin, kun sit\u00e4 voi tehd\u00e4 yksin l\u00e4pp\u00e4rill\u00e4 tai vaikka puhelimella. Yhteis\u00f6jen yll\u00e4pit\u00e4mist\u00e4 Lapin laajoilla et\u00e4isyyksill\u00e4 sit\u00e4 paitsi helpottaa, kun se voi tapahtua osin virtuaalisesti. Siksi yl\u00e4lappilaista vire\u00e4\u00e4 kulttuuriel\u00e4m\u00e4\u00e4 on saanut t\u00e4n\u00e4kin vuonna ihastella. Se on my\u00f6s luonnostaan monitaiteista, koska periferiassa on v\u00e4h\u00e4isempi klikkiytymisen vaara. Kulttuurista tuskin on ainakaan haittaa Kittil\u00e4n tai Inarin kehityssuunnalle.\n    <\/p>\n<p class=\"article__paragraph\">\n      Boomtown-hybriksen uhkaama Rovaniemi saisi t\u00e4ss\u00e4 suhteessa pit\u00e4\u00e4 varansa. Ruohonjuuritasolla musiikkikin tarvitsee paikkoja, jossa tekij\u00e4t kohtaavat toisensa ja yleis\u00f6n. Ihmisi\u00e4 el\u00e4v\u00e4st\u00e4 kaupungista kyll\u00e4 l\u00f6ytyy, kunhan sit\u00e4 ei hinnoitella kuolleeksi esimerkiksi asumisessa.\n    <\/p>\n<p class=\"article__paragraph\">\n      Lappilaisen musiikkikulttuurin el\u00e4minen my\u00f6s etel\u00e4isess\u00e4 diasporassa on v\u00e4ist\u00e4m\u00e4tt\u00f6myys ja rikkaus, mutta uusia lipunkantajia ei synny, ellei kasvualusta ole kunnossa.\n    <\/p>\n","protected":false},"excerpt":{"rendered":"Vuoden 2025 alkumetreill\u00e4 kehuin rovaniemel\u00e4isen haitaritaiteilija Harri Kuusij\u00e4rven Aallot-levy\u00e4 Lapin Kansassa ja vuoden loppuviikkoina se ilmoitettiin Emma-ehdokkaaksi jazz-sarjassa.&hellip;\n","protected":false},"author":2,"featured_media":127689,"comment_status":"","ping_status":"","sticky":false,"template":"","format":"standard","meta":{"footnotes":""},"categories":[132],"tags":[137,33,31,30,195,47,32,109],"class_list":{"0":"post-127688","1":"post","2":"type-post","3":"status-publish","4":"format-standard","5":"has-post-thumbnail","7":"category-musiikki","8":"tag-entertainment","9":"tag-fi","10":"tag-finland","11":"tag-finnish","12":"tag-music","13":"tag-musiikki","14":"tag-suomi","15":"tag-viihde"},"share_on_mastodon":{"url":"https:\/\/pubeurope.com\/@fi\/115796198193594157","error":""},"_links":{"self":[{"href":"https:\/\/www.europesays.com\/fi\/wp-json\/wp\/v2\/posts\/127688","targetHints":{"allow":["GET"]}}],"collection":[{"href":"https:\/\/www.europesays.com\/fi\/wp-json\/wp\/v2\/posts"}],"about":[{"href":"https:\/\/www.europesays.com\/fi\/wp-json\/wp\/v2\/types\/post"}],"author":[{"embeddable":true,"href":"https:\/\/www.europesays.com\/fi\/wp-json\/wp\/v2\/users\/2"}],"replies":[{"embeddable":true,"href":"https:\/\/www.europesays.com\/fi\/wp-json\/wp\/v2\/comments?post=127688"}],"version-history":[{"count":0,"href":"https:\/\/www.europesays.com\/fi\/wp-json\/wp\/v2\/posts\/127688\/revisions"}],"wp:featuredmedia":[{"embeddable":true,"href":"https:\/\/www.europesays.com\/fi\/wp-json\/wp\/v2\/media\/127689"}],"wp:attachment":[{"href":"https:\/\/www.europesays.com\/fi\/wp-json\/wp\/v2\/media?parent=127688"}],"wp:term":[{"taxonomy":"category","embeddable":true,"href":"https:\/\/www.europesays.com\/fi\/wp-json\/wp\/v2\/categories?post=127688"},{"taxonomy":"post_tag","embeddable":true,"href":"https:\/\/www.europesays.com\/fi\/wp-json\/wp\/v2\/tags?post=127688"}],"curies":[{"name":"wp","href":"https:\/\/api.w.org\/{rel}","templated":true}]}}