{"id":127692,"date":"2025-12-28T08:18:09","date_gmt":"2025-12-28T08:18:09","guid":{"rendered":"https:\/\/www.europesays.com\/fi\/127692\/"},"modified":"2025-12-28T08:18:09","modified_gmt":"2025-12-28T08:18:09","slug":"51-vuotta-yhdessa-olleet-riitta-ja-veikko-tietavat-mika-on-pitkan-parisuhteen-liima-en-mina-ole-jarkevampaakaan-selitysta-keksinyt","status":"publish","type":"post","link":"https:\/\/www.europesays.com\/fi\/127692\/","title":{"rendered":"51 vuotta yhdess\u00e4 olleet Riitta ja Veikko tiet\u00e4v\u00e4t, mik\u00e4 on pitk\u00e4n parisuhteen liima: \u201dEn min\u00e4 ole j\u00e4rkev\u00e4mp\u00e4\u00e4k\u00e4\u00e4n selityst\u00e4 keksinyt\u201d"},"content":{"rendered":"<p class=\"article-body mb-nof-24 px-nof-16\">Jokin aika sitten <a class=\"article-personlink\" href=\"https:\/\/www.is.fi\/haku\/?query=Riitta%20Raitala\" rel=\"nofollow noopener\" target=\"_blank\">Riitta Raitala<\/a>, 69, luki lehtiartikkelia. Siin\u00e4 oli tutkimustuloksia ik\u00e4ihmisten rakkausel\u00e4m\u00e4st\u00e4 Englannissa: sen mukaan melkein kaikki l\u00e4heisyys oli ik\u00e4\u00e4ntyneiden parisuhteissa j\u00e4tetty pois.<\/p>\n<p class=\"article-body mb-nof-24 px-nof-16\">\u2013 Se tuntui jotenkin h\u00e4mment\u00e4v\u00e4lt\u00e4, Riitta kertoo.<\/p>\n<p class=\"article-body mb-nof-24 px-nof-16\">Riitan aviomies <a class=\"article-personlink\" href=\"https:\/\/www.is.fi\/haku\/?query=Veikko%20Raitala\" rel=\"nofollow noopener\" target=\"_blank\">Veikko Raitala<\/a>, 72, ny\u00f6kyttelee vaimonsa vieress\u00e4: olisi se h\u00e4nest\u00e4kin v\u00e4h\u00e4n harmillista. Veikon mukaan pari katsoo televisiota edelleen ihan liki, kylki kyljess\u00e4. Kun Raitaloilta kysyy, edelleenk\u00f6 he pussailevat p\u00e4ivitt\u00e4in, 51 avioliittovuoden j\u00e4lkeen, vastaus tulee salamana:<\/p>\n<p class=\"article-body mb-nof-24 px-nof-16\">\u2013 No ehdottomasti, huudahtavat molemmat.<\/p>\n<p class=\"article-body mb-nof-24 px-nof-16\">\u2013 Kyll\u00e4 rakkauden osoittaminen on luonnollinen asia. Pit\u00e4\u00e4 halata ja rakastaa, lis\u00e4\u00e4 Riitta.<\/p>\n<p class=\"article-body mb-nof-24 px-nof-16\">Kun p\u00e4iv\u00e4\u00e4n mahtuu monta halausta tai toisen k\u00e4den hipaisua, se vahvistaa onnen ja yhteenkuuluvuuden tunnetta, Raitalat arvioivat.<\/p>\n<p class=\"article-body mb-nof-24 px-nof-16\">\u2013 Jos joku pari toimii toisin, en ep\u00e4ile heid\u00e4n rakkauttaan, tietenk\u00e4\u00e4n. Mutta t\u00e4mm\u00f6ist\u00e4 meid\u00e4n rakkautemme on: kun tuntuu hyv\u00e4lt\u00e4 olla toisen kanssa, niin se n\u00e4ytet\u00e4\u00e4n, Riitta sanoo.<\/p>\n<p><img decoding=\"async\" src=\"https:\/\/www.europesays.com\/fi\/wp-content\/uploads\/2025\/12\/1766909888_554_468.jpg\" alt=\"Riitta oli naimisiin menness\u00e4\u00e4n 17-vuotias, ja h\u00e4n tarvitsi avioitumiseen luvan vanhemmiltaan. Lupa heltisi helposti. Kuvassa Riitta ja Veikko Raitalan h\u00e4\u00e4kuva kev\u00e4\u00e4lt\u00e4 1974.\" class=\"_Img_1rerz_1\" style=\"aspect-ratio:1\" loading=\"eager\"\/><\/p>\n<p class=\"article-picture-caption\">Riitta oli naimisiin menness\u00e4\u00e4n 17-vuotias, ja h\u00e4n tarvitsi avioitumiseen luvan vanhemmiltaan. Lupa heltisi helposti. Kuvassa Riitta ja Veikko Raitalan h\u00e4\u00e4kuva kev\u00e4\u00e4lt\u00e4 1974. Kuva:\u00a0Jonna \u00d6hrnberg<\/p>\n<p>V\u00e4h\u00e4n h\u00f6tky<\/p>\n<p class=\"article-body mb-nof-24 px-nof-16\">Raitaloiden rakkaustarina alkoi M\u00e4nts\u00e4l\u00e4n Suurlavalta vuoden 1971 vappuaattona: 17-vuotias Veikko haki 14-vuotiasta Riittaa tanssimaan.<\/p>\n<p class=\"article-body mb-nof-24 px-nof-16\">\u2013 Jokin Riitassa vain iski minuun heti, Veikko muistelee.<\/p>\n<p class=\"article-body mb-nof-24 px-nof-16\">Tanssin t\u00e4ytt\u00e4m\u00e4n illan j\u00e4lkeen Riitta ja Veikko eiv\u00e4t n\u00e4hneet muutamaan kuukauteen, sill\u00e4 he eiv\u00e4t vaihtaneet yhteystietoja. Riitta ei kuitenkaan saanut Veikkoa pois mielest\u00e4\u00e4n.<\/p>\n<p class=\"article-body mb-nof-24 px-nof-16\">Saman vuoden elokuussa pari kohtasi sattumalta samassa paikassa uudelleen.<\/p>\n<p class=\"article-body mb-nof-24 px-nof-16\">Sen j\u00e4lkeen Riitta ja Veikko viettiv\u00e4t aikaa tiiviisti yhdess\u00e4. Erill\u00e4\u00e4n ollessa yhteytt\u00e4 pidettiin kirjeitse.<\/p>\n<p class=\"article-body mb-nof-24 px-nof-16\">Armeija oli Veikolle k\u00e4\u00e4nnekohta.<\/p>\n<p class=\"article-body mb-nof-24 px-nof-16\">\u2013 Tunne tuli p\u00e4\u00e4lle tosi vahvasti, ett\u00e4 haluan olla Riitan kanssa, kunhan armeijasta vapaudun, Veikko muistelee.<\/p>\n<p class=\"article-body mb-nof-24 px-nof-16\">Riitta tunsi samoin Veikkoa kohtaan. He kertovat, ett\u00e4 olivat toistensa ensirakkaudet.<\/p>\n<p class=\"article-body mb-nof-24 px-nof-16\">Armeijan j\u00e4lkeen asiat tapahtuivat vauhdilla: pari muutti yhteen ja meni kihloihin vuonna 1973, Riitan ollessa 16 ja Veikon 19. H\u00e4it\u00e4 juhlittiin p\u00e4\u00e4si\u00e4isen\u00e4 1974. Riitta tarvitsi avioitumiseen luvan vanhemmiltaan, sill\u00e4 h\u00e4n oli viel\u00e4 17-vuotias.<\/p>\n<p class=\"article-body mb-nof-24 px-nof-16\">Videolla Riitta ja Veikko kertovat, mik\u00e4 toisessa on ihanaa. Juttu jatkuu videon j\u00e4lkeen.<\/p>\n<p class=\"article-body mb-nof-24 px-nof-16\">Kaksi vuotta avioitumisen j\u00e4lkeen parilla oli kaksi lasta ja omakotitalo Tuusulassa.<\/p>\n<p class=\"article-body mb-nof-24 px-nof-16\">\u2013 Ei kukaan siihen aikaan suhtautunut negatiivisesti ik\u00e4\u00e4ni tai siihen, ett\u00e4 etenimme nopeasti, Riitta muistelee.<\/p>\n<p class=\"article-body mb-nof-24 px-nof-16\">Yhdess\u00e4 el\u00e4minen tuntui alusta asti luonnolliselta.<\/p>\n<p class=\"article-body mb-nof-24 px-nof-16\">\u2013 Olimme vain niin varmoja, ett\u00e4 t\u00e4m\u00e4 on se meid\u00e4n liitto.<\/p>\n<p class=\"article-body mb-nof-24 px-nof-16\">Kinaa tuli l\u00e4hinn\u00e4 pienist\u00e4 arjen tavoista.<\/p>\n<p class=\"article-body mb-nof-24 px-nof-16\">\u2013 Olen aina ollut v\u00e4h\u00e4n h\u00f6tky. Saatoin laittaa hammastahnatuubin korkin huonosti kiinni. Veikko sanoi, ett\u00e4 korkki pit\u00e4\u00e4 kiert\u00e4\u00e4 kiinni kunnolla.<\/p>\n<p class=\"article-body mb-nof-24 px-nof-16\">Veikko k\u00e4vi t\u00f6iss\u00e4, Riitta hoiti lapsia, opiskeli ja myi tekemi\u00e4\u00e4n k\u00e4sit\u00f6it\u00e4.<\/p>\n<p class=\"article-body mb-nof-24 px-nof-16\">Riitalle ja Veikolle syntyi kuusi lasta, joista viimeisin vuonna 1992, Riitan ollessa 36-vuotias.<\/p>\n<p class=\"article-body mb-nof-24 px-nof-16\">\u2013 Ensin olimme vanhempainiltojen nuorimpia vanhempia, sitten tavallisen ik\u00e4isi\u00e4 ja kuopuksen kohdalla vanhimpia, Riitta summaa.<\/p>\n<p><img decoding=\"async\" src=\"https:\/\/www.europesays.com\/fi\/wp-content\/uploads\/2025\/12\/1766909888_963_468.jpg\" alt=\"\u201dOlimme toistemme ensirakkauksia\u201d, Riitta ja Veikko kertovat. Parin pitk\u00e4n suhteen salaisuus on se, ett\u00e4 antaa toisen olla sellainen kuin on. Niin, ja pusuja ja halauksia annetaan joka p\u00e4iv\u00e4.\" class=\"_Img_1rerz_1\" style=\"aspect-ratio:1\" loading=\"eager\"\/><\/p>\n<p class=\"article-picture-caption\">\u201dOlimme toistemme ensirakkauksia\u201d, Riitta ja Veikko kertovat. Parin pitk\u00e4n suhteen salaisuus on se, ett\u00e4 antaa toisen olla sellainen kuin on. Niin, ja pusuja ja halauksia annetaan joka p\u00e4iv\u00e4. Kuva:\u00a0Jonna \u00d6hrnberg<\/p>\n<p>Sy\u00f6p\u00e4 teki ik\u00e4\u00e4ntymisest\u00e4 luksusta<\/p>\n<p class=\"article-body mb-nof-24 px-nof-16\">Vuonna 2006 kotona asui kolme lasta. Lapsenlapsia oli tuolloin kaksi. Riitta l\u00f6ysi rinnastaan kyhmyn. Selvisi, ett\u00e4 h\u00e4nell\u00e4 on rintasy\u00f6p\u00e4.<\/p>\n<p class=\"article-body mb-nof-24 px-nof-16\">Sairaus toi suhteeseen kuolemanpelon, ja sit\u00e4 kautta menett\u00e4misen pelon. Riitta tukeutui Veikkoon, sen h\u00e4n muistaa. Muuten nuo vuodet olivat Riitan sanoin \u201dyht\u00e4 hullunmylly\u00e4\u201d: parin kotona oli monenik\u00e4isi\u00e4 lapsia eri kehitysvaiheissa, ja sitten Riitta viel\u00e4 sairastui.<\/p>\n<p class=\"article-body mb-nof-24 px-nof-16\">\u2013 Se oli tosi kova paikka. Ne sairaalajaksot, ja lapsetkin olivat viel\u00e4 melko pieni\u00e4, Veikko muistelee.<\/p>\n<p class=\"article-body mb-nof-24 px-nof-16\">Riitta sairasti sy\u00f6p\u00e4\u00e4 yhteens\u00e4 kymmenen vuotta. Noina vuosina h\u00e4n aloitti bloggaamisen ja perusti taide- ja sisustusaiheisen Instagram-tilin. H\u00e4n kaipasi el\u00e4m\u00e4\u00e4ns\u00e4 muutakin kuin sairautta.<\/p>\n<blockquote class=\"p-[var(--citation-padding)] m-[var(--citation-margin)] border-y-[length:var(--citation-border-width)] border-y-[color:var(--citation-border-color)]\">\n<p>Sairastaminen oli muuttanut Riitan mielenmaisemaa pysyv\u00e4sti.<\/p>\n<\/blockquote>\n<p class=\"article-body mb-nof-24 px-nof-16\">Vuonna 2016 l\u00e4\u00e4k\u00e4ri totesi, ett\u00e4 Riitta voi vihdoin huokaista. Sairastaminen oli kuitenkin muuttanut Riitan mielenmaisemaa pysyv\u00e4sti: ik\u00e4\u00e4ntyminen on luksusta.<\/p>\n<p class=\"article-body mb-nof-24 px-nof-16\">\u2013 Nuorempana ajattelin, ett\u00e4 el\u00e4m\u00e4\u00e4 jatkuu hurjan pitk\u00e4lle. Nyky\u00e4\u00e4n olen kiitollinen jokaisesta p\u00e4iv\u00e4st\u00e4, jonka olemme viel\u00e4 t\u00e4\u00e4ll\u00e4 ja yhdess\u00e4, Riitta pohtii ja katsoo Veikkoa.<\/p>\n<p class=\"article-body mb-nof-24 px-nof-16\">Pari k\u00e4sitteli sairauden tuomat tunteet ja pelot Riitan sairastaessa.<\/p>\n<p class=\"article-body mb-nof-24 px-nof-16\">\u2013 Itkin itkuni ja sain v\u00e4lill\u00e4 raivotakin, kun tuntui oikein kurjalta, Riitta muistelee.<\/p>\n<p class=\"article-body mb-nof-24 px-nof-16\">Sen j\u00e4lkeen sairauden v\u00e4ritt\u00e4miin vuosiin ei ole juurikaan palattu.<\/p>\n<p class=\"article-body mb-nof-24 px-nof-16\">\u2013 Ei me n\u00e4it\u00e4 ole en\u00e4\u00e4 sen j\u00e4lkeen kauheasti mietitty. Ei meill\u00e4 ole tapana vatkata asioita \u2013 el\u00e4mme hetkess\u00e4, ja kuluvassa p\u00e4iv\u00e4ss\u00e4, Riitta sanoo Veikon ny\u00f6kytelless\u00e4.<\/p>\n<p><img decoding=\"async\" src=\"https:\/\/www.europesays.com\/fi\/wp-content\/uploads\/2025\/12\/1766909888_810_468.jpg\" alt=\"Yksi kest\u00e4v\u00e4n suhteen kulmakivist\u00e4 on hyv\u00e4ksy\u00e4 kumppani sellaisena, kun t\u00e4m\u00e4 on, Raitalat sanovat.\" class=\"_Img_1rerz_1\" style=\"aspect-ratio:1\" loading=\"eager\"\/><\/p>\n<p class=\"article-picture-caption\">Yksi kest\u00e4v\u00e4n suhteen kulmakivist\u00e4 on hyv\u00e4ksy\u00e4 kumppani sellaisena, kun t\u00e4m\u00e4 on, Raitalat sanovat. Kuva:\u00a0Jonna \u00d6hrnberg<\/p>\n<p>Edelleen komia<\/p>\n<p class=\"article-body mb-nof-24 px-nof-16\">Aiemmin Riitta ja Veikko selvittiv\u00e4t riitojaan y\u00f6h\u00f6n, nyky\u00e4\u00e4n pari sopii porut tunnissa. Riitatilanteessa kaksikolla on selke\u00e4 roolijako.<\/p>\n<p class=\"article-body mb-nof-24 px-nof-16\">\u2013 Kun minulla keitt\u00e4\u00e4, Veikko lohduttaa: anna olla nyt vaan.<\/p>\n<p class=\"article-body mb-nof-24 px-nof-16\">Kumppanin hyv\u00e4ksyminen juuri sellaisena kuin t\u00e4m\u00e4 on, on Riitan ja Veikon mielest\u00e4 yksi kest\u00e4v\u00e4n parisuhteen kulmakivist\u00e4 \u2013 oli kyse sitten eroavista luonteenpiirteist\u00e4 tai rutiineista. Riitalla on esimerkiksi Veikkoa kolme tuntia aikaisempi vuorokausirytmi. N\u00e4in on ollut jo vuosikymmeni\u00e4.<\/p>\n<p class=\"article-body mb-nof-24 px-nof-16\">\u2013 Mill\u00e4 ihmeen oikeudella min\u00e4 yritt\u00e4isin Veikkoa muuttaa? Ei meill\u00e4 ole ikin\u00e4 ollut sellaista, ett\u00e4 toinen pakottaisi toisen nukkumaan tiettyyn aikaan.<\/p>\n<p class=\"article-body mb-nof-24 px-nof-16\">Erilaiset rytmit helpottivat el\u00e4m\u00e4\u00e4, kun lapset asuivat kotona.<\/p>\n<p class=\"article-body mb-nof-24 px-nof-16\">\u2013 Veikko jaksoi valvoa ja odottaa, ett\u00e4 nuoriso tuli kotiin.<\/p>\n<p class=\"article-body mb-nof-24 px-nof-16\">Nauru ja huumori on pysynyt parin arjessa aina: se, ett\u00e4 toisen seurassa on oikeasti kivaa.<\/p>\n<p><img decoding=\"async\" src=\"https:\/\/www.europesays.com\/fi\/wp-content\/uploads\/2025\/12\/1766909889_758_468.jpg\" alt=\"Riitan ja Veikon kodista l\u00f6ytyy v\u00e4ri\u00e4 ja tekstuuria.\" class=\"_Img_1rerz_1\" style=\"aspect-ratio:1.7777777777777777\" loading=\"eager\"\/><\/p>\n<p class=\"article-picture-caption\">Riitan ja Veikon kodista l\u00f6ytyy v\u00e4ri\u00e4 ja tekstuuria. Kuva:\u00a0Jonna \u00d6hrnberg<\/p>\n<p class=\"article-body mb-nof-24 px-nof-16\">\u2013 Veikko on veistellyt kaikki n\u00e4m\u00e4 vuosikymmenet huonoja vitsej\u00e4\u00e4n, ja aina ne minua vaan jaksavat naurattaa.<\/p>\n<p class=\"article-body mb-nof-24 px-nof-16\">Yhteisel\u00e4m\u00e4 on ollut hyv\u00e4\u00e4 ja onnellista, sanovat Raitalat. Riitta n\u00e4kee miehess\u00e4\u00e4n edelleen ne samat asiat, jotka h\u00e4n huomasi jo M\u00e4nts\u00e4l\u00e4ss\u00e4 vappuaattona 54 vuotta sitten.<\/p>\n<p class=\"article-body mb-nof-24 px-nof-16\">\u2013 Kemiaamme on vaikea selitt\u00e4\u00e4. Veikko on niin komia mies! Veikon tuoksu ja parta, niist\u00e4 tykk\u00e4\u00e4n.<\/p>\n<p class=\"article-body mb-nof-24 px-nof-16\">Veikko rakastaa Riitan iloisuutta \u2013 ihan koko pakettia, edelleen.<\/p>\n<p class=\"article-body mb-nof-24 px-nof-16\">Veikko my\u00f6s tiet\u00e4\u00e4, mik\u00e4 on pitk\u00e4n parisuhteen liima.<\/p>\n<p class=\"article-body mb-nof-24 px-nof-16\">\u2013 Rakkaus, tietysti. En min\u00e4 ole keksinyt j\u00e4rkev\u00e4mp\u00e4\u00e4 selityst\u00e4 sille, miksi ollaan n\u00e4in pitk\u00e4\u00e4n oltu, tuumaa Veikko.<\/p>\n","protected":false},"excerpt":{"rendered":"Jokin aika sitten Riitta Raitala, 69, luki lehtiartikkelia. Siin\u00e4 oli tutkimustuloksia ik\u00e4ihmisten rakkausel\u00e4m\u00e4st\u00e4 Englannissa: sen mukaan melkein kaikki&hellip;\n","protected":false},"author":2,"featured_media":127693,"comment_status":"","ping_status":"","sticky":false,"template":"","format":"standard","meta":{"footnotes":""},"categories":[130],"tags":[137,33,31,30,34,32,109],"class_list":{"0":"post-127692","1":"post","2":"type-post","3":"status-publish","4":"format-standard","5":"has-post-thumbnail","7":"category-viihde","8":"tag-entertainment","9":"tag-fi","10":"tag-finland","11":"tag-finnish","12":"tag-ilta-sanomat","13":"tag-suomi","14":"tag-viihde"},"share_on_mastodon":{"url":"https:\/\/pubeurope.com\/@fi\/115796214029889163","error":""},"_links":{"self":[{"href":"https:\/\/www.europesays.com\/fi\/wp-json\/wp\/v2\/posts\/127692","targetHints":{"allow":["GET"]}}],"collection":[{"href":"https:\/\/www.europesays.com\/fi\/wp-json\/wp\/v2\/posts"}],"about":[{"href":"https:\/\/www.europesays.com\/fi\/wp-json\/wp\/v2\/types\/post"}],"author":[{"embeddable":true,"href":"https:\/\/www.europesays.com\/fi\/wp-json\/wp\/v2\/users\/2"}],"replies":[{"embeddable":true,"href":"https:\/\/www.europesays.com\/fi\/wp-json\/wp\/v2\/comments?post=127692"}],"version-history":[{"count":0,"href":"https:\/\/www.europesays.com\/fi\/wp-json\/wp\/v2\/posts\/127692\/revisions"}],"wp:featuredmedia":[{"embeddable":true,"href":"https:\/\/www.europesays.com\/fi\/wp-json\/wp\/v2\/media\/127693"}],"wp:attachment":[{"href":"https:\/\/www.europesays.com\/fi\/wp-json\/wp\/v2\/media?parent=127692"}],"wp:term":[{"taxonomy":"category","embeddable":true,"href":"https:\/\/www.europesays.com\/fi\/wp-json\/wp\/v2\/categories?post=127692"},{"taxonomy":"post_tag","embeddable":true,"href":"https:\/\/www.europesays.com\/fi\/wp-json\/wp\/v2\/tags?post=127692"}],"curies":[{"name":"wp","href":"https:\/\/api.w.org\/{rel}","templated":true}]}}