{"id":127702,"date":"2025-12-28T08:36:10","date_gmt":"2025-12-28T08:36:10","guid":{"rendered":"https:\/\/www.europesays.com\/fi\/127702\/"},"modified":"2025-12-28T08:36:10","modified_gmt":"2025-12-28T08:36:10","slug":"veljen-luo-amanda-jansson-vaihtaa-myrskyluodon-synkkaan-pohjolaan-uudessa-sarjassa","status":"publish","type":"post","link":"https:\/\/www.europesays.com\/fi\/127702\/","title":{"rendered":"Veljen luo: Amanda Jansson vaihtaa Myrskyluodon synkk\u00e4\u00e4n pohjolaan uudessa sarjassa"},"content":{"rendered":"<p>Ylell\u00e4 alkaa menestysromaaniin perustuva sarja, jossa sisarukset paljastavat j\u00e4rkytt\u00e4v\u00e4n salaisuuden.<\/p>\n<p class=\"article-body mb-nof-24 px-nof-16\">Tv-lehti arvioi: Ohuella langalla -poliisisarjasta tuttu <a class=\"article-personlink\" href=\"https:\/\/www.is.fi\/haku\/?query=Amanda%20Jansson\" rel=\"nofollow noopener\" target=\"_blank\">Amanda Jansson<\/a> valloitti suomalaisetkin ahvenanmaalaisen Myrskyluodon Maijan roolissa. <a class=\"article-personlink\" href=\"https:\/\/www.is.fi\/haku\/?query=Karin%20Smirnoffin\" rel=\"nofollow noopener\" target=\"_blank\">Karin Smirnoffin<\/a> ylistettyyn romaaniin pohjautuvassa, synk\u00e4ss\u00e4 sarjassa h\u00e4n vaihtaa maisemaa pohjoiseen ja tyylilajia rankempaan. Roolity\u00f6 on j\u00e4lleen menestys, ja sarjan kantava voima.<\/p>\n<p class=\"article-body mb-nof-24 px-nof-16\">L\u00e4hdin Veljen luo -trilogian kirjoja on Ruotsissa myyty yhteens\u00e4 yli puoli miljoonaa kappaletta, joten tv-sarjallekin lienee jatkoa luvassa.<\/p>\n<p class=\"article-body mb-nof-24 px-nof-16\">Aloitus on karu. Bussi j\u00e4tt\u00e4\u00e4 nuoren naisen mets\u00e4isen tien varteen. Taivas tuiskuttaa lunta, kaamos painaa p\u00e4\u00e4lle, ja yksin\u00e4isyys kietoo taivaltajan. Paikalle osuu auto.<\/p>\n<p class=\"article-body mb-nof-24 px-nof-16\">Jos Veljen luo olisi amerikkalainen sarja tai kauhuelokuva, ratin takana istuisi arvatenkin psykopaatti. Koska sarja on kuitenkin pohjoismainen, muukalainen nimelt\u00e4 John (<a class=\"article-personlink\" href=\"https:\/\/www.is.fi\/haku\/?query=Jakob%20%C3%96hrman\" rel=\"nofollow noopener\" target=\"_blank\">Jakob \u00d6hrman<\/a>) tarjoaa kylm\u00e4st\u00e4 v\u00e4risev\u00e4lle naiselle kintaat k\u00e4teen.<\/p>\n<p class=\"article-body mb-nof-24 px-nof-16\">Pahat asiat liittyv\u00e4t sen sijaan menneisyyteen. Niiss\u00e4 riitt\u00e4\u00e4 kaivamista hyvinkin nelj\u00e4n jakson ajaksi.<\/p>\n<p><img decoding=\"async\" src=\"https:\/\/www.europesays.com\/fi\/wp-content\/uploads\/2025\/12\/1766910970_278_468.jpg\" alt=\"Risti ei irtoa sein\u00e4st\u00e4, eik\u00e4 menneisyys Janan (Amanda Jansson) ja Brorin (Rasmus Johansson) mielist\u00e4.\" class=\"_Img_1rerz_1\" style=\"aspect-ratio:1.5\" loading=\"eager\"\/><\/p>\n<p class=\"article-picture-caption\">Risti ei irtoa sein\u00e4st\u00e4, eik\u00e4 menneisyys Janan (Amanda Jansson) ja Brorin (Rasmus Johansson) mielist\u00e4. Kuva:\u00a0YLE\/SAGA BERLIN<\/p>\n<p class=\"article-body mb-nof-24 px-nof-16\">Nainen on taiteilijaksi kasvanut Jana Kippo, joka palaa kotiseudulle pohjoiseen V\u00e4sterbotteniin kaksosvelje\u00e4\u00e4n Broria (Rasmus Johansson) tukemaan. T\u00e4m\u00e4 on menett\u00e4nyt t\u00e4rke\u00e4n naisen nimelt\u00e4 Maria h\u00e4m\u00e4riss\u00e4 olosuhteissa, ja ryyppy on j\u00e4\u00e4nyt p\u00e4\u00e4lle. Brorin k\u00e4mp\u00e4ss\u00e4 jokainen kaapinoven avaus merkitsee riski\u00e4 saada tyhjien t\u00f6lkkien vy\u00f6ry niskaan.<\/p>\n<p class=\"article-body mb-nof-24 px-nof-16\">Eik\u00e4 siin\u00e4 ole kaikki. Tietenk\u00e4\u00e4n.<\/p>\n<p class=\"article-body mb-nof-24 px-nof-16\">Vaikkei ohjaaja <a class=\"article-personlink\" href=\"https:\/\/www.is.fi\/haku\/?query=Sanna%20Lenken\" rel=\"nofollow noopener\" target=\"_blank\">Sanna Lenken<\/a> aina v\u00e4lill\u00e4 n\u00e4ytt\u00e4isik\u00e4\u00e4n puistattavia v\u00e4l\u00e4hdyksi\u00e4 hirmuvaltaa pit\u00e4neest\u00e4 is\u00e4st\u00e4, jo pelk\u00e4st\u00e4 siskon ja veljen l\u00e4sn\u00e4olosta vaistoaa oleellisen: menneisyydess\u00e4 riitt\u00e4\u00e4 julmaa taakkaa, jota ei yksi ihminen ei pysty kantamaan. Tai edes tahdo.<\/p>\n<p class=\"article-body mb-nof-24 px-nof-16\">\u2013 Anna olla. Tied\u00e4t, etten halua kohdata sit\u00e4 el\u00e4v\u00e4n\u00e4 tai kuolleena, t\u00f6ks\u00e4ytt\u00e4\u00e4 Jana \u00e4idist\u00e4 veljelleen.<\/p>\n<p class=\"article-body mb-nof-24 px-nof-16\">Toisaalta edesmenneen Marian hahmo liitt\u00e4\u00e4 Janan ja Brorin yhteyteen viel\u00e4 alussa tavatun, apua tarjonneen Johnin. T\u00e4h\u00e4nkin kohtalonyhteyteen liittyy tukku heikommin tai paremmin haudattuja salaisuuksia. Yhteens\u00e4 ne tekev\u00e4t sarjasta k\u00e4yt\u00e4nn\u00f6llisesti katsoen j\u00e4nn\u00e4rin.<\/p>\n<p class=\"article-body mb-nof-24 px-nof-16\">Sellaisena Veljen luo kyll\u00e4 toimii, mutta Karin Smirnoffin iskev\u00e4\u00e4 lausetta tai mustan huumorin pisaroita eiv\u00e4t tekij\u00e4t oikein onnistuneet sarjaan siirt\u00e4m\u00e4\u00e4n.<\/p>\n<p class=\"article-body mb-nof-24 px-nof-16\">\u2013 Proosassa pit\u00e4\u00e4 olla eteenp\u00e4in tekemisen meininki. \u00c4ks\u00f6ni\u00e4. Tajunnanvirta olisi tyls\u00e4\u00e4 luettavaa, m\u00e4\u00e4ritteli kirjailija Helsingin Sanomien haastattelussa.<\/p>\n<p class=\"article-body mb-nof-24 px-nof-16\">Nyt l\u00e4hinn\u00e4 vain Amanda Janssonin vahva roolity\u00f6 erottaa sarjan monista muista pohjoismaisen synkkyyden ja arktisen hysterian kuvauksista.<\/p>\n<p class=\"article-body mb-nof-24 px-nof-16\">Tavallaan n\u00e4yttelij\u00e4 pystyi rakentamaan Janan hahmon aiempien rooliensa p\u00e4\u00e4lle. Jo Ohuella langalla -sarjan inhimillinen poliisi Sara on joutunut jatkuvasti kohtaamaan arjen tuhoisat, varjoisat puolet. Toisaalta kun Myrskyluodon Maijan taistelijaluonteeseen lataa lis\u00e4\u00e4 kierroksia, ollaan jo l\u00e4hell\u00e4 t\u00e4m\u00e4n sarjan Janaa.<\/p>\n<p class=\"article-body mb-nof-24 px-nof-16\">Karin Smirnoff on kolmen Jana Kippo -romaanin j\u00e4lkeen siirtynyt kirjoittamaan jatkoa <a class=\"article-personlink\" href=\"https:\/\/www.is.fi\/haku\/?query=Stieg%20Larssonin\" rel=\"nofollow noopener\" target=\"_blank\">Stieg Larssonin<\/a> aloittamille Millennium-kirjoille. Goottihakkeri Lisbeth Salanderin j\u00e4lkeen saattaa hyvinkin olla taas Jana Kippon vuoro. Hahmoissa on sukulaisuutta.<\/p>\n<p class=\"article-body mb-nof-24 px-nof-16\">\u2013 Rakkaudessa Jana on huonoin, pelk\u00e4\u00e4 parisuhteita, koska h\u00e4nen on vaikea luottaa kehenk\u00e4\u00e4n. H\u00e4ness\u00e4 olisi viel\u00e4 vaikka kuinka paljon kirjoitettavaa, Smirnoff vihjaisi haastattelussaan.<\/p>\n<p class=\"article-body nof-ui-body-medium mb-nof-24 px-nof-16\">Veljen luo TV1 klo 21.55 sunnuntaina 28.12. sek\u00e4 Yle Areena<\/p>\n","protected":false},"excerpt":{"rendered":"Ylell\u00e4 alkaa menestysromaaniin perustuva sarja, jossa sisarukset paljastavat j\u00e4rkytt\u00e4v\u00e4n salaisuuden. Tv-lehti arvioi: Ohuella langalla -poliisisarjasta tuttu Amanda Jansson&hellip;\n","protected":false},"author":2,"featured_media":127703,"comment_status":"","ping_status":"","sticky":false,"template":"","format":"standard","meta":{"footnotes":""},"categories":[136],"tags":[407,137,33,31,30,34,408,32,109],"class_list":{"0":"post-127702","1":"post","2":"type-post","3":"status-publish","4":"format-standard","5":"has-post-thumbnail","7":"category-julkkikset","8":"tag-celebrities","9":"tag-entertainment","10":"tag-fi","11":"tag-finland","12":"tag-finnish","13":"tag-ilta-sanomat","14":"tag-julkkikset","15":"tag-suomi","16":"tag-viihde"},"share_on_mastodon":{"url":"https:\/\/pubeurope.com\/@fi\/115796285072451444","error":""},"_links":{"self":[{"href":"https:\/\/www.europesays.com\/fi\/wp-json\/wp\/v2\/posts\/127702","targetHints":{"allow":["GET"]}}],"collection":[{"href":"https:\/\/www.europesays.com\/fi\/wp-json\/wp\/v2\/posts"}],"about":[{"href":"https:\/\/www.europesays.com\/fi\/wp-json\/wp\/v2\/types\/post"}],"author":[{"embeddable":true,"href":"https:\/\/www.europesays.com\/fi\/wp-json\/wp\/v2\/users\/2"}],"replies":[{"embeddable":true,"href":"https:\/\/www.europesays.com\/fi\/wp-json\/wp\/v2\/comments?post=127702"}],"version-history":[{"count":0,"href":"https:\/\/www.europesays.com\/fi\/wp-json\/wp\/v2\/posts\/127702\/revisions"}],"wp:featuredmedia":[{"embeddable":true,"href":"https:\/\/www.europesays.com\/fi\/wp-json\/wp\/v2\/media\/127703"}],"wp:attachment":[{"href":"https:\/\/www.europesays.com\/fi\/wp-json\/wp\/v2\/media?parent=127702"}],"wp:term":[{"taxonomy":"category","embeddable":true,"href":"https:\/\/www.europesays.com\/fi\/wp-json\/wp\/v2\/categories?post=127702"},{"taxonomy":"post_tag","embeddable":true,"href":"https:\/\/www.europesays.com\/fi\/wp-json\/wp\/v2\/tags?post=127702"}],"curies":[{"name":"wp","href":"https:\/\/api.w.org\/{rel}","templated":true}]}}