{"id":127704,"date":"2025-12-28T08:39:11","date_gmt":"2025-12-28T08:39:11","guid":{"rendered":"https:\/\/www.europesays.com\/fi\/127704\/"},"modified":"2025-12-28T08:39:11","modified_gmt":"2025-12-28T08:39:11","slug":"salatut-elamat-nama-julkkikset-ovat-naytelleet-sarjassa","status":"publish","type":"post","link":"https:\/\/www.europesays.com\/fi\/127704\/","title":{"rendered":"Salatut el\u00e4m\u00e4t: N\u00e4m\u00e4 julkkikset ovat n\u00e4ytelleet sarjassa"},"content":{"rendered":"<p>\n            Salatut el\u00e4m\u00e4t -kooste<br \/>\n            Allerin arkisto\n        <\/p>\n<p class=\"subtitle \">Kohublondeja ja poliitikkoja. Siit\u00e4 on Salatut el\u00e4m\u00e4t -tehty. Katso kooste, keit\u00e4 julkisuudesta tuttuja kasvoja on n\u00e4ytellyt ikonisessa Salatut el\u00e4m\u00e4t -sarjassa.<\/p>\n<p class=\"article-content article-content-width !bg-background\">Salattujen el\u00e4mien alusta tulee kohta kuluneeksi 27 vuotta. Sarja onkin Suomen historiassa ainoa, joka on py\u00f6rinyt tv:ss\u00e4 yht\u00e4jaksoisesti n\u00e4in pitk\u00e4\u00e4n. Vuosien varrella sarjassa on vieraillut liuta julkisuudesta tuttuja henkil\u00f6it\u00e4.<\/p>\n<p class=\"font-weight-bold m-font-weight-bold article-content article-content-width !bg-background\">Video: Kuka flexaa nyt? Salatut el\u00e4m\u00e4t -n\u00e4yttelij\u00e4t.\u00a0<\/p>\n<p>Kohujulkkiksia ja kohukohtaus<\/p>\n<p class=\"article-content article-content-width !bg-background\">Vuonna 2007 Salkkarit-fanit hieraisivat silmi\u00e4\u00e4n, kun puoli kahdeksan aikaan tv-ruutuun pelmahti silloinen kohujulkkis .\u00a0<\/p>\n<p class=\"article-content article-content-width !bg-background\">H\u00e4nell\u00e4 oli pieni rooli sarjassa pr-tytt\u00f6 Mariana, joka ihastui Seppo Taalasmaahan (). Sittemmin Martinan julkisuuskuva on muuttunut ja h\u00e4nen roolinsa julkisuudessa keskittyy muuhunkin kuin kohuihin.<\/p>\n<p class=\"article-content article-content-width !bg-background\">Samaan aikaan Martinan kanssa Salkkareissa vieraili my\u00f6s kohublondi . Johanna n\u00e4ytteli Martinan roolihahmon yst\u00e4v\u00e4\u00e4.<\/p>\n<p>        <a itemprop=\"url\" href=\"https:\/\/www.seiska.fi\/kotimaa\/me-naiset-salatut-elamat-tahden-tilitys-sinkkuudesta\/2017262\" rel=\"nofollow noopener\" target=\"_blank\"><\/p>\n<p>\nMe Naiset:\n<\/p>\n<p class=\"section-date\">\n        <strong class=\"article-section\" data-section=\"kotimaa\"><br \/>\n            kotimaa<br \/>\n        <\/strong><br \/>\n        10.12. 11:01\n    <\/p>\n<p>Me Naiset: Salatut el\u00e4m\u00e4t -t\u00e4hden tilitys sinkkuudesta\n    <\/p>\n<p itemprop=\"description\" class=\"subtitle \">\n    Salkkarit-kaunotar ei innostu deittisovelluksista.\n<\/p>\n<p>        <\/a><\/p>\n<p class=\"article-content article-content-width !bg-background\">Vuosia my\u00f6hemmin Martinan ex-mies, radiojuontaja, aikoinaan Hunks-tanssiryhm\u00e4st\u00e4 julkisuuteen ponnahtanut  sai roolin Salkkareista. Eskon n\u00e4yttelem\u00e4 Petri n\u00e4htiin sarjassa ensimm\u00e4isen kerran vuonna 2022, ja kaksi vuotta my\u00f6hemmin radiojuontaja j\u00e4tti roolinsa.<\/p>\n<p>Hunkseja ja radiot\u00e4hti\u00e4\u00a0<\/p>\n<p class=\"article-content article-content-width !bg-background\">Esko r\u00e4v\u00e4ytti roolihahmollaan heti alussa, sill\u00e4 Petri ja  n\u00e4yttelem\u00e4 Kalle Laitela harrastivat seksi\u00e4. Osa katsojista suhtautui kohtaukseen negatiivisesti.<\/p>\n<p class=\"article-content article-content-width !bg-background\">\u2212 Osa ihmisist\u00e4 on kehunut tosi paljon sit\u00e4, kuinka hyv\u00e4nn\u00e4k\u00f6ist\u00e4 ja hyvin n\u00e4ytelty Petrin rooli on. Toki on v\u00e4h\u00e4n vanhempaa fanikuntaa, joissa oltiin h\u00e4keltyneit\u00e4 siit\u00e4, ett\u00e4 &#8221;kuinka sin\u00e4 nyt menet esiintym\u00e4\u00e4n homona telkkarissa?&#8221;, Eerik\u00e4inen totesi Katsolle vuosi sitten.<\/p>\n<p>        <a itemprop=\"url\" href=\"https:\/\/www.seiska.fi\/katso\/esko-eerikainen-sai-rajua-palautetta-salkkarit-roolistaan-kuinka-sina-nyt-menet-esiintymaan-homona-telkkarissa\/1253927\" rel=\"nofollow noopener\" target=\"_blank\"><\/p>\n<p class=\"section-date\">\n        <strong class=\"article-section\" data-section=\"katso\"><br \/>\n            katso<br \/>\n        <\/strong><br \/>\n        26.1.2024 16:15\n    <\/p>\n<p>Esko Eerik\u00e4inen sai rajua palautetta Salkkarit-roolistaan: &#8221;Kuinka sin\u00e4 nyt menet esiintym\u00e4\u00e4n homona telkkarissa?&#8221;\n    <\/p>\n<p itemprop=\"description\" class=\"subtitle \">\n    Esko Eerik\u00e4inen n\u00e4yttelee Salatuissa el\u00e4miss\u00e4 Kalle Laitelan kihlattua.\n<\/p>\n<p>        <\/a><\/p>\n<p class=\"article-content article-content-width !bg-background\">My\u00f6s Eskon tavoin radio- ja televisiojuontajana tunnettu  on t\u00e4hditt\u00e4nyt Salkkareita. H\u00e4nen roolihahmonsa Marika Honkanen n\u00e4ki p\u00e4iv\u00e4nvalon toukokuussa 2021. Vuotta my\u00f6hemmin h\u00e4n poistui sarjasta. Jo vuonna 2006 Susanna n\u00e4ytteli sarjassa kahden jakson verran Sirpaa.<\/p>\n<p>                <img decoding=\"async\" src=\"https:\/\/www.europesays.com\/fi\/wp-content\/uploads\/2025\/12\/747291.webp\" width=\"576\" height=\"274\" alt=\"Sami Sarjulan Salkkarit-pesti p\u00e4\u00e4ttyi vuonna 2013.\" loading=\"lazy\" \/>            <\/p>\n<p>\n            Sami Sarjulan Salkkarit-pesti p\u00e4\u00e4ttyi vuonna 2013.<\/p>\n<p class=\"article-content article-content-width !bg-background\">Muitakin Hunks-tanssijoita on sarjassa n\u00e4hty. Vuonna 2008 sarjaan vierailevaksi roolihenkil\u00f6ksi tuli .\u00a0<\/p>\n<p class=\"article-content article-content-width !bg-background\">Viisi vuotta aiemmin Ossi Puolakan rooliin valittiin , joka oli my\u00f6s tuttu niin ik\u00e4\u00e4n Hunkseista.<\/p>\n<p>Pakkeja ja artisteja<\/p>\n<p class=\"article-content article-content-width !bg-background\">Viimeisin artistivierailu sarjassa n\u00e4htiin viime vuoden talvena, kun Emma-palkittu laulaja  esiintyi sarjassa kahvilakohtauksessa lavalla. My\u00f6s muita artisteja on n\u00e4hty esiintym\u00e4ss\u00e4 Salkkareissa, kuten .<\/p>\n<p>        <a itemprop=\"url\" href=\"https:\/\/www.seiska.fi\/katso\/jattiyllatys-bess-salatut-elamat-sarjaan\/1264264\" rel=\"nofollow noopener\" target=\"_blank\"><\/p>\n<p class=\"section-date\">\n        <strong class=\"article-section\" data-section=\"katso\"><br \/>\n            katso<br \/>\n        <\/strong><br \/>\n        14.2.2024 05:00\n    <\/p>\n<p>J\u00e4ttiyll\u00e4tys! Bess Salatut el\u00e4m\u00e4t -sarjaan\n    <\/p>\n<p itemprop=\"description\" class=\"subtitle \">\n    Salatut el\u00e4m\u00e4t -sarjassa tavataan ensi viikolla yll\u00e4tysvieras.\n<\/p>\n<p>        <\/a><\/p>\n<p class=\"article-content article-content-width !bg-background\">Vuonna 2022 laulaja  puolestaan n\u00e4htiin pieness\u00e4 roolissa valokuvaajana.<\/p>\n<p class=\"article-content article-content-width !bg-background\">Rokkikukko  yll\u00e4tti faninsa, kun h\u00e4n ilmestyi vuonna 2016 Salkkareihin ravintola Mooseen.<\/p>\n<p class=\"article-content article-content-width !bg-background\">Vuonna 1999 sarjassa n\u00e4htiin Kwan-yhtyeest\u00e4 tuttu , joka n\u00e4ytteli sarjassa vuoden verran Virpi Hurme -nimist\u00e4 roolihahmoa. Juonenk\u00e4\u00e4nteiss\u00e4 Virpi sai pakit  t\u00e4hditt\u00e4m\u00e4lt\u00e4 Saku Salinilta.<\/p>\n<p>        <a itemprop=\"url\" href=\"https:\/\/www.seiska.fi\/katso\/suvi-terasniska-salatut-elamat-sarjaan-esittaa-muotikuvaajaa\/196266\" rel=\"nofollow noopener\" target=\"_blank\"><\/p>\n<p>\ntv\n<\/p>\n<p class=\"section-date\">\n        <strong class=\"article-section\" data-section=\"katso\"><br \/>\n            katso<br \/>\n        <\/strong><br \/>\n        31.8.2022 05:00\n    <\/p>\n<p>Suvi Ter\u00e4sniska Salatut el\u00e4m\u00e4t -sarjaan \u2013 esitt\u00e4\u00e4 muotikuvaajaa\n    <\/p>\n<p>        <\/a><\/p>\n<p>Poliitikkoja ja n\u00e4yttelij\u00f6it\u00e4<\/p>\n<p class=\"article-content article-content-width !bg-background\">My\u00f6s tunnettuja n\u00e4yttelij\u00f6it\u00e4 on vieraillut vakiokasvojen lis\u00e4ksi sarjassa.<\/p>\n<p class=\"article-content article-content-width !bg-background\">Jussi-palkittu n\u00e4yttelij\u00e4  vieraili Salkkareissa vuonna 2006. H\u00e4n n\u00e4ytteli adoptoidun Tanelin () biologista \u00e4iti\u00e4.<\/p>\n<p class=\"article-content article-content-width !bg-background\">Pitk\u00e4n linjan n\u00e4yttelij\u00e4  n\u00e4htiin Salkkareissa vuonna 2002, kun h\u00e4n n\u00e4ytteli Salinien lastenhoitajaa Marja-t\u00e4ti\u00e4.<\/p>\n<p class=\"article-content article-content-width !bg-background\">Salkkareiden alkuvuosina Kallen (Pete Lattu) poikayst\u00e4v\u00e4\u00e4 n\u00e4ytteli , joka tunnetaan muun muassa Olen suomalainen -elokuvasta, jossa h\u00e4n n\u00e4ytteli . My\u00f6s muun muassa n\u00e4yttelij\u00e4t  ja  ovat n\u00e4ytelleet sarjassa.<\/p>\n<p>        <a itemprop=\"url\" href=\"https:\/\/www.seiska.fi\/katso\/salatut-elamat-paattyy-nama-hahmot-jattivat-sarjan\/2025913\" rel=\"nofollow noopener\" target=\"_blank\"><\/p>\n<p>\nSalatut el\u00e4m\u00e4t p\u00e4\u00e4ttyy\n<\/p>\n<p class=\"section-date\">\n        <strong class=\"article-section\" data-section=\"katso\"><br \/>\n            katso<br \/>\n        <\/strong><br \/>\n        23.12. 05:15\n    <\/p>\n<p>Salatut el\u00e4m\u00e4t p\u00e4\u00e4ttyy \u2013 n\u00e4m\u00e4 hahmot j\u00e4ttiv\u00e4t sarjan\n    <\/p>\n<p itemprop=\"description\" class=\"subtitle \">\n    Salatut el\u00e4m\u00e4t -sarjan ikonisella Pihlajakadulla ovi on k\u00e4ynyt j\u00e4lleen tiuhahkoon tahtiin vuonna 2025.\n<\/p>\n<p>        <\/a><\/p>\n<p>                <img decoding=\"async\" src=\"https:\/\/www.europesays.com\/fi\/wp-content\/uploads\/2025\/12\/225201.webp\" width=\"576\" height=\"274\" alt=\"Antti Reini on n\u00e4hty my\u00f6s Salkkareissa.\" loading=\"lazy\" \/>            <\/p>\n<p>\n            Antti Reini on n\u00e4hty my\u00f6s Salkkareissa.<br \/>\n            MTV\n        <\/p>\n<p class=\"article-content article-content-width !bg-background\">Vares-t\u00e4hti  vieraili my\u00f6s sarjassa vuonna 2022.<\/p>\n<p class=\"article-content article-content-width !bg-background\">T\u00e4ll\u00e4 hetkell\u00e4 sarjaa t\u00e4hditt\u00e4\u00e4 muun muassa Kumman kaa -kokoonpanosta tuttu .<\/p>\n<p>        <a itemprop=\"url\" href=\"https:\/\/www.seiska.fi\/katso\/kumman-kaa-tahdelta-paljastus-tilanteestaan\/1997349\" rel=\"nofollow noopener\" target=\"_blank\"><\/p>\n<p>\nKumman kaa -t\u00e4hti\n<\/p>\n<p class=\"section-date\">\n        <strong class=\"article-section\" data-section=\"katso\"><br \/>\n            katso<br \/>\n        <\/strong><br \/>\n        1.12. 12:15\n    <\/p>\n<p>Kumman kaa -t\u00e4hdelt\u00e4 paljastus tilanteestaan\n    <\/p>\n<p itemprop=\"description\" class=\"subtitle \">\n    Kumman kaa -suosikkisarjasta tuttua Minna Koskelaa on n\u00e4hty viime aikoina Salatuissa el\u00e4miss\u00e4.\n<\/p>\n<p>        <\/a><\/p>\n<p class=\"article-content article-content-width !bg-background\">My\u00f6s muita yll\u00e4tt\u00e4vi\u00e4 nimi\u00e4 on ollut sarjassa mukana, kuten poliitikko , joka n\u00e4ytteli 11 jakson verran Kalle Laitelan poikayst\u00e4v\u00e4\u00e4.<\/p>\n<p class=\"article-content article-content-width !bg-background\">My\u00f6s uutisankkuri  on piipahtanut sarjassa oman ammattinsa edustajana.\u00a0<\/p>\n<p class=\"article-content article-content-width !bg-background\">Legendaarinen laulaja, jo edesmennyt  esiintyi sarjassa vuonna 1999, kun sarjassa roolihahmot tulivat kuuntelemaan h\u00e4nen konserttiaan.<\/p>\n<p class=\"italic m-italic article-content article-content-width !bg-background\">Salatut el\u00e4m\u00e4t arkisin MTV3-kanavalla ja MTV Katsomossa.\u00a0<\/p>\n<p>        <a itemprop=\"url\" href=\"https:\/\/www.seiska.fi\/katso\/yokylassa-maria-veitola-saa-jatkoa-mukana-osmo-ja-mikko-peltola\/2026333\" rel=\"nofollow noopener\" target=\"_blank\"><\/p>\n<p>\nMukana Osmo ja Mikko Peltola!\n<\/p>\n<p class=\"section-date\">\n        <strong class=\"article-section\" data-section=\"katso\"><br \/>\n            katso<br \/>\n        <\/strong><br \/>\n        19.12. 08:09\n    <\/p>\n<p>Y\u00f6kyl\u00e4ss\u00e4 Maria Veitola saa jatkoa \u2013 mukana Osmo ja Mikko Peltola\n    <\/p>\n<p itemprop=\"description\" class=\"subtitle \">\n    Toimittaja Maria Veitola on y\u00f6pynyt jo yli sadan tunnetun suomalaisen kodissa. Tulevalla kaudella Maria tapaa muun muassa Mikko ja Osmo Peltolan.\n<\/p>\n<p>        <\/a><\/p>\n","protected":false},"excerpt":{"rendered":"Salatut el\u00e4m\u00e4t -kooste Allerin arkisto Kohublondeja ja poliitikkoja. Siit\u00e4 on Salatut el\u00e4m\u00e4t -tehty. Katso kooste, keit\u00e4 julkisuudesta tuttuja&hellip;\n","protected":false},"author":2,"featured_media":127705,"comment_status":"","ping_status":"","sticky":false,"template":"","format":"standard","meta":{"footnotes":""},"categories":[133],"tags":[7895,22596,22600,3717,137,1176,33,31,30,5865,2878,905,1342,622,22597,8720,209,22598,12062,22599,32,6921,206,18646,156,109],"class_list":{"0":"post-127704","1":"post","2":"type-post","3":"status-publish","4":"format-standard","5":"has-post-thumbnail","7":"category-televisiot","8":"tag-anna-abreu","9":"tag-antero-vartia","10":"tag-anu-sinisalo","11":"tag-bess","12":"tag-entertainment","13":"tag-esko-eerikainen","14":"tag-fi","15":"tag-finland","16":"tag-finnish","17":"tag-johanna-tukiainen","18":"tag-martina-aitolehti","19":"tag-mtv3","20":"tag-nayttelija","21":"tag-nayttelijat","22":"tag-pete-lattu","23":"tag-petteri-summanen","24":"tag-salatut-elamat","25":"tag-sami-sarjula","26":"tag-sinikka-sokka","27":"tag-suomen-televisiohistoria","28":"tag-suomi","29":"tag-suvi-terasniska","30":"tag-televisiot","31":"tag-topi-sorsakoski","32":"tag-tv","33":"tag-viihde"},"share_on_mastodon":{"url":"https:\/\/pubeurope.com\/@fi\/115796297003612099","error":""},"_links":{"self":[{"href":"https:\/\/www.europesays.com\/fi\/wp-json\/wp\/v2\/posts\/127704","targetHints":{"allow":["GET"]}}],"collection":[{"href":"https:\/\/www.europesays.com\/fi\/wp-json\/wp\/v2\/posts"}],"about":[{"href":"https:\/\/www.europesays.com\/fi\/wp-json\/wp\/v2\/types\/post"}],"author":[{"embeddable":true,"href":"https:\/\/www.europesays.com\/fi\/wp-json\/wp\/v2\/users\/2"}],"replies":[{"embeddable":true,"href":"https:\/\/www.europesays.com\/fi\/wp-json\/wp\/v2\/comments?post=127704"}],"version-history":[{"count":0,"href":"https:\/\/www.europesays.com\/fi\/wp-json\/wp\/v2\/posts\/127704\/revisions"}],"wp:featuredmedia":[{"embeddable":true,"href":"https:\/\/www.europesays.com\/fi\/wp-json\/wp\/v2\/media\/127705"}],"wp:attachment":[{"href":"https:\/\/www.europesays.com\/fi\/wp-json\/wp\/v2\/media?parent=127704"}],"wp:term":[{"taxonomy":"category","embeddable":true,"href":"https:\/\/www.europesays.com\/fi\/wp-json\/wp\/v2\/categories?post=127704"},{"taxonomy":"post_tag","embeddable":true,"href":"https:\/\/www.europesays.com\/fi\/wp-json\/wp\/v2\/tags?post=127704"}],"curies":[{"name":"wp","href":"https:\/\/api.w.org\/{rel}","templated":true}]}}