{"id":127710,"date":"2025-12-28T08:44:08","date_gmt":"2025-12-28T08:44:08","guid":{"rendered":"https:\/\/www.europesays.com\/fi\/127710\/"},"modified":"2025-12-28T08:44:08","modified_gmt":"2025-12-28T08:44:08","slug":"eila-roineen-kuolinilmoitus-julkaistiin-lopussa-koskettava-kiitos","status":"publish","type":"post","link":"https:\/\/www.europesays.com\/fi\/127710\/","title":{"rendered":"Eila Roineen kuolinilmoitus julkaistiin \u2013 Lopussa koskettava kiitos"},"content":{"rendered":"<p>Eila Roine siunataan haudan lepoon tammikuussa.<\/p>\n<p><img decoding=\"async\" class=\"image image-show image-preview\" src=\"https:\/\/www.europesays.com\/fi\/wp-content\/uploads\/2025\/12\/645c5365c6370c393300104b9bc696cc0d3006954e6c326448de6aebe1c2e951.jpg\" alt=\"\"\/><img decoding=\"async\" class=\"image image-show\" src=\"https:\/\/www.europesays.com\/fi\/wp-content\/uploads\/2025\/12\/1766911448_563_645c5365c6370c393300104b9bc696cc0d3006954e6c326448de6aebe1c2e951.jpg\" alt=\"\"\/><\/p>\n<p>Eila Roine loi pitk\u00e4\u00e4 uraa n\u00e4yttelij\u00e4n\u00e4. Minna Jalovaara<\/p>\n<p class=\"paragraph\">N\u00e4yttelij\u00e4 <a href=\"https:\/\/www.iltalehti.fi\/henkilot\/Eila Roine\" class=\"article-link-person-page\" rel=\"nofollow noopener\" target=\"_blank\">Eila Roineen<\/a> kuolinilmoitus on julkaistu <a href=\"https:\/\/nakoislehti.hs.fi\/9f379a14-a22c-4e36-b54c-6d2ab6311957\/1\" rel=\"noopener nofollow\" target=\"_blank\">Helsingin Sanomissa<\/a> ja <a href=\"https:\/\/nakoislehti.aamulehti.fi\/43365443-07e8-4be8-b509-fa06888945fe\/43?gtmshogun=d00c1fe9cd33aa8f34a35a081d78fa45\" rel=\"noopener nofollow\" target=\"_blank\">Aamulehdess\u00e4<\/a>. Roine kuoli 8. joulukuuta 94-vuotiaana.<\/p>\n<p class=\"paragraph\">Kuolinilmoituksen ovat allekirjoittaneet Roineen l\u00e4heiset.<\/p>\n<p class=\"paragraph\">\u2013 Rakas \u00e4iti, mummi, isomummi ja teatterineuvos, ilmoituksessa lukee.<\/p>\n<p class=\"paragraph\">Ilmoitukseen on my\u00f6s lainattu ote n\u00e4ytelm\u00e4st\u00e4 Grace ja Glorie.<\/p>\n<p class=\"paragraph\">Kaikki t\u00e4ss\u00e4 maailmassa on yhteydess\u00e4 toisiinsa, kuin silmukat villapaidassa<\/p>\n<p class=\"paragraph\">Ehk\u00e4 se oli el\u00e4m\u00e4ni tarkoitus, yksi silmukka villapaidassa pit\u00e4m\u00e4ss\u00e4<\/p>\n<p class=\"paragraph\">yhdell\u00e4 k\u00e4dell\u00e4 kiinni silmukasta ennen<\/p>\n<p class=\"paragraph\">minua ja toisella silmukasta minun j\u00e4lkeeni<\/p>\n<p class=\"paragraph\">Vaikka siin\u00e4 olisi kaikki, mink\u00e4 vuoksi minut on pantu t\u00e4nne, oli se silti aika t\u00e4rke\u00e4\u00e4.<\/p>\n<p class=\"paragraph\">Kuolinilmoituksessa kerrotaan, ett\u00e4 Roine siunataan 9. tammikuuta Tampereen Tuomiokirkossa. Ilmoituksessa kerrotaan, ett\u00e4 saattaja voi tuoda halutessaan yhden ruusun.<\/p>\n<p class=\"paragraph\">Muistotilaisuus pidet\u00e4\u00e4n omaisten ja ty\u00f6kavereiden kesken.<\/p>\n<p class=\"paragraph\">Lopuksi ilmoituksessa esitet\u00e4\u00e4n kiitokset Roinetta hoitaneille.<\/p>\n<p class=\"paragraph\">\u2013 Kiit\u00e4mme ryhm\u00e4koti Willa Violan hoitohenkil\u00f6kuntaa \u00e4itimme hyv\u00e4st\u00e4 hoidosta. Ja kiitos ihmiset, tutut ja tuntemattomat, niist\u00e4 lukuisista viesteist\u00e4, joissa olette muistelleet Eilaa ja lohduttaneet meit\u00e4.<\/p>\n<p class=\"paragraph\">Kiitoksen ovat allekirjoittaneet Roineen lapset <strong>Tommi<\/strong> ja <strong>Janne<\/strong>.<\/p>\n<p class=\"paragraph\">Pitk\u00e4n uran n\u00e4yttelij\u00e4n\u00e4 tehnyt Roine tuli tunnetuksi Heikki ja Kaija -sarjasta. Tampereen Ty\u00f6v\u00e4en Teatterissa Roine n\u00e4ytteli yli nelj\u00e4 vuosikymment\u00e4 1951-1994.<\/p>\n<p class=\"paragraph\">Roine muistetaan my\u00f6s muun muassa Pikku Kakkosen Eila-mummina.<\/p>\n","protected":false},"excerpt":{"rendered":"Eila Roine siunataan haudan lepoon tammikuussa. Eila Roine loi pitk\u00e4\u00e4 uraa n\u00e4yttelij\u00e4n\u00e4. Minna Jalovaara N\u00e4yttelij\u00e4 Eila Roineen kuolinilmoitus&hellip;\n","protected":false},"author":2,"featured_media":127711,"comment_status":"","ping_status":"","sticky":false,"template":"","format":"standard","meta":{"footnotes":""},"categories":[130],"tags":[35,137,33,31,30,99,100,718,98,32,140,109],"class_list":{"0":"post-127710","1":"post","2":"type-post","3":"status-publish","4":"format-standard","5":"has-post-thumbnail","7":"category-viihde","8":"tag-24h","9":"tag-entertainment","10":"tag-fi","11":"tag-finland","12":"tag-finnish","13":"tag-lapset","14":"tag-lapset-ja-nuoret","15":"tag-nayttamotaide","16":"tag-perhe","17":"tag-suomi","18":"tag-tv-ja-elokuvat","19":"tag-viihde"},"share_on_mastodon":{"url":"https:\/\/pubeurope.com\/@fi\/115796316409371245","error":""},"_links":{"self":[{"href":"https:\/\/www.europesays.com\/fi\/wp-json\/wp\/v2\/posts\/127710","targetHints":{"allow":["GET"]}}],"collection":[{"href":"https:\/\/www.europesays.com\/fi\/wp-json\/wp\/v2\/posts"}],"about":[{"href":"https:\/\/www.europesays.com\/fi\/wp-json\/wp\/v2\/types\/post"}],"author":[{"embeddable":true,"href":"https:\/\/www.europesays.com\/fi\/wp-json\/wp\/v2\/users\/2"}],"replies":[{"embeddable":true,"href":"https:\/\/www.europesays.com\/fi\/wp-json\/wp\/v2\/comments?post=127710"}],"version-history":[{"count":0,"href":"https:\/\/www.europesays.com\/fi\/wp-json\/wp\/v2\/posts\/127710\/revisions"}],"wp:featuredmedia":[{"embeddable":true,"href":"https:\/\/www.europesays.com\/fi\/wp-json\/wp\/v2\/media\/127711"}],"wp:attachment":[{"href":"https:\/\/www.europesays.com\/fi\/wp-json\/wp\/v2\/media?parent=127710"}],"wp:term":[{"taxonomy":"category","embeddable":true,"href":"https:\/\/www.europesays.com\/fi\/wp-json\/wp\/v2\/categories?post=127710"},{"taxonomy":"post_tag","embeddable":true,"href":"https:\/\/www.europesays.com\/fi\/wp-json\/wp\/v2\/tags?post=127710"}],"curies":[{"name":"wp","href":"https:\/\/api.w.org\/{rel}","templated":true}]}}