{"id":127712,"date":"2025-12-28T08:47:12","date_gmt":"2025-12-28T08:47:12","guid":{"rendered":"https:\/\/www.europesays.com\/fi\/127712\/"},"modified":"2025-12-28T08:47:12","modified_gmt":"2025-12-28T08:47:12","slug":"nothing-julkaisi-android-16-nothing-os-4-0-paivityksen-cmf-alypuhelimilleen","status":"publish","type":"post","link":"https:\/\/www.europesays.com\/fi\/127712\/","title":{"rendered":"Nothing julkaisi Android 16 \/ Nothing OS 4.0 -p\u00e4ivityksen CMF-\u00e4lypuhelimilleen"},"content":{"rendered":"<p class=\"wp-block-teknavifi-ingressheading\">Nothing on laajentanut Android 16 -k\u00e4ytt\u00f6j\u00e4rjestelm\u00e4versioon pohjautuvan Nothing OS 4.0 -ohjelmistonsa jakelua p\u00e4ivityksen\u00e4 CMF-alabr\u00e4ndins\u00e4 puhelimille.<\/p>\n<p>Ensimm\u00e4isen\u00e4 Nothing toi <a href=\"https:\/\/mobiili.fi\/2025\/11\/21\/nothing-julkaisi-historian-suurimman-paivityksensa-android-16-pohjainen-nothing-os-4-0-tuli-saataville-phone-3lle\/\" rel=\"nofollow noopener\" target=\"_blank\">Nothing OS 4.0:n p\u00e4ivityksen\u00e4 k\u00e4rkipuhelimelleen Phone (3):lle 21. marraskuuta alkaen<\/a>, ja <a href=\"https:\/\/mobiili.fi\/2025\/11\/30\/nothing-laajensi-vauhdilla-android-16-nothing-os-4-0-paivityksiaan-saatavilla-nyt-edullisemmille-ja-vanhemmille-puhelimillekin\/\" rel=\"nofollow noopener\" target=\"_blank\">marraskuun lopulta alkaen p\u00e4ivityksen saivat jo my\u00f6s Phone (2), Phone (2a) ja Phone (2a) Plus sek\u00e4 Phone (3a) -sarja eli Phone (3a) ja Phone (3a) Pro<\/a>.<\/p>\n<p>CMF-alabr\u00e4ndin puhelimista p\u00e4ivityksen sai ensin vanhempi CMF Phone 1, jolle jakelu on jo alkanut ja laajenee ajan kanssa. CMF Phone 2 Pron osalta jakelu tapahtuu vaiheittain tulevien viikkojen aikana.<\/p>\n<p><a href=\"https:\/\/mobiili.fi\/2024\/07\/08\/cmf-by-nothing-alabrandin-ensimmainen-alypuhelin-julki-alkaen-vain-19999-euron-cmf-phone-1ssa-on-vaihdettava-takakuori-ja-kiinnityspaikka-lisavarusteille\/\" rel=\"nofollow noopener\" target=\"_blank\">CMF Phone 1:n Nothing toi markkinoille kes\u00e4ll\u00e4 2024<\/a> ja <a href=\"https:\/\/mobiili.fi\/2025\/04\/28\/nothing-julkisti-alle-300-euron-cmf-phone-2-pro-alypuhelimen-677-amoled-naytto-kolme-takakameraa-ja-vaihdettavat-lisalinssit\/\" rel=\"nofollow noopener\" target=\"_blank\">CMF Phone 2 Pron kev\u00e4\u00e4ll\u00e4 2025<\/a>.<\/p>\n<p>Nothing-\u00e4lypuhelimista viimeisen\u00e4 Nothing OS 4.0:n on saamassa p\u00e4ivityksen\u00e4 uusin Nothing Phone (3a) Lite tammikuun alussa. Nothingin alkuper\u00e4inen puhelin Phone (1) ei en\u00e4\u00e4 saa Nothing OS 4.0 -versiop\u00e4ivityst\u00e4 sen p\u00e4ivitystuen p\u00e4\u00e4tytty\u00e4.<\/p>\n<p>Nothing on kertonut Nothing OS 4.0:n olevan sen toistaiseksi suurin p\u00e4ivitys.<\/p>\n<p>Nothing OS 4.0 sis\u00e4lt\u00e4\u00e4 visuaalisia uudistuksia, k\u00e4ytt\u00f6liittym\u00e4parannuksia ja lis\u00e4\u00e4 teko\u00e4ly\u00e4. Nothingin mukaan Nothing OS 4.0 tuo esimerkiksi uudistetun, yhten\u00e4isemm\u00e4n ja sulavamman k\u00e4ytt\u00f6liittym\u00e4n.<\/p>\n<p><a href=\"https:\/\/www.europesays.com\/fi\/wp-content\/uploads\/2025\/09\/nothing_os_4_0_screens.jpg\"><img decoding=\"async\" src=\"https:\/\/www.europesays.com\/fi\/wp-content\/uploads\/2025\/09\/nothing_os_4_0_screens.jpg\" alt=\"Nothing OS 4.0 uudistaa Nothingin k\u00e4ytt\u00f6liittym\u00e4\u00e4.\" class=\"wp-image-265638\"\/><\/a>Nothing OS 4.0 uudistaa Nothingin k\u00e4ytt\u00f6liittym\u00e4\u00e4.<\/p>\n<p>Uudistusten laajuus vaihtelee hieman puhelimittain.<\/p>\n<p>Nothing OS 4.0:ssa sovelluskuvakkeet ovat suunniteltu uudelleen minimalistisemmiksi, ja tilapalkin kuvakkeet, kuten Wi-Fi ja akun tila, noudattavat nyt yhten\u00e4ist\u00e4 Android 16:n inspiroimaa tyyli\u00e4. Lukitusn\u00e4yt\u00f6lle on tarjolla kaksi uutta futuristista kellotyyli\u00e4.<\/p>\n<p>Nothing OS 4.0 tuo mukanaan my\u00f6s uusia keskittymist\u00e4 ja tehokkuutta tukevia toimintoja.<\/p>\n<p>Glyph Progress n\u00e4ytt\u00e4\u00e4 nyt osalta toimitusten ja kyytien sek\u00e4 ajastimien etenemisen sek\u00e4 n\u00e4yt\u00f6ll\u00e4 ett\u00e4 Glyph-paneelissa, ja\u00a0perustuu nyt Android 16:n live-ilmoituksiin mahdollistaen tuen laajemmin eri sovelluksille ilman erillisi\u00e4 kumppanuuksia Nothingin kanssa.<\/p>\n<p>Tarjolla on my\u00f6s uusi syvempi tumma tila,\u00a0Extra Dark Mode, joka helpottaa k\u00e4ytt\u00f6\u00e4 pime\u00e4ss\u00e4 ja v\u00e4hent\u00e4\u00e4 virrankulutusta.<\/p>\n<p>Lis\u00e4ksi sovellusn\u00e4kym\u00e4n voi nyt siisti\u00e4 piilottamalla harvemmin k\u00e4ytetyt sovellukset ja widget-valikoima on kasvanut uusilla 1\u00d71- ja 2\u00d71-kokovaihtoehdoilla.<\/p>\n<p>Mukana Nothing OS 4.0:ssa on my\u00f6s\u00a0<a href=\"https:\/\/mobiili.fi\/2025\/09\/30\/nothing-julkisti-essentialin-kayttajat-voivat-luoda-puhelimeen-omat-sovelluksensa-tekoalylla-ja-jakaa-ne-muille-uudessa-sovelluskaupassa\/\" rel=\"nofollow noopener\" target=\"_blank\">Playground, jonka kautta k\u00e4ytt\u00e4j\u00e4t voivat luoda teko\u00e4lyn avulla uusia sek\u00e4 ottaa k\u00e4ytt\u00f6\u00f6n muiden luomia Essential Apps -widget-sovelluksia<\/a>.<\/p>\n<p>            <img decoding=\"async\" src=\"https:\/\/www.europesays.com\/fi\/wp-content\/uploads\/2025\/12\/1766911632_949_65c21c901e6ae35b44de81d90a2ca2d1c3a24c673e2e76f40f42ec61ae1d005a\" alt=\"Markus Lehtiniitty \/ Mobiili.fi\" itemprop=\"image\"\/>          <\/p>\n<p>\n          Toimittaja<br \/>\n          Markus Lehtiniitty \/ Mobiili.fi\n        <\/p>\n","protected":false},"excerpt":{"rendered":"Nothing on laajentanut Android 16 -k\u00e4ytt\u00f6j\u00e4rjestelm\u00e4versioon pohjautuvan Nothing OS 4.0 -ohjelmistonsa jakelua p\u00e4ivityksen\u00e4 CMF-alabr\u00e4ndins\u00e4 puhelimille. Ensimm\u00e4isen\u00e4 Nothing toi&hellip;\n","protected":false},"author":2,"featured_media":127713,"comment_status":"","ping_status":"","sticky":false,"template":"","format":"standard","meta":{"footnotes":""},"categories":[76],"tags":[14756,79,77,33,31,30,7155,15866,32,78],"class_list":{"0":"post-127712","1":"post","2":"type-post","3":"status-publish","4":"format-standard","5":"has-post-thumbnail","7":"category-talous","8":"tag-android-16","9":"tag-business","10":"tag-economy","11":"tag-fi","12":"tag-finland","13":"tag-finnish","14":"tag-nothing","15":"tag-nothing-os-4-0","16":"tag-suomi","17":"tag-talous"},"share_on_mastodon":{"url":"https:\/\/pubeurope.com\/@fi\/115796328236543166","error":""},"_links":{"self":[{"href":"https:\/\/www.europesays.com\/fi\/wp-json\/wp\/v2\/posts\/127712","targetHints":{"allow":["GET"]}}],"collection":[{"href":"https:\/\/www.europesays.com\/fi\/wp-json\/wp\/v2\/posts"}],"about":[{"href":"https:\/\/www.europesays.com\/fi\/wp-json\/wp\/v2\/types\/post"}],"author":[{"embeddable":true,"href":"https:\/\/www.europesays.com\/fi\/wp-json\/wp\/v2\/users\/2"}],"replies":[{"embeddable":true,"href":"https:\/\/www.europesays.com\/fi\/wp-json\/wp\/v2\/comments?post=127712"}],"version-history":[{"count":0,"href":"https:\/\/www.europesays.com\/fi\/wp-json\/wp\/v2\/posts\/127712\/revisions"}],"wp:featuredmedia":[{"embeddable":true,"href":"https:\/\/www.europesays.com\/fi\/wp-json\/wp\/v2\/media\/127713"}],"wp:attachment":[{"href":"https:\/\/www.europesays.com\/fi\/wp-json\/wp\/v2\/media?parent=127712"}],"wp:term":[{"taxonomy":"category","embeddable":true,"href":"https:\/\/www.europesays.com\/fi\/wp-json\/wp\/v2\/categories?post=127712"},{"taxonomy":"post_tag","embeddable":true,"href":"https:\/\/www.europesays.com\/fi\/wp-json\/wp\/v2\/tags?post=127712"}],"curies":[{"name":"wp","href":"https:\/\/api.w.org\/{rel}","templated":true}]}}