{"id":127714,"date":"2025-12-28T08:48:07","date_gmt":"2025-12-28T08:48:07","guid":{"rendered":"https:\/\/www.europesays.com\/fi\/127714\/"},"modified":"2025-12-28T08:48:07","modified_gmt":"2025-12-28T08:48:07","slug":"kiistelty-saksanturkkilainen-kirjailija-varoittaa-saksaa-seka-islamismista-etta-aarioikeistosta-uutissuomalainen","status":"publish","type":"post","link":"https:\/\/www.europesays.com\/fi\/127714\/","title":{"rendered":"Kiistelty saksanturkkilainen kirjailija varoittaa Saksaa sek\u00e4 islamismista ett\u00e4 \u00e4\u00e4rioikeistosta | Uutissuomalainen"},"content":{"rendered":"<p>\u2013\u2009Kysyk\u00e4\u00e4 lapsiltanne, kysyk\u00e4\u00e4 tytt\u00e4rilt\u00e4nne, kysyk\u00e4\u00e4 yst\u00e4vilt\u00e4nne ja tutuiltanne. Kaikki my\u00f6nt\u00e4v\u00e4t, ett\u00e4 meill\u00e4 on ongelma, ainakin pime\u00e4n tultua.<\/p>\n<p>Liittokansleri Friedrich Merzin sanat saivat saksalaiset kaduille loppusyksyst\u00e4.<\/p>\n<p>Aikaisemmin lokakuun puoliv\u00e4liss\u00e4 kristillisdemokraatti Merz oli kehunut hallituksen ty\u00f6t\u00e4 laittoman maahanmuuton kitkemisess\u00e4. Se oli v\u00e4hentynyt 60 prosentilla maaliskuun virkaanastujaisten aikaan verrattuna, Merz mainosti.<\/p>\n<p>\u2013\u2009Mutta kyll\u00e4, meill\u00e4 on edelleen t\u00e4m\u00e4 ongelma meid\u00e4n katukuvassamme, ja siksi sis\u00e4ministeri\u00f6 suunnittelee karkotusten mahdollistamista ja toteuttamista isommassa mittakaavassa, h\u00e4n jatkoi.<\/p>\n<p>Merzin viittaus &#8221;ongelmaan katukuvassa&#8221; her\u00e4tti tyrmistyst\u00e4. <a href=\"https:\/\/taz.de\/Soziologin-ueber-Merz-Stadtbild-Aeusserung\/!6122946\/\" rel=\"nofollow noopener\" target=\"_blank\">Die Tageszeitungin<\/a> haastattelema maahanmuuttotutkija kutsui ilmaisua &#8221;selv\u00e4sti rasistiseksi&#8221;. Jopa hallituskumppani SPD:n varaliittokansleri Lars Klingbeil antoi varovaista palautetta &#8221;jakavasta kielenk\u00e4yt\u00f6st\u00e4&#8221;.<\/p>\n<p>Merz ei peruutellut, vaan k\u00e4ski muutamaa p\u00e4iv\u00e4\u00e4 my\u00f6hemmin kriitikoita kysym\u00e4\u00e4n tytt\u00e4rilt\u00e4\u00e4n asiasta \u2013 vihjaten, ett\u00e4 ulkomaalaiset h\u00e4iritsev\u00e4t naisia. Saksalaiset tulistuivat, ja muun muassa Berliiniss\u00e4 parituhatta saksalaisnaista osoitti mielt\u00e4\u00e4n oikeistoa vastaan.<\/p>\n<p>Televisiokanava ZDF:n <a href=\"https:\/\/www.handelsblatt.com\/politik\/deutschland\/stadtbild-mehrheit-stimmt-in-umfrage-merz-aeusserungen-zu\/100167653.html\" rel=\"nofollow noopener\" target=\"_blank\">mielipidemittaus<\/a> kuitenkin kertoi saksalaisten enemmist\u00f6n yhtyv\u00e4n Merzin arvioon, joskin vanhempi v\u00e4est\u00f6 teki niin selv\u00e4sti nuoria yksimielisemmin.<\/p>\n<p>Saksa on ollut vuosikymmenten ajan Euroopan avomielisin maa maahanmuuton ja pakolaisten suhteen. T\u00e4t\u00e4 muuttamaan on noussut \u00e4\u00e4rioikeistolainen Vaihtoehto Saksalle -puolue (AfD). Sittemmin my\u00f6s vanhojen valtapuolueiden konservatiivisiivet ovat alkaneet kirist\u00e4\u00e4 maahanmuuttolinjaansa.<\/p>\n<p>Kriittist\u00e4 keskustelua per\u00e4\u00e4nkuuluttaa my\u00f6s palkittu toimittaja ja bestseller-kirjailija, saksanturkkilainen G\u00fcner Balci.<\/p>\n<p>\u2013\u2009Merz ei selitt\u00e4nyt kommenttiaan hyvin, mutta ymm\u00e4rr\u00e4n, mit\u00e4 h\u00e4n tarkoitti, Balci sanoo.<\/p>\n<p>Viimeiset viisi vuotta Balci on ty\u00f6skennellyt Berliinin monikulttuurisen Neuk\u00f6llnin kaupunginosan integraatiosta vastaavana koordinaattorina. Noin 330\u2009000 asukkaan Neuk\u00f6llniss\u00e4 asuu ihmisi\u00e4 noin 150 eri maasta.<\/p>\n<p>\t\t\t\tMuuttuva maahanmuutto<\/p>\n<p>Vuonna 1975 syntynyt Balci on intohimoinen Saksan maahanmuuttopolitiikan kommentaattori. T\u00e4n\u00e4 vuonna h\u00e4n nousi otsikoihin kirjallaan Heimatland (Kotimaa), jossa h\u00e4n kuvaa varttumistaan Neuk\u00f6llniss\u00e4.<\/p>\n<p>Balcin vanhemmat tulivat Saksaan 1960-luvulla vierasty\u00f6ohjelman kautta. He olivat Turkin vuoristoisesta It\u00e4-Anatoliasta ja uskonnoltaan shiialaisen islamin sivuhaaran alevismin harjoittajia.<\/p>\n<p>Alevismi ei vaadi pyhiinvaelluksia, viitt\u00e4 p\u00e4iv\u00e4rukousta tai hunnun k\u00e4ytt\u00f6\u00e4 naisilta. Aleviitteja on syrjitty sunnienemmist\u00f6isess\u00e4 Turkissa, ja Balci sanoo t\u00e4m\u00e4n n\u00e4kyv\u00e4n yhteis\u00f6n &#8221;humanistisessa perinteess\u00e4&#8221;.<\/p>\n<p>Balcin mukaan h\u00e4n vietti iloisen lapsuuden turkkilaisten, kurdien, italialaisten ja saksalaisten lasten sekasopassa. H\u00e4n ei juuri kohdannut rasismia, vaikka laajamittainen maahanmuutto Euroopan ulkopuolelta oli tuolloin tuore ilmi\u00f6. Neuk\u00f6llniss\u00e4 kaikkia yhdisti luokka: kaikki saksalaisista turkkilaisiin olivat ty\u00f6l\u00e4isi\u00e4.<\/p>\n<p>Saksan yhdistytty\u00e4 1990 Balci kohtasi ensi kertaa uusnatseja ja n\u00e4iden ennakkoluuloja. Samoihin aikoihin my\u00f6s maahanmuuttajayhteis\u00f6 alkoi muuttua, kun maahan saapui pakolaisperheit\u00e4 Libanonista ja palestiinalaisalueilta.<\/p>\n<p>Valtio ei juuri n\u00e4hnyt vaivaa uusien tulijoiden ty\u00f6llist\u00e4misen tai koulutuksen eteen. Monien perheiden p\u00e4\u00e4miehet toivat mukanaan tiukemman islamintulkinnan.<\/p>\n<p>\u2013\u2009Uusien tulijoiden is\u00e4t ja veljet tulivat kysym\u00e4\u00e4n \u00e4idilt\u00e4ni, ett\u00e4 miksi tytt\u00e4resi leikkii poikien kanssa, Balci sanoo.<\/p>\n<p>Samalla Saksaan rakennettiin moskeijoita. Varat n\u00e4ihin tulivat usein Turkista, nationalistis-islamistiselta Milli G\u00f6r\u00fcs -liikkeelt\u00e4 tai Egyptiss\u00e4 alkunsa saaneelta kansainv\u00e4liselt\u00e4 Muslimiveljeskunnalta.<\/p>\n<p>Moskeijat antoivat muslimeille mahdollisuuden rukoiluun ja yhteis\u00f6llisyyteen. Samalla niist\u00e4 tuli kuitenkin taustatahojensa vaikutuskanavia Saksaan.<\/p>\n<p>\t\t\t\tMatalien odotusten rasismia<\/p>\n<p>Balci painottaa, ett\u00e4 h\u00e4nell\u00e4 ei ole mit\u00e4\u00e4n islamia vastaan. Ongelma on h\u00e4nen mukaansa &#8221;taantumuksellista tulkintaa&#8221; levitt\u00e4viss\u00e4 imaameissa.<\/p>\n<p>Balcia kuunnellessa on helppo ymm\u00e4rt\u00e4\u00e4, miksi h\u00e4nt\u00e4 kritisoidaan joka suunnalta.<\/p>\n<p>Osa Berliinin vasemmistolaisista ja vihreist\u00e4 poliitikoista vastusti Balcin nimityst\u00e4 integraatiokoordinaattoriksi ja syytti t\u00e4t\u00e4 islamofobiasta. Toisaalta kriittisyydest\u00e4\u00e4n huolimatta Balci puhuu n\u00e4kyv\u00e4sti maahanmuuton ja monikulttuurisuuden puolesta, mik\u00e4 taas johtaa vihapostiin \u00e4\u00e4rioikeistolta.<\/p>\n<p>Islamismin ja antisemitismin ohella Balci varoittaakin ennen kaikkea AfD:st\u00e4.<\/p>\n<p>\u2013\u2009\u00c4\u00e4rioikeistolainen ekstremismi on ylivoimaisesti Saksan demokratian isoin uhka t\u00e4ll\u00e4 hetkell\u00e4.<\/p>\n<p>Saksan kotimaan turvallisuuspalvelu m\u00e4\u00e4ritteli toukokuussa AfD:n oikeistolaiseksi \u00e4\u00e4rij\u00e4rjest\u00f6ksi, ja puolue on viranomaisten tarkkailussa. AfD on haastanut m\u00e4\u00e4ritelm\u00e4n oikeudessa.<\/p>\n<p>Balcilla on oma strategia \u00e4\u00e4rioikeiston p\u00e4ihitt\u00e4miseen. H\u00e4nen mukaansa AfD saa voimansa maahanmuuton ongelmista. Demokratian puolustamiseksi maahanmuuttokeskustelu pit\u00e4isikin varastaa pois \u00e4\u00e4rioikeistolta, avata se kaikkien saksalaisten asiaksi, Balci sanoo.<\/p>\n<p>Varovainen keskustelukulttuuri tuottaa Balcin mukaan &#8221;matalien odotusten rasismia&#8221;. Esimerkiksi t\u00e4st\u00e4 h\u00e4n nostaa musliminaiset, jotka kohtaavat perhev\u00e4kivaltaa. Moni saksalainen saattaa ajatella, ett\u00e4 t\u00e4llaisissa tapauksissa naisen on t\u00e4ysin luonnollista hakea apua moskeijan imaamilta.<\/p>\n<p>\u2013\u2009T\u00e4m\u00e4 on uskomatonta. Meid\u00e4n yhteiskunnassamme on oikeat asiantuntijat ja viranomaisrakenteet n\u00e4it\u00e4 naisia varten, Balci sanoo.<\/p>\n","protected":false},"excerpt":{"rendered":"\u2013\u2009Kysyk\u00e4\u00e4 lapsiltanne, kysyk\u00e4\u00e4 tytt\u00e4rilt\u00e4nne, kysyk\u00e4\u00e4 yst\u00e4vilt\u00e4nne ja tutuiltanne. Kaikki my\u00f6nt\u00e4v\u00e4t, ett\u00e4 meill\u00e4 on ongelma, ainakin pime\u00e4n tultua. Liittokansleri&hellip;\n","protected":false},"author":2,"featured_media":127715,"comment_status":"","ping_status":"","sticky":false,"template":"","format":"standard","meta":{"footnotes":""},"categories":[14],"tags":[22,23,2267,26,27,33,31,30,17,2001,24,25,28,29,15,18,21,637,3911,32,19,20,56,16,59,60,61],"class_list":{"0":"post-127714","1":"post","2":"type-post","3":"status-publish","4":"format-standard","5":"has-post-thumbnail","7":"category-ulkomaat","8":"tag-breaking-news","9":"tag-breakingnews","10":"tag-eurooppa","11":"tag-featured-news","12":"tag-featurednews","13":"tag-fi","14":"tag-finland","15":"tag-finnish","16":"tag-headlines","17":"tag-kirjailijat","18":"tag-latest-news","19":"tag-latestnews","20":"tag-main-news","21":"tag-mainnews","22":"tag-news","23":"tag-otsikot","24":"tag-paauutiset","25":"tag-politiikka","26":"tag-saksa","27":"tag-suomi","28":"tag-top-stories","29":"tag-topstories","30":"tag-ulkomaat","31":"tag-uutiset","32":"tag-world","33":"tag-world-news","34":"tag-worldnews"},"share_on_mastodon":{"url":"https:\/\/pubeurope.com\/@fi\/115796331988204437","error":""},"_links":{"self":[{"href":"https:\/\/www.europesays.com\/fi\/wp-json\/wp\/v2\/posts\/127714","targetHints":{"allow":["GET"]}}],"collection":[{"href":"https:\/\/www.europesays.com\/fi\/wp-json\/wp\/v2\/posts"}],"about":[{"href":"https:\/\/www.europesays.com\/fi\/wp-json\/wp\/v2\/types\/post"}],"author":[{"embeddable":true,"href":"https:\/\/www.europesays.com\/fi\/wp-json\/wp\/v2\/users\/2"}],"replies":[{"embeddable":true,"href":"https:\/\/www.europesays.com\/fi\/wp-json\/wp\/v2\/comments?post=127714"}],"version-history":[{"count":0,"href":"https:\/\/www.europesays.com\/fi\/wp-json\/wp\/v2\/posts\/127714\/revisions"}],"wp:featuredmedia":[{"embeddable":true,"href":"https:\/\/www.europesays.com\/fi\/wp-json\/wp\/v2\/media\/127715"}],"wp:attachment":[{"href":"https:\/\/www.europesays.com\/fi\/wp-json\/wp\/v2\/media?parent=127714"}],"wp:term":[{"taxonomy":"category","embeddable":true,"href":"https:\/\/www.europesays.com\/fi\/wp-json\/wp\/v2\/categories?post=127714"},{"taxonomy":"post_tag","embeddable":true,"href":"https:\/\/www.europesays.com\/fi\/wp-json\/wp\/v2\/tags?post=127714"}],"curies":[{"name":"wp","href":"https:\/\/api.w.org\/{rel}","templated":true}]}}