{"id":127720,"date":"2025-12-28T09:02:09","date_gmt":"2025-12-28T09:02:09","guid":{"rendered":"https:\/\/www.europesays.com\/fi\/127720\/"},"modified":"2025-12-28T09:02:09","modified_gmt":"2025-12-28T09:02:09","slug":"emma-karasjoki-vauva-syntyi-seiska","status":"publish","type":"post","link":"https:\/\/www.europesays.com\/fi\/127720\/","title":{"rendered":"Emma Karasjoki: Vauva syntyi! | Seiska"},"content":{"rendered":"<p>\n            (221110) &#8212; Helsinki, November 10, 2022 \u2013 Emma Karasjoki poses for the camera during YLE press conference in Helsinki, Finland, 10. November 2022. (Matti Matikainen\/Aller Media)<br \/>\n            Matti Matikainen\n        <\/p>\n<p class=\"subtitle \">Pienokainen on Emman esikoinen.<\/p>\n<p class=\"article-content article-content-width !bg-background\">Ylelt\u00e4 tutun juontaja-toimittaja , 31,\u00a0esikoislapsi on syntynyt.<\/p>\n<p>        <a itemprop=\"url\" href=\"https:\/\/www.seiska.fi\/katso\/salkkarit-nayttelija-podcastissa-tuotanto-ei-anna-tarpeeksi-tukea\/1948772\" rel=\"nofollow noopener\" target=\"_blank\"><\/p>\n<p>\nSalkkarit-n\u00e4yttelij\u00e4 podcastissa:\n<\/p>\n<p class=\"section-date\">\n        <strong class=\"article-section\" data-section=\"katso\"><br \/>\n            katso<br \/>\n        <\/strong><br \/>\n        2.10. 14:15\n    <\/p>\n<p>Salkkarit-n\u00e4yttelij\u00e4 podcastissa: Tuotanto ei anna tarpeeksi tukea\n    <\/p>\n<p itemprop=\"description\" class=\"subtitle \">\n    Vivi Walhstr\u00f6m kertoo Ylen podcastissa siit\u00e4, miten Salatut el\u00e4m\u00e4t -sarjan tuotanto tukee n\u00e4yttelij\u00f6it\u00e4\u00e4n.\n<\/p>\n<p>        <\/a><\/p>\n<p class=\"font-weight-bold m-font-weight-bold article-content article-content-width !bg-background\">Katso video \u2013 Laulaja Ilta kertoo raskausajastaan:<\/p>\n<p>&#8221;Meid\u00e4n t\u00e4ydellinen pieni&#8221;<\/p>\n<p class=\"article-content article-content-width !bg-background\"><a href=\"https:\/\/www.instagram.com\/p\/DSxjN3DDQ_3\/\" target=\"_blank\" rel=\"nofollow noopener\">Emma jakoi iloiset uutiset Instagram-tilill\u00e4\u00e4n <\/a>27. joulukuuta. Julkaisussa n\u00e4hd\u00e4\u00e4n osittainen kuva vastasyntyneest\u00e4, jonka vieress\u00e4 on pehmolelu. Vauva syntyi hieman lasketun ajan j\u00e4lkeen.<\/p>\n<p class=\"article-content article-content-width !bg-background\">\u2013\u00a0H\u00e4n on t\u00e4\u00e4ll\u00e4. Meid\u00e4n t\u00e4ydellinen pieni tytt\u00f6, joka on sulattanut meid\u00e4n syd\u00e4met t\u00e4ysin, Emma kirjoittaa.<\/p>\n<p>        <a itemprop=\"url\" href=\"https:\/\/www.seiska.fi\/katso\/podcast-ellinoora-avoimena-mielenterveydestaan\/1949111\" rel=\"nofollow noopener\" target=\"_blank\"><\/p>\n<p>\nEllinoora podcastissa:\n<\/p>\n<p class=\"section-date\">\n        <strong class=\"article-section\" data-section=\"katso\"><br \/>\n            katso<br \/>\n        <\/strong><br \/>\n        2.10. 13:15\n    <\/p>\n<p>Podcast: Ellinoora avoimena mielenterveydest\u00e4\u00e4n\n    <\/p>\n<p itemprop=\"description\" class=\"subtitle \">\n    Artisti Ellinoora kertoo terapiamatkastaan Gogin kantabaarissa.\n<\/p>\n<p>        <\/a><\/p>\n<p class=\"article-content article-content-width !bg-background\">Pienokaisella on hennon vaaleat hiukset. Suloinen otos on ker\u00e4nnyt sankoin m\u00e4\u00e4rin onnitteluja.<\/p>\n<p class=\"article-content article-content-width !bg-background\">Onnittelijoihin lukeutuvat muun muassa urheilija  sek\u00e4 juontajat  ja .<\/p>\n<p class=\"article-content article-content-width !bg-background\">\u2013\u00a0Oi mik\u00e4 pieni blondi beibsoni! ONNEA KOKO PERHEELLE, kommentoi Emman Yle-kollega .<\/p>\n<p>Parisuhde poissa julkisuudesta<\/p>\n<p class=\"article-content article-content-width !bg-background\">Vastasyntynyt pienokainen on on Emman ja h\u00e4nen kumppaninsa esikoislapsi.<\/p>\n<p class=\"article-content article-content-width !bg-background\">Juontajakaunotar on pit\u00e4nyt yksityisel\u00e4m\u00e4ns\u00e4 pitk\u00e4lti poissa parrasvaloista. Vaikka Emma on toiminut Sinkut paljaana -ohjelman juontajana, h\u00e4n ei ole\u00a0 juuri avannut omaa rakkausel\u00e4m\u00e4\u00e4ns\u00e4 julkisuudessa.\u00a0Yst\u00e4v\u00e4np\u00e4iv\u00e4n\u00e4 2024 Emma teki kuitenkin harvinaisen paljatuksen sosiaalisessa mediassa ja kertoi olleensa parisuhteessa\u00a0 kahden ja puolen vuoden ajan.<\/p>\n<p>        <a itemprop=\"url\" href=\"https:\/\/www.seiska.fi\/katso\/emma-karasjoki-vastaa-kritiikkiin-sinkut-paljaana-sarjasta-joillekin-voi-olla-uusi-asia-etta-naisilla-on-vahvoja-mielipiteita\/1257435\" rel=\"nofollow noopener\" target=\"_blank\"><\/p>\n<p class=\"section-date\">\n        <strong class=\"article-section\" data-section=\"katso\"><br \/>\n            katso<br \/>\n        <\/strong><br \/>\n        31.1.2024 13:15\n    <\/p>\n<p>Emma Karasjoki vastaa kritiikkiin Sinkut paljaana -sarjasta: &#8221;Joillekin voi olla uusi asia, ett\u00e4 naisilla on vahvoja mielipiteit\u00e4&#8221;\n    <\/p>\n<p itemprop=\"description\" class=\"subtitle \">\n    Sarjan her\u00e4tt\u00e4m\u00e4 keskustelu kertoo juontaja Emma Karasjoen mukaan siit\u00e4, ett\u00e4 naiset puhuvat todella suoraan asioista.\n<\/p>\n<p>        <\/a><\/p>\n<p class=\"article-content article-content-width !bg-background\">Emma juonsi Yle Areenassa lokakuussa julkaistun Mit\u00e4 tapahtui Jasminille? -podcastin. Seitsem\u00e4nosainen sarja kertoo n\u00e4yttelij\u00e4  traagisesta kuolemasta ja sit\u00e4 edelt\u00e4neist\u00e4 tapahtumista.\u00a0<\/p>\n<p>                <img decoding=\"async\" src=\"https:\/\/www.europesays.com\/fi\/wp-content\/uploads\/2025\/12\/1891810.webp\" width=\"576\" height=\"720\" alt=\"(221110) -- Helsinki, November 10, 2022 \u2013 Emma Karasjoki and Gogi Mavromichalis poses for the camera during YLE press conference in Helsinki, Finland, 10. November 2022. (Matti Matikainen\/Aller Media)\" loading=\"lazy\" \/>            <\/p>\n<p>\n            (221110) &#8212; Helsinki, November 10, 2022 \u2013 Emma Karasjoki and Gogi Mavromichalis poses for the camera during YLE press conference in Helsinki, Finland, 10. November 2022. (Matti Matikainen\/Aller Media)<br \/>\n            Matti Matikainen\n        <\/p>\n<p><script async src=\"\/\/www.instagram.com\/embed.js\"><\/script><\/p>\n","protected":false},"excerpt":{"rendered":"(221110) &#8212; Helsinki, November 10, 2022 \u2013 Emma Karasjoki poses for the camera during YLE press conference in&hellip;\n","protected":false},"author":2,"featured_media":127721,"comment_status":"","ping_status":"","sticky":false,"template":"","format":"standard","meta":{"footnotes":""},"categories":[136],"tags":[14692,1239,407,12703,137,9922,33,31,30,2858,12447,408,6048,3394,2923,16520,32,1461,109,1149],"class_list":{"0":"post-127720","1":"post","2":"type-post","3":"status-publish","4":"format-standard","5":"has-post-thumbnail","7":"category-julkkikset","8":"tag-alma-hatonen","9":"tag-anni-ihamaki","10":"tag-celebrities","11":"tag-emma-karasjoki","12":"tag-entertainment","13":"tag-esikoinen","14":"tag-fi","15":"tag-finland","16":"tag-finnish","17":"tag-gogi-mavromichalis","18":"tag-jasmin-voutilainen","19":"tag-julkkikset","20":"tag-juontaja","21":"tag-pernilla-bockerman","22":"tag-podcast","23":"tag-sinkut-paljaana","24":"tag-suomi","25":"tag-vauva","26":"tag-viihde","27":"tag-yle"},"share_on_mastodon":{"url":"https:\/\/pubeurope.com\/@fi\/115796387266503819","error":""},"_links":{"self":[{"href":"https:\/\/www.europesays.com\/fi\/wp-json\/wp\/v2\/posts\/127720","targetHints":{"allow":["GET"]}}],"collection":[{"href":"https:\/\/www.europesays.com\/fi\/wp-json\/wp\/v2\/posts"}],"about":[{"href":"https:\/\/www.europesays.com\/fi\/wp-json\/wp\/v2\/types\/post"}],"author":[{"embeddable":true,"href":"https:\/\/www.europesays.com\/fi\/wp-json\/wp\/v2\/users\/2"}],"replies":[{"embeddable":true,"href":"https:\/\/www.europesays.com\/fi\/wp-json\/wp\/v2\/comments?post=127720"}],"version-history":[{"count":0,"href":"https:\/\/www.europesays.com\/fi\/wp-json\/wp\/v2\/posts\/127720\/revisions"}],"wp:featuredmedia":[{"embeddable":true,"href":"https:\/\/www.europesays.com\/fi\/wp-json\/wp\/v2\/media\/127721"}],"wp:attachment":[{"href":"https:\/\/www.europesays.com\/fi\/wp-json\/wp\/v2\/media?parent=127720"}],"wp:term":[{"taxonomy":"category","embeddable":true,"href":"https:\/\/www.europesays.com\/fi\/wp-json\/wp\/v2\/categories?post=127720"},{"taxonomy":"post_tag","embeddable":true,"href":"https:\/\/www.europesays.com\/fi\/wp-json\/wp\/v2\/tags?post=127720"}],"curies":[{"name":"wp","href":"https:\/\/api.w.org\/{rel}","templated":true}]}}