{"id":127726,"date":"2025-12-28T09:07:07","date_gmt":"2025-12-28T09:07:07","guid":{"rendered":"https:\/\/www.europesays.com\/fi\/127726\/"},"modified":"2025-12-28T09:07:07","modified_gmt":"2025-12-28T09:07:07","slug":"sisu-elokuvien-ohjaajan-rare-exports-on-erilainen-jouluelokuva","status":"publish","type":"post","link":"https:\/\/www.europesays.com\/fi\/127726\/","title":{"rendered":"Sisu-elokuvien ohjaajan Rare Exports on erilainen jouluelokuva"},"content":{"rendered":"<p>\n  Jalmari Helanderin Rare Exports -fantasiaj\u00e4nn\u00e4ri viritt\u00e4\u00e4 uhkaavan tunnelman.<\/p>\n<p><strong>Jalmari Helanderin<\/strong>\u00a0ohjaama\u00a0Sisu 2\u00a0-toimintarymistely niitt\u00e4\u00e4 parhaillaan mainetta maailmalla. Helanderin ensimm\u00e4inen pitk\u00e4 elokuva oli vitsist\u00e4 alkanut\u00a0Rare Exports\u00a0(2010), joka on onnistunut s\u00e4ilytt\u00e4m\u00e4\u00e4n vaihtoehtoisen jouluelokuvan statuksensa jo yli vuosikymmenen.<\/p>\n<p>Helander\u00a0virittelee fantasiaj\u00e4nn\u00e4riss\u00e4\u00e4n saman sukuista uhkaa kuin\u00a0<strong>M.A. Numminen<\/strong>\u00a0unohtumattomassa joululaulussaan\u00a0Joulupukki puree ja ly\u00f6\u00a0(1971).<\/p>\n<p>Kun kansainv\u00e4linen kaivosporukka puuhaa Lapissa h\u00e4m\u00e4ri\u00e4, t\u00f6rm\u00e4\u00e4v\u00e4t paikalliset \u00e4ij\u00e4t (<strong>Jorma Tommila<\/strong>\u00a0ja\u00a0<strong>Tommi Korpela<\/strong>)\u00a0sek\u00e4 pikku Pietari (<strong>Onni Tommila<\/strong>) johonkin muinaiseen ja pelottavaan. Jatkosta on kimaltava tip-tap kaukana.<\/p>\n<p><strong>\u272a\u272a\u272a\u272a<\/strong><\/p>\n<p>Rare Exports, sunnuntai 28.12. klo 21.51, <a href=\"https:\/\/areena.yle.fi\/1-1676189\" rel=\"nofollow noopener\" target=\"_blank\">TV2<\/a><\/p>\n<p><a href=\"https:\/\/seura.fi\/tv\/sisu-onnistuu-ajoituksissaan-ja-naurattaa-elokuvallisilla-ylilyonneillaan\/\" rel=\"nofollow noopener\" target=\"_blank\">Lue my\u00f6s: Elokuva-arvio: Sisu onnistuu ajoituksissaan ja naurattaa elokuvallisilla ylily\u00f6nneill\u00e4\u00e4n \u2013 veri lent\u00e4\u00e4, kun vaitelias mies l\u00e4htee kostoretkelle<\/a><\/p>\n","protected":false},"excerpt":{"rendered":"Jalmari Helanderin Rare Exports -fantasiaj\u00e4nn\u00e4ri viritt\u00e4\u00e4 uhkaavan tunnelman. Jalmari Helanderin\u00a0ohjaama\u00a0Sisu 2\u00a0-toimintarymistely niitt\u00e4\u00e4 parhaillaan mainetta maailmalla. Helanderin ensimm\u00e4inen pitk\u00e4&hellip;\n","protected":false},"author":2,"featured_media":127727,"comment_status":"","ping_status":"","sticky":false,"template":"","format":"standard","meta":{"footnotes":""},"categories":[131],"tags":[155,137,2616,33,173,31,30,6099,3296,172,22601,32,4906,7761,109],"class_list":{"0":"post-127726","1":"post","2":"type-post","3":"status-publish","4":"format-standard","5":"has-post-thumbnail","7":"category-elokuvat","8":"tag-elokuvat","9":"tag-entertainment","10":"tag-fantasia","11":"tag-fi","12":"tag-film","13":"tag-finland","14":"tag-finnish","15":"tag-jannityselokuvat","16":"tag-jorma-tommila","17":"tag-movies","18":"tag-onni-tommila","19":"tag-suomi","20":"tag-tommi-korpela","21":"tag-trillerit","22":"tag-viihde"},"share_on_mastodon":{"url":"https:\/\/pubeurope.com\/@fi\/115796406659842013","error":""},"_links":{"self":[{"href":"https:\/\/www.europesays.com\/fi\/wp-json\/wp\/v2\/posts\/127726","targetHints":{"allow":["GET"]}}],"collection":[{"href":"https:\/\/www.europesays.com\/fi\/wp-json\/wp\/v2\/posts"}],"about":[{"href":"https:\/\/www.europesays.com\/fi\/wp-json\/wp\/v2\/types\/post"}],"author":[{"embeddable":true,"href":"https:\/\/www.europesays.com\/fi\/wp-json\/wp\/v2\/users\/2"}],"replies":[{"embeddable":true,"href":"https:\/\/www.europesays.com\/fi\/wp-json\/wp\/v2\/comments?post=127726"}],"version-history":[{"count":0,"href":"https:\/\/www.europesays.com\/fi\/wp-json\/wp\/v2\/posts\/127726\/revisions"}],"wp:featuredmedia":[{"embeddable":true,"href":"https:\/\/www.europesays.com\/fi\/wp-json\/wp\/v2\/media\/127727"}],"wp:attachment":[{"href":"https:\/\/www.europesays.com\/fi\/wp-json\/wp\/v2\/media?parent=127726"}],"wp:term":[{"taxonomy":"category","embeddable":true,"href":"https:\/\/www.europesays.com\/fi\/wp-json\/wp\/v2\/categories?post=127726"},{"taxonomy":"post_tag","embeddable":true,"href":"https:\/\/www.europesays.com\/fi\/wp-json\/wp\/v2\/tags?post=127726"}],"curies":[{"name":"wp","href":"https:\/\/api.w.org\/{rel}","templated":true}]}}