{"id":127740,"date":"2025-12-28T09:27:10","date_gmt":"2025-12-28T09:27:10","guid":{"rendered":"https:\/\/www.europesays.com\/fi\/127740\/"},"modified":"2025-12-28T09:27:10","modified_gmt":"2025-12-28T09:27:10","slug":"nokialla-jopa-5-600-asiakasta-jai-ilman-sahkoa-katso-lukijoiden-kuvia-hannes-myrskyn-jaljista-ja-laheta-omasi-nokian-uutisiin","status":"publish","type":"post","link":"https:\/\/www.europesays.com\/fi\/127740\/","title":{"rendered":"Nokialla jopa 5\u202f600 asiakasta j\u00e4i ilman s\u00e4hk\u00f6\u00e4 \u2013 Katso lukijoiden kuvia Hannes-myrskyn j\u00e4ljist\u00e4 ja l\u00e4het\u00e4 omasi Nokian Uutisiin"},"content":{"rendered":"<p class=\"article-ingress--medium\">S\u00e4hk\u00f6yhti\u00f6 Elenia: Hanneksen vaikutukset vakavimmat kymmeneen vuoteen, s\u00e4hk\u00f6katkot uhkaavat jatkua p\u00e4ivi\u00e4.<\/p>\n<p><img decoding=\"async\" src=\"https:\/\/www.europesays.com\/fi\/wp-content\/uploads\/2025\/12\/1766914030_480_468.jpg\" alt=\"Viholassa asuva Yana Kolinchak kertoo myrskyn rikkoneen viime y\u00f6n\u00e4 pihalta trampoliinin sek\u00e4 pyykinkuivaus- ja tuuletustelineet, mink\u00e4 lis\u00e4ksi perheell\u00e4 ei ollut valoa 12 tuntiin noin lauantain iltakymmenest\u00e4 sunnuntain aamukymmeneen. \u201dTrampoliini oli naapurilla. Onneksi se lensi sinne p\u00e4in, koska toisella puolella on autotie\u201d,  Kolinchak kertoo.\" class=\"_Img_1rerz_1\" style=\"aspect-ratio:1.5070643642072215\" loading=\"eager\"\/><\/p>\n<p class=\"article-picture-caption\">Viholassa asuva Yana Kolinchak kertoo myrskyn rikkoneen viime y\u00f6n\u00e4 pihalta trampoliinin sek\u00e4 pyykinkuivaus- ja tuuletustelineet, mink\u00e4 lis\u00e4ksi perheell\u00e4 ei ollut valoa 12 tuntiin noin lauantain iltakymmenest\u00e4 sunnuntain aamukymmeneen. \u201dTrampoliini oli naapurilla. Onneksi se lensi sinne p\u00e4in, koska toisella puolella on autotie\u201d,  Kolinchak kertoo. Kuva:\u00a0Yana Kolinchak<\/p>\n<p><a href=\"https:\/\/www.nokianuutiset.fi\/haku\/?query=Nella+Keski-Oja,+Ty%C3%B6ryhm%C3%A4\" rel=\"nofollow noopener\" target=\"_blank\"><\/p>\n<p>Nella Keski-Oja, Ty\u00f6ryhm\u00e4<\/p>\n<p><\/a><\/p>\n<p>6:54 | P\u00e4ivitetty 11:19<\/p>\n<p class=\"article-body mb-nof-24 px-nof-16\">Lauantaina Suomeen saapunut Hannes-talvimyrsky on aiheuttanut s\u00e4hk\u00f6katkoja Nokialla ja muualla Suomessa.<\/p>\n<p class=\"article-body mb-nof-24 px-nof-16\">Nokialla ilman s\u00e4hk\u00f6\u00e4 on ollut enimmill\u00e4\u00e4n yli 5\u202f600 asiakasta, ilmenee Energiateollisuuden <a class=\"underline underline-offset-[0.12em] [text-decoration-thickness:var(--generic-link-underline-thickness)] [text-decoration-color:var(--generic-link-underline-color)] [text-decoration-skip-ink:var(--generic-link-underline-skip-ink)] break-words\" href=\"https:\/\/sahkokatkokartta.fi\/#\/nyt\" rel=\"nofollow noopener\" target=\"_blank\">s\u00e4hk\u00f6katkokartasta<\/a>. Sunnuntaiaamuna noin kello 6.30 ilman s\u00e4hk\u00f6\u00e4 oli viel\u00e4 noin 2\u202f000 asiakasta eri puolilla Nokiaa.<\/p>\n<p>KommentoiIlmoita asiavirheest\u00e4KommentoiIlmoita asiavirheest\u00e4<\/p>\n","protected":false},"excerpt":{"rendered":"S\u00e4hk\u00f6yhti\u00f6 Elenia: Hanneksen vaikutukset vakavimmat kymmeneen vuoteen, s\u00e4hk\u00f6katkot uhkaavat jatkua p\u00e4ivi\u00e4. Viholassa asuva Yana Kolinchak kertoo myrskyn rikkoneen&hellip;\n","protected":false},"author":2,"featured_media":127741,"comment_status":"","ping_status":"","sticky":false,"template":"","format":"standard","meta":{"footnotes":""},"categories":[85],"tags":[33,31,30,419,418,684,32,91,92],"class_list":{"0":"post-127740","1":"post","2":"type-post","3":"status-publish","4":"format-standard","5":"has-post-thumbnail","7":"category-mobiili","8":"tag-fi","9":"tag-finland","10":"tag-finnish","11":"tag-mobiili","12":"tag-mobile","13":"tag-nokian-uutiset","14":"tag-suomi","15":"tag-technology","16":"tag-teknologia"},"share_on_mastodon":{"url":"https:\/\/pubeurope.com\/@fi\/115796485710484855","error":""},"_links":{"self":[{"href":"https:\/\/www.europesays.com\/fi\/wp-json\/wp\/v2\/posts\/127740","targetHints":{"allow":["GET"]}}],"collection":[{"href":"https:\/\/www.europesays.com\/fi\/wp-json\/wp\/v2\/posts"}],"about":[{"href":"https:\/\/www.europesays.com\/fi\/wp-json\/wp\/v2\/types\/post"}],"author":[{"embeddable":true,"href":"https:\/\/www.europesays.com\/fi\/wp-json\/wp\/v2\/users\/2"}],"replies":[{"embeddable":true,"href":"https:\/\/www.europesays.com\/fi\/wp-json\/wp\/v2\/comments?post=127740"}],"version-history":[{"count":0,"href":"https:\/\/www.europesays.com\/fi\/wp-json\/wp\/v2\/posts\/127740\/revisions"}],"wp:featuredmedia":[{"embeddable":true,"href":"https:\/\/www.europesays.com\/fi\/wp-json\/wp\/v2\/media\/127741"}],"wp:attachment":[{"href":"https:\/\/www.europesays.com\/fi\/wp-json\/wp\/v2\/media?parent=127740"}],"wp:term":[{"taxonomy":"category","embeddable":true,"href":"https:\/\/www.europesays.com\/fi\/wp-json\/wp\/v2\/categories?post=127740"},{"taxonomy":"post_tag","embeddable":true,"href":"https:\/\/www.europesays.com\/fi\/wp-json\/wp\/v2\/tags?post=127740"}],"curies":[{"name":"wp","href":"https:\/\/api.w.org\/{rel}","templated":true}]}}